{"id":18341,"date":"2022-07-11T17:23:00","date_gmt":"2022-07-11T15:23:00","guid":{"rendered":"https:\/\/www.predsjednik.hr\/?post_type=news&#038;p=18341"},"modified":"2022-07-12T11:27:03","modified_gmt":"2022-07-12T09:27:03","slug":"president-milanovic-in-malta-entry-into-schengen-is-croatias-interest-i-expect-maltas-support","status":"publish","type":"news","link":"https:\/\/www.predsjednik.hr\/en\/news\/president-milanovic-in-malta-entry-into-schengen-is-croatias-interest-i-expect-maltas-support\/","title":{"rendered":"President Milanovi\u0107 in Malta: Entry into Schengen is Croatia\u2019s interest, I expect Malta\u2019s support"},"content":{"rendered":"\n<p>At the invitation of the President of the Republic of Malta George Vella, the President of the Republic of Croatia Zoran Milanovi\u0107 is on a return State visit to the Republic of Malta. After the official welcome ceremony in St. George\u2019s Square in Valletta, the two presidents held a t\u00eate-\u00e0-t\u00eate, followed by a bilateral meeting between the official delegations of the two states.<\/p>\n\n\n\n<p>In a statement to the media that followed the meetings, President Milanovi\u0107 said that they discussed topics that are important to Croatia, namely Croatia\u2019s entry into Schengen, the introduction of the euro and the status of Croats in Bosnia and Herzegovina. In terms of the introduction of the euro, President Milanovi\u0107 stated that the euro in Croatia is being treated as a foregone conclusion and something that seems to him to be an unstoppable fact.<\/p>\n\n\n\n<p>\u201cCroatia made the decision. We\u2019ll have to live with that decision. It\u2019s not some worrisome decision, it\u2019s been tested by a number of states so I hope for the best. Of course we are renouncing one of the basic tools of state sovereignty, monetary sovereignty. That\u2019s our currency which has been created in the tumultuous and turbulent years of our recent history\u201d, President Milanovi\u0107 noted.<\/p>\n\n\n\n<p>The second topic discussed was Schengen, for which President Milanovi\u0107 said it is an immediate Croatian interest because as he stated, \u201cwe are an open economy as all the EU economies should be by the virtue of EU texts and European tenets of free markets\u201d. He added that it is also a Croatian interest in terms of facilitating the flow of people who come to Croatia and participate in our tourist economy. In this regard he expects Malta\u2019s support.<\/p>\n\n\n\n<p>\u201cI will not take as a foregone conclusion that Croatia is joining the Schengen zone immediately but I hope for the best. So these are the specific issues I will discuss today with the other Malta\u2019s officials as well\u201d, President Milanovi\u0107 stated who will meet with the Speaker of the House of Representatives of the Parliament of the Republic of Malta An\u0121lu Farrugia, the Prime Minister of the Republic of Malta Robert Abela, and Opposition leader Bernard Grech.<\/p>\n\n\n\n<p>President Milanovi\u0107 said that he availed himself of the opportunity of his meeting with the President of the Republic of Malta to also discuss the issue of the right of Croats in Bosnia and Herzegovina to elect their legitimate representative in governing bodies. \u201cThat is unfortunately an issue where my feeling about this topic goes from disappointment to anger, and things are changing for the worst. The latest move to grant EU candidate status to Ukraine and Moldova and at the same time overlook Bosnia has nothing to do with prudent statesmanship, foresightedness and responsibility of international politics. That\u2019s something that really disappointed me\u201d, the Croatian President noted, and underlined that it can hardly be argued politically, tactically and ultimately ethically why the EU Council, as the &nbsp;body that eventually decides, didn\u2019t grant Bosnia candidate status. \u201cThat omission goes hand in hand with the other series of omissions that we are and have been witnessing in the western Balkans, such as the dynamics of the negotiating process of Montenegro and the failure to start accession talks of Albania and North Macedonia. And finally Serbia, which unfortunately picked its own way and is apparently not very interested in European processes and rules that have to be complied with at this very moment. Maybe they come back in reasonable time maybe not,\u201d President Milanovi\u0107 stated.<\/p>\n\n\n\n<p>Malta\u2019s President Vella stated that President Milanovi\u0107 and he discussed the status of Croats in Bosnia and Herzegovina and that he understands the Croatian president\u2019s sensitivity to this topic. The possibility of the western Balkan countries\u2019 membership help these countries in efforts to meet the conditions and resolve mutual problems, President Vella stated. He added that one wonders about the justification of individual western Balkan countries being overlooked, referring to North Macedonia and Albania, whle at the same time, after Russian aggression against Ukraine, other individual countries are significantly making progress.<\/p>\n\n\n\n<p>Not bringing into question the justification of the latter decisions, he underlined that decades-long efforts of some candidates from the western Balkans have not been honoured. \u201cA greater commitment on the part of the European Union towards western Balkan countries is needed. In addition to causing discontent in these countries, there is also a danger that these countries will turn to the influence of third countries. A more serious and clearer European prospect would contribute, among others, to the stability of South East Europe\u201d, President Vella stated.<\/p>\n\n\n\n<p>President Milanovi\u0107 also talked about the importance of national identity and in this context he underlined the specificity of Malta. In terms of Croatia he said that negotiations for EU membership were conducted with the knowledge that there are about 600 thousand Croatian citizens in Bosnia and Herzegovina. \u201cTherefore one cannot say that those people became Croatian citizens after Croatia\u2019s accession to the EU. They were there even before 2013. A large number of Croats who live in Croatia originate from Bosnia and Herzegovina. Croatia has the obligation to help these people, try to contribute to the resolution of their problems, but in a peaceful way\u201d, President Milanovi\u0107 stated.<\/p>\n\n\n<!--GALLERY BLOCK-->\n<div class=\"c-lightbox-gallery js-lightbox\">\n                <!--single-->\n            <a data-no-swup class=\"c-lightbox-gallery__single js-lightbox-single\"\n               href=\"https:\/\/www.predsjednik.hr\/wp-content\/uploads\/2022\/07\/DSC_0970-1024x683.jpg\"\n               style=\"background-image: url('https:\/\/www.predsjednik.hr\/wp-content\/uploads\/2022\/07\/DSC_0970-768x512.jpg')\"><\/a>\n            <!--end single-->\n                    <!--single-->\n            <a data-no-swup class=\"c-lightbox-gallery__single js-lightbox-single\"\n               href=\"https:\/\/www.predsjednik.hr\/wp-content\/uploads\/2022\/07\/DSC_0998-1024x683.jpg\"\n               style=\"background-image: url('https:\/\/www.predsjednik.hr\/wp-content\/uploads\/2022\/07\/DSC_0998-768x512.jpg')\"><\/a>\n            <!--end single-->\n                    <!--single-->\n            <a data-no-swup class=\"c-lightbox-gallery__single js-lightbox-single\"\n               href=\"https:\/\/www.predsjednik.hr\/wp-content\/uploads\/2022\/07\/DSC_1042-1024x620.jpg\"\n               style=\"background-image: url('https:\/\/www.predsjednik.hr\/wp-content\/uploads\/2022\/07\/DSC_1042-768x465.jpg')\"><\/a>\n            <!--end single-->\n                    <!--single-->\n            <a data-no-swup class=\"c-lightbox-gallery__single js-lightbox-single\"\n               href=\"https:\/\/www.predsjednik.hr\/wp-content\/uploads\/2022\/07\/DSC_1102-1024x683.jpg\"\n               style=\"background-image: url('https:\/\/www.predsjednik.hr\/wp-content\/uploads\/2022\/07\/DSC_1102-768x512.jpg')\"><\/a>\n            <!--end single-->\n                    <!--single-->\n            <a data-no-swup class=\"c-lightbox-gallery__single js-lightbox-single\"\n               href=\"https:\/\/www.predsjednik.hr\/wp-content\/uploads\/2022\/07\/DSC_1130-1024x683.jpg\"\n               style=\"background-image: url('https:\/\/www.predsjednik.hr\/wp-content\/uploads\/2022\/07\/DSC_1130-768x512.jpg')\"><\/a>\n            <!--end single-->\n                    <!--single-->\n            <a data-no-swup class=\"c-lightbox-gallery__single js-lightbox-single\"\n               href=\"https:\/\/www.predsjednik.hr\/wp-content\/uploads\/2022\/07\/DSC_1206-1024x683.jpg\"\n               style=\"background-image: url('https:\/\/www.predsjednik.hr\/wp-content\/uploads\/2022\/07\/DSC_1206-768x512.jpg')\"><\/a>\n            <!--end single-->\n                    <!--single-->\n            <a data-no-swup class=\"c-lightbox-gallery__single js-lightbox-single\"\n               href=\"https:\/\/www.predsjednik.hr\/wp-content\/uploads\/2022\/07\/DSC_1314-1024x683.jpg\"\n               style=\"background-image: url('https:\/\/www.predsjednik.hr\/wp-content\/uploads\/2022\/07\/DSC_1314-768x512.jpg')\"><\/a>\n            <!--end single-->\n                    <!--single-->\n            <a data-no-swup class=\"c-lightbox-gallery__single js-lightbox-single\"\n               href=\"https:\/\/www.predsjednik.hr\/wp-content\/uploads\/2022\/07\/DSC_1326-1024x683.jpg\"\n               style=\"background-image: url('https:\/\/www.predsjednik.hr\/wp-content\/uploads\/2022\/07\/DSC_1326-768x512.jpg')\"><\/a>\n            <!--end single-->\n                    <!--single-->\n            <a data-no-swup class=\"c-lightbox-gallery__single js-lightbox-single\"\n               href=\"https:\/\/www.predsjednik.hr\/wp-content\/uploads\/2022\/07\/DSC_1359-1024x683.jpg\"\n               style=\"background-image: url('https:\/\/www.predsjednik.hr\/wp-content\/uploads\/2022\/07\/DSC_1359-768x512.jpg')\"><\/a>\n            <!--end single-->\n                    <!--single-->\n            <a data-no-swup class=\"c-lightbox-gallery__single js-lightbox-single\"\n               href=\"https:\/\/www.predsjednik.hr\/wp-content\/uploads\/2022\/07\/DSC_1421-1024x683.jpg\"\n               style=\"background-image: url('https:\/\/www.predsjednik.hr\/wp-content\/uploads\/2022\/07\/DSC_1421-768x512.jpg')\"><\/a>\n            <!--end single-->\n                    <!--single-->\n            <a data-no-swup class=\"c-lightbox-gallery__single js-lightbox-single\"\n               href=\"https:\/\/www.predsjednik.hr\/wp-content\/uploads\/2022\/07\/DSC_1525-1-1024x578.jpg\"\n               style=\"background-image: url('https:\/\/www.predsjednik.hr\/wp-content\/uploads\/2022\/07\/DSC_1525-1-768x434.jpg')\"><\/a>\n            <!--end single-->\n                    <!--single-->\n            <a data-no-swup class=\"c-lightbox-gallery__single js-lightbox-single\"\n               href=\"https:\/\/www.predsjednik.hr\/wp-content\/uploads\/2022\/07\/DSC_1658-1024x683.jpg\"\n               style=\"background-image: url('https:\/\/www.predsjednik.hr\/wp-content\/uploads\/2022\/07\/DSC_1658-768x512.jpg')\"><\/a>\n            <!--end single-->\n                    <!--single-->\n            <a data-no-swup class=\"c-lightbox-gallery__single js-lightbox-single\"\n               href=\"https:\/\/www.predsjednik.hr\/wp-content\/uploads\/2022\/07\/DSC_1729-1024x683.jpg\"\n               style=\"background-image: url('https:\/\/www.predsjednik.hr\/wp-content\/uploads\/2022\/07\/DSC_1729-768x512.jpg')\"><\/a>\n            <!--end single-->\n                    <!--single-->\n            <a data-no-swup class=\"c-lightbox-gallery__single js-lightbox-single\"\n               href=\"https:\/\/www.predsjednik.hr\/wp-content\/uploads\/2022\/07\/DSC_1786-1024x683.jpg\"\n               style=\"background-image: url('https:\/\/www.predsjednik.hr\/wp-content\/uploads\/2022\/07\/DSC_1786-768x512.jpg')\"><\/a>\n            <!--end single-->\n                    <!--single-->\n            <a data-no-swup class=\"c-lightbox-gallery__single js-lightbox-single\"\n               href=\"https:\/\/www.predsjednik.hr\/wp-content\/uploads\/2022\/07\/DSC_1916-1024x567.jpg\"\n               style=\"background-image: url('https:\/\/www.predsjednik.hr\/wp-content\/uploads\/2022\/07\/DSC_1916-768x425.jpg')\"><\/a>\n            <!--end single-->\n                    <!--single-->\n            <a data-no-swup class=\"c-lightbox-gallery__single js-lightbox-single\"\n               href=\"https:\/\/www.predsjednik.hr\/wp-content\/uploads\/2022\/07\/DSC_2026-1024x718.jpg\"\n               style=\"background-image: url('https:\/\/www.predsjednik.hr\/wp-content\/uploads\/2022\/07\/DSC_2026-768x539.jpg')\"><\/a>\n            <!--end single-->\n                    <!--single-->\n            <a data-no-swup class=\"c-lightbox-gallery__single js-lightbox-single\"\n               href=\"https:\/\/www.predsjednik.hr\/wp-content\/uploads\/2022\/07\/DSC_2033-1024x658.jpg\"\n               style=\"background-image: url('https:\/\/www.predsjednik.hr\/wp-content\/uploads\/2022\/07\/DSC_2033-768x494.jpg')\"><\/a>\n            <!--end single-->\n        <\/div>\n<!--end GALLERY BLOCK-->\n\n\n\n<p>PHOTO: Office of the President of the Republic of Croatia \/ Tomislav Bu\u0161ljeta<\/p>\n","protected":false},"excerpt":{"rendered":"<p>In a statement to the media that followed the meetings, President Milanovi\u0107 said that they discussed topics that are important to Croatia, namely Croatia\u2019s entry into Schengen, the introduction of the euro and the status of Croats in Bosnia and Herzegovina. In terms of the introduction of the euro, President Milanovi\u0107 stated that the euro in Croatia is being treated as a foregone conclusion and something that seems to him to be an unstoppable fact.<\/p>\n","protected":false},"featured_media":18322,"template":"","news-cat":[12],"class_list":["post-18341","news","type-news","status-publish","has-post-thumbnail","hentry","news-cat-news"],"acf":[],"yoast_head":"<!-- This site is optimized with the Yoast SEO plugin v27.4 - https:\/\/yoast.com\/product\/yoast-seo-wordpress\/ -->\n<title>President Milanovi\u0107 in Malta: Entry into Schengen is Croatia\u2019s interest, I expect Malta\u2019s support - President of the Republic of Croatia - Zoran Milanovi\u0107<\/title>\n<meta name=\"robots\" content=\"index, follow, max-snippet:-1, max-image-preview:large, max-video-preview:-1\" \/>\n<link rel=\"canonical\" href=\"https:\/\/www.predsjednik.hr\/en\/news\/president-milanovic-in-malta-entry-into-schengen-is-croatias-interest-i-expect-maltas-support\/\" \/>\n<meta property=\"og:locale\" content=\"en_US\" \/>\n<meta property=\"og:type\" content=\"article\" \/>\n<meta property=\"og:title\" content=\"President Milanovi\u0107 in Malta: Entry into Schengen is Croatia\u2019s interest, I expect Malta\u2019s support - President of the Republic of Croatia - Zoran Milanovi\u0107\" \/>\n<meta property=\"og:description\" content=\"In a statement to the media that followed the meetings, President Milanovi\u0107 said that they discussed topics that are important to Croatia, namely Croatia\u2019s entry into Schengen, the introduction of the euro and the status of Croats in Bosnia and Herzegovina. In terms of the introduction of the euro, President Milanovi\u0107 stated that the euro in Croatia is being treated as a foregone conclusion and something that seems to him to be an unstoppable fact.\" \/>\n<meta property=\"og:url\" content=\"https:\/\/www.predsjednik.hr\/en\/news\/president-milanovic-in-malta-entry-into-schengen-is-croatias-interest-i-expect-maltas-support\/\" \/>\n<meta property=\"og:site_name\" content=\"President of the Republic of Croatia - Zoran Milanovi\u0107\" \/>\n<meta property=\"article:modified_time\" content=\"2022-07-12T09:27:03+00:00\" \/>\n<meta property=\"og:image\" content=\"https:\/\/www.predsjednik.hr\/wp-content\/uploads\/2022\/07\/DSC_1326.jpg\" \/>\n\t<meta property=\"og:image:width\" content=\"5313\" \/>\n\t<meta property=\"og:image:height\" content=\"3542\" \/>\n\t<meta property=\"og:image:type\" content=\"image\/jpeg\" \/>\n<meta name=\"twitter:card\" content=\"summary_large_image\" \/>\n<meta name=\"twitter:label1\" content=\"Est. reading time\" \/>\n\t<meta name=\"twitter:data1\" content=\"5 minutes\" \/>\n<script type=\"application\/ld+json\" class=\"yoast-schema-graph\">{\"@context\":\"https:\\\/\\\/schema.org\",\"@graph\":[{\"@type\":\"WebPage\",\"@id\":\"https:\\\/\\\/www.predsjednik.hr\\\/en\\\/news\\\/president-milanovic-in-malta-entry-into-schengen-is-croatias-interest-i-expect-maltas-support\\\/\",\"url\":\"https:\\\/\\\/www.predsjednik.hr\\\/en\\\/news\\\/president-milanovic-in-malta-entry-into-schengen-is-croatias-interest-i-expect-maltas-support\\\/\",\"name\":\"President Milanovi\u0107 in Malta: Entry into Schengen is Croatia\u2019s interest, I expect Malta\u2019s support - President of the Republic of Croatia - Zoran Milanovi\u0107\",\"isPartOf\":{\"@id\":\"https:\\\/\\\/www.predsjednik.hr\\\/en\\\/#website\"},\"primaryImageOfPage\":{\"@id\":\"https:\\\/\\\/www.predsjednik.hr\\\/en\\\/news\\\/president-milanovic-in-malta-entry-into-schengen-is-croatias-interest-i-expect-maltas-support\\\/#primaryimage\"},\"image\":{\"@id\":\"https:\\\/\\\/www.predsjednik.hr\\\/en\\\/news\\\/president-milanovic-in-malta-entry-into-schengen-is-croatias-interest-i-expect-maltas-support\\\/#primaryimage\"},\"thumbnailUrl\":\"https:\\\/\\\/www.predsjednik.hr\\\/wp-content\\\/uploads\\\/2022\\\/07\\\/DSC_1326.jpg\",\"datePublished\":\"2022-07-11T15:23:00+00:00\",\"dateModified\":\"2022-07-12T09:27:03+00:00\",\"breadcrumb\":{\"@id\":\"https:\\\/\\\/www.predsjednik.hr\\\/en\\\/news\\\/president-milanovic-in-malta-entry-into-schengen-is-croatias-interest-i-expect-maltas-support\\\/#breadcrumb\"},\"inLanguage\":\"en-US\",\"potentialAction\":[{\"@type\":\"ReadAction\",\"target\":[\"https:\\\/\\\/www.predsjednik.hr\\\/en\\\/news\\\/president-milanovic-in-malta-entry-into-schengen-is-croatias-interest-i-expect-maltas-support\\\/\"]}]},{\"@type\":\"ImageObject\",\"inLanguage\":\"en-US\",\"@id\":\"https:\\\/\\\/www.predsjednik.hr\\\/en\\\/news\\\/president-milanovic-in-malta-entry-into-schengen-is-croatias-interest-i-expect-maltas-support\\\/#primaryimage\",\"url\":\"https:\\\/\\\/www.predsjednik.hr\\\/wp-content\\\/uploads\\\/2022\\\/07\\\/DSC_1326.jpg\",\"contentUrl\":\"https:\\\/\\\/www.predsjednik.hr\\\/wp-content\\\/uploads\\\/2022\\\/07\\\/DSC_1326.jpg\",\"width\":5313,\"height\":3542,\"caption\":\"At the invitation of the President of the Republic of Malta George Vella, the President of the Republic of Croatia Zoran Milanovi\u0107 is on a return State visit to the Republic of Malta.\"},{\"@type\":\"BreadcrumbList\",\"@id\":\"https:\\\/\\\/www.predsjednik.hr\\\/en\\\/news\\\/president-milanovic-in-malta-entry-into-schengen-is-croatias-interest-i-expect-maltas-support\\\/#breadcrumb\",\"itemListElement\":[{\"@type\":\"ListItem\",\"position\":1,\"name\":\"Home\",\"item\":\"https:\\\/\\\/www.predsjednik.hr\\\/en\\\/\"},{\"@type\":\"ListItem\",\"position\":2,\"name\":\"Vijesti\",\"item\":\"https:\\\/\\\/www.predsjednik.hr\\\/en\\\/news\\\/\"},{\"@type\":\"ListItem\",\"position\":3,\"name\":\"President Milanovi\u0107 in Malta: Entry into Schengen is Croatia\u2019s interest, I expect Malta\u2019s support\"}]},{\"@type\":\"WebSite\",\"@id\":\"https:\\\/\\\/www.predsjednik.hr\\\/en\\\/#website\",\"url\":\"https:\\\/\\\/www.predsjednik.hr\\\/en\\\/\",\"name\":\"President of the Republic of Croatia - Zoran Milanovi\u0107\",\"description\":\"Just another WordPress site\",\"potentialAction\":[{\"@type\":\"SearchAction\",\"target\":{\"@type\":\"EntryPoint\",\"urlTemplate\":\"https:\\\/\\\/www.predsjednik.hr\\\/en\\\/?s={search_term_string}\"},\"query-input\":{\"@type\":\"PropertyValueSpecification\",\"valueRequired\":true,\"valueName\":\"search_term_string\"}}],\"inLanguage\":\"en-US\"}]}<\/script>\n<!-- \/ Yoast SEO plugin. -->","yoast_head_json":{"title":"President Milanovi\u0107 in Malta: Entry into Schengen is Croatia\u2019s interest, I expect Malta\u2019s support - President of the Republic of Croatia - Zoran Milanovi\u0107","robots":{"index":"index","follow":"follow","max-snippet":"max-snippet:-1","max-image-preview":"max-image-preview:large","max-video-preview":"max-video-preview:-1"},"canonical":"https:\/\/www.predsjednik.hr\/en\/news\/president-milanovic-in-malta-entry-into-schengen-is-croatias-interest-i-expect-maltas-support\/","og_locale":"en_US","og_type":"article","og_title":"President Milanovi\u0107 in Malta: Entry into Schengen is Croatia\u2019s interest, I expect Malta\u2019s support - President of the Republic of Croatia - Zoran Milanovi\u0107","og_description":"In a statement to the media that followed the meetings, President Milanovi\u0107 said that they discussed topics that are important to Croatia, namely Croatia\u2019s entry into Schengen, the introduction of the euro and the status of Croats in Bosnia and Herzegovina. In terms of the introduction of the euro, President Milanovi\u0107 stated that the euro in Croatia is being treated as a foregone conclusion and something that seems to him to be an unstoppable fact.","og_url":"https:\/\/www.predsjednik.hr\/en\/news\/president-milanovic-in-malta-entry-into-schengen-is-croatias-interest-i-expect-maltas-support\/","og_site_name":"President of the Republic of Croatia - Zoran Milanovi\u0107","article_modified_time":"2022-07-12T09:27:03+00:00","og_image":[{"width":5313,"height":3542,"url":"https:\/\/www.predsjednik.hr\/wp-content\/uploads\/2022\/07\/DSC_1326.jpg","type":"image\/jpeg"}],"twitter_card":"summary_large_image","twitter_misc":{"Est. reading time":"5 minutes"},"schema":{"@context":"https:\/\/schema.org","@graph":[{"@type":"WebPage","@id":"https:\/\/www.predsjednik.hr\/en\/news\/president-milanovic-in-malta-entry-into-schengen-is-croatias-interest-i-expect-maltas-support\/","url":"https:\/\/www.predsjednik.hr\/en\/news\/president-milanovic-in-malta-entry-into-schengen-is-croatias-interest-i-expect-maltas-support\/","name":"President Milanovi\u0107 in Malta: Entry into Schengen is Croatia\u2019s interest, I expect Malta\u2019s support - President of the Republic of Croatia - Zoran Milanovi\u0107","isPartOf":{"@id":"https:\/\/www.predsjednik.hr\/en\/#website"},"primaryImageOfPage":{"@id":"https:\/\/www.predsjednik.hr\/en\/news\/president-milanovic-in-malta-entry-into-schengen-is-croatias-interest-i-expect-maltas-support\/#primaryimage"},"image":{"@id":"https:\/\/www.predsjednik.hr\/en\/news\/president-milanovic-in-malta-entry-into-schengen-is-croatias-interest-i-expect-maltas-support\/#primaryimage"},"thumbnailUrl":"https:\/\/www.predsjednik.hr\/wp-content\/uploads\/2022\/07\/DSC_1326.jpg","datePublished":"2022-07-11T15:23:00+00:00","dateModified":"2022-07-12T09:27:03+00:00","breadcrumb":{"@id":"https:\/\/www.predsjednik.hr\/en\/news\/president-milanovic-in-malta-entry-into-schengen-is-croatias-interest-i-expect-maltas-support\/#breadcrumb"},"inLanguage":"en-US","potentialAction":[{"@type":"ReadAction","target":["https:\/\/www.predsjednik.hr\/en\/news\/president-milanovic-in-malta-entry-into-schengen-is-croatias-interest-i-expect-maltas-support\/"]}]},{"@type":"ImageObject","inLanguage":"en-US","@id":"https:\/\/www.predsjednik.hr\/en\/news\/president-milanovic-in-malta-entry-into-schengen-is-croatias-interest-i-expect-maltas-support\/#primaryimage","url":"https:\/\/www.predsjednik.hr\/wp-content\/uploads\/2022\/07\/DSC_1326.jpg","contentUrl":"https:\/\/www.predsjednik.hr\/wp-content\/uploads\/2022\/07\/DSC_1326.jpg","width":5313,"height":3542,"caption":"At the invitation of the President of the Republic of Malta George Vella, the President of the Republic of Croatia Zoran Milanovi\u0107 is on a return State visit to the Republic of Malta."},{"@type":"BreadcrumbList","@id":"https:\/\/www.predsjednik.hr\/en\/news\/president-milanovic-in-malta-entry-into-schengen-is-croatias-interest-i-expect-maltas-support\/#breadcrumb","itemListElement":[{"@type":"ListItem","position":1,"name":"Home","item":"https:\/\/www.predsjednik.hr\/en\/"},{"@type":"ListItem","position":2,"name":"Vijesti","item":"https:\/\/www.predsjednik.hr\/en\/news\/"},{"@type":"ListItem","position":3,"name":"President Milanovi\u0107 in Malta: Entry into Schengen is Croatia\u2019s interest, I expect Malta\u2019s support"}]},{"@type":"WebSite","@id":"https:\/\/www.predsjednik.hr\/en\/#website","url":"https:\/\/www.predsjednik.hr\/en\/","name":"President of the Republic of Croatia - Zoran Milanovi\u0107","description":"Just another WordPress site","potentialAction":[{"@type":"SearchAction","target":{"@type":"EntryPoint","urlTemplate":"https:\/\/www.predsjednik.hr\/en\/?s={search_term_string}"},"query-input":{"@type":"PropertyValueSpecification","valueRequired":true,"valueName":"search_term_string"}}],"inLanguage":"en-US"}]}},"_links":{"self":[{"href":"https:\/\/www.predsjednik.hr\/en\/wp-json\/wp\/v2\/news\/18341","targetHints":{"allow":["GET"]}}],"collection":[{"href":"https:\/\/www.predsjednik.hr\/en\/wp-json\/wp\/v2\/news"}],"about":[{"href":"https:\/\/www.predsjednik.hr\/en\/wp-json\/wp\/v2\/types\/news"}],"wp:featuredmedia":[{"embeddable":true,"href":"https:\/\/www.predsjednik.hr\/en\/wp-json\/wp\/v2\/media\/18322"}],"wp:attachment":[{"href":"https:\/\/www.predsjednik.hr\/en\/wp-json\/wp\/v2\/media?parent=18341"}],"wp:term":[{"taxonomy":"news-cat","embeddable":true,"href":"https:\/\/www.predsjednik.hr\/en\/wp-json\/wp\/v2\/news-cat?post=18341"}],"curies":[{"name":"wp","href":"https:\/\/api.w.org\/{rel}","templated":true}]}}