{"id":21148,"date":"2023-01-15T15:37:00","date_gmt":"2023-01-15T14:37:00","guid":{"rendered":"https:\/\/www.predsjednik.hr\/?post_type=news&#038;p=21148"},"modified":"2023-01-16T11:39:17","modified_gmt":"2023-01-16T10:39:17","slug":"president-milanovic-sends-message-to-serbia-dont-expect-croatian-support-for-eu-as-long-as-croatian-generals-are-being-indicted","status":"publish","type":"news","link":"https:\/\/www.predsjednik.hr\/en\/news\/president-milanovic-sends-message-to-serbia-dont-expect-croatian-support-for-eu-as-long-as-croatian-generals-are-being-indicted\/","title":{"rendered":"President Milanovi\u0107 sends message to Serbia: Don\u2019t expect Croatian support for EU as long as Croatian generals are being indicted"},"content":{"rendered":"\n<p>\u201cSerbia must decide where it belongs. Serbia cannot pretend to want to join the European Union and have relations with Russia at the same time, albeit legitimate, but that are not conducive to EU accession, and Serbia has to decide. As long as Serbia plans to indict Croatian generals for events in 1995 on the territory of a third country, Bosnia and Herzegovina, it will not have our support, it must realize that it won\u2019t get it, and we can&#8217;t tolerate that\u201d, the President of the Republic Zoran Milanovi\u0107 stated at a ceremony marking the 31<sup>st<\/sup> anniversary of the international recognition of the Republic of Croatia and the 25<sup>th<\/sup> anniversary of the completion of the peaceful reintegration of the Croatian Danube Region, and the conclusion of the UNTAES mandate.<\/p>\n\n\n\n<p>In addressing the gathering, President Milanovi\u0107 thanked and congratulated the Croatian defenders and in particular those who participated in the peaceful reintegration, Vesna \u0160kare O\u017ebolt and Ivica Vrki\u0107. He regretted the absence of political representatives of Croatian Serbs at today&#8217;s event. \u201cThis story is about us, it is common to us. In the past 25 years, life has been peaceful and safe here, although not idyllic\u201d, he noted.<\/p>\n\n\n\n<p>In terms of Croatia\u2019s path to freedom, statehood and independence, President Milanovi\u0107 underlined that Croatia acted according to the rule and as it should have. \u201cCroatia embarked on its difficult and glorious journey of fighting for the state in impossible conditions and showed good will from the start, adopted the Constitutional Law on the Rights of National Minorities \u2013 which should have been adopted prior to recognition \u2013 which contains standards that essentially are non-existent in most of Europe. And then came the attacks, the war, Vukovar, recognition and the defence of Croatia, the defence of Bosnia and Herzegovina\u201d, President Milanovi\u0107 highlighted, noting that no one came to Croatia\u2019s aid.<\/p>\n\n\n\n<p>\u201cThe war was won in 1995 thanks to the wisdom, courage and good organizational skills of a number of people, a small number of good people, and wartime president Dr. Tu\u0111man. Croatia won in 1995 in a smart and quick way because there were no weapons. Care was taken for every human life\u201d, the President stated, underlining that the decision on the peaceful reintegration of the Croatian Danube Region was smart and humane.<\/p>\n\n\n\n<p>In this context he said that the greatest assistance was received from the United States underlining it was their operation that saved lives and enabled us to get what is ours. \u201cThat is the only thing I consider a friendly and active contribution and assistance to the Croatian side. As far as friends and allies in the past thirty years are concerned, I can name only Germany, Austria and Hungary, nobody else. The attitude towards Croatia was ever non-existent and unworthy from the very beginning. Not only were we under an embargo, but they threatened us with sanctions on a daily basis, no one prompted us to launch the liberation of the entire so-called Krajina region. That was our decision, the decision of our leadership headed by the Commander in Chief of the time Dr. Tu\u0111man and the military leadership that planned it. Our allies and friends were at best silent\u201d, President Milanovi\u0107 stated.<\/p>\n\n\n\n<p>As for the Homeland War, the President said that it was the hardest of all wars because it was a war of hatred and vengeance. \u201cAnd after all that, in order to have enough wisdom, patience and tolerance to accept a normal life \u2013 two sides are needed. I invite all political representatives of Serbs to respect the Croatian state in their speeches. They don\u2019t have to be servile and submissive, but they shouldn\u2019t say that Operation Storm was ethnic cleansing, because it was not,&#8221; President Milanovi\u0107 noted in concluding his address.<\/p>\n\n\n\n<p>Also speaking at the ceremony besides President Milanovi\u0107 were the Mayor of Vukovar Ivan Penava, former Adviser to the first Croatian President Dr. Franjo Tu\u0111man and Chair of the National Committee for Restoring Trust during the Peaceful Integration Process of the Croatian Danube Region Vesna \u0160kare O\u017ebolt, Vukovar-Srijem County-Prefect Damir Dekani\u0107 and Defence Minister and Prime Minister\u2019s delegate Mario Bano\u017ei\u0107.<\/p>\n\n\n\n<p>On the occasion of the 31<sup>st<\/sup> anniversary of the international recognition of the Republic of Croatia and the 25<sup>th<\/sup> anniversary of the completion of the peaceful reintegration of the Croatian Danube Region and the conclusion of the UNTAES mandate, the President of the Republic laid a wreath and light a candle in memory of the victims of the Homeland War at the Memorial in the Memorial Cemetery to the Homeland War Victims. Alongside President Milanovi\u0107 were the Adviser to the President for Human Rights and Civil Society Melita Muli\u0107, the Special Adviser to the President for Homeland War Veterans Marijan Marekovi\u0107, the Deputy Commander of the Croatian Army\u2019s Guards Armoured Mechanized Brigade Colonel Davor Josip Babi\u0107 and the Commander of the Engineering Battalion of the Guards Armoured Mechanized Brigade Lieutenant Colonel Ivan Liovi\u0107.<\/p>\n\n\n<!--GALLERY BLOCK-->\n<div class=\"c-lightbox-gallery js-lightbox\">\n                <!--single-->\n            <a data-no-swup class=\"c-lightbox-gallery__single js-lightbox-single\"\n               href=\"https:\/\/www.predsjednik.hr\/wp-content\/uploads\/2023\/01\/DSC_2993-1024x576.jpg\"\n               style=\"background-image: url('https:\/\/www.predsjednik.hr\/wp-content\/uploads\/2023\/01\/DSC_2993-768x432.jpg')\"><\/a>\n            <!--end single-->\n                    <!--single-->\n            <a data-no-swup class=\"c-lightbox-gallery__single js-lightbox-single\"\n               href=\"https:\/\/www.predsjednik.hr\/wp-content\/uploads\/2023\/01\/DSC_3011-1024x576.jpg\"\n               style=\"background-image: url('https:\/\/www.predsjednik.hr\/wp-content\/uploads\/2023\/01\/DSC_3011-768x432.jpg')\"><\/a>\n            <!--end single-->\n                    <!--single-->\n            <a data-no-swup class=\"c-lightbox-gallery__single js-lightbox-single\"\n               href=\"https:\/\/www.predsjednik.hr\/wp-content\/uploads\/2023\/01\/DSC_3027-1024x576.jpg\"\n               style=\"background-image: url('https:\/\/www.predsjednik.hr\/wp-content\/uploads\/2023\/01\/DSC_3027-768x432.jpg')\"><\/a>\n            <!--end single-->\n                    <!--single-->\n            <a data-no-swup class=\"c-lightbox-gallery__single js-lightbox-single\"\n               href=\"https:\/\/www.predsjednik.hr\/wp-content\/uploads\/2023\/01\/DSC_3069-1024x576.jpg\"\n               style=\"background-image: url('https:\/\/www.predsjednik.hr\/wp-content\/uploads\/2023\/01\/DSC_3069-768x432.jpg')\"><\/a>\n            <!--end single-->\n                    <!--single-->\n            <a data-no-swup class=\"c-lightbox-gallery__single js-lightbox-single\"\n               href=\"https:\/\/www.predsjednik.hr\/wp-content\/uploads\/2023\/01\/DSC_3126-1024x576.jpg\"\n               style=\"background-image: url('https:\/\/www.predsjednik.hr\/wp-content\/uploads\/2023\/01\/DSC_3126-768x432.jpg')\"><\/a>\n            <!--end single-->\n                    <!--single-->\n            <a data-no-swup class=\"c-lightbox-gallery__single js-lightbox-single\"\n               href=\"https:\/\/www.predsjednik.hr\/wp-content\/uploads\/2023\/01\/DSC_3141-1024x576.jpg\"\n               style=\"background-image: url('https:\/\/www.predsjednik.hr\/wp-content\/uploads\/2023\/01\/DSC_3141-768x432.jpg')\"><\/a>\n            <!--end single-->\n                    <!--single-->\n            <a data-no-swup class=\"c-lightbox-gallery__single js-lightbox-single\"\n               href=\"https:\/\/www.predsjednik.hr\/wp-content\/uploads\/2023\/01\/DSC_3173-1024x576.jpg\"\n               style=\"background-image: url('https:\/\/www.predsjednik.hr\/wp-content\/uploads\/2023\/01\/DSC_3173-768x432.jpg')\"><\/a>\n            <!--end single-->\n                    <!--single-->\n            <a data-no-swup class=\"c-lightbox-gallery__single js-lightbox-single\"\n               href=\"https:\/\/www.predsjednik.hr\/wp-content\/uploads\/2023\/01\/DSC_3177-1024x576.jpg\"\n               style=\"background-image: url('https:\/\/www.predsjednik.hr\/wp-content\/uploads\/2023\/01\/DSC_3177-768x432.jpg')\"><\/a>\n            <!--end single-->\n        <\/div>\n<!--end GALLERY BLOCK-->\n\n\n\n<p>PHOTO: Office of the President of the Republic of Croatia \/ Ana Marija Kati\u0107<\/p>\n","protected":false},"excerpt":{"rendered":"<p>\u201cSerbia must decide where it belongs. Serbia cannot pretend to want to join the European Union and have relations with Russia at the same time, albeit legitimate, but that are not conducive to EU accession, and Serbia has to decide. As long as Serbia plans to indict Croatian generals for events in 1995 on the territory of a third country, Bosnia and Herzegovina, it will not have our support, it must realize that it won\u2019t get it, and we can&#8217;t tolerate that\u201d, the President of the Republic Zoran Milanovi\u0107 stated at a ceremony marking the 31st anniversary of the international recognition of the Republic of Croatia and the 25th anniversary of the completion of the peaceful reintegration of the Croatian Danube Region, and the conclusion of the UNTAES mandate.<\/p>\n","protected":false},"featured_media":21133,"template":"","news-cat":[12],"class_list":["post-21148","news","type-news","status-publish","has-post-thumbnail","hentry","news-cat-news"],"acf":[],"yoast_head":"<!-- This site is optimized with the Yoast SEO plugin v27.4 - https:\/\/yoast.com\/product\/yoast-seo-wordpress\/ -->\n<title>President Milanovi\u0107 sends message to Serbia: Don\u2019t expect Croatian support for EU as long as Croatian generals are being indicted - President of the Republic of Croatia - Zoran Milanovi\u0107<\/title>\n<meta name=\"robots\" content=\"index, follow, max-snippet:-1, max-image-preview:large, max-video-preview:-1\" \/>\n<link rel=\"canonical\" href=\"https:\/\/www.predsjednik.hr\/en\/news\/president-milanovic-sends-message-to-serbia-dont-expect-croatian-support-for-eu-as-long-as-croatian-generals-are-being-indicted\/\" \/>\n<meta property=\"og:locale\" content=\"en_US\" \/>\n<meta property=\"og:type\" content=\"article\" \/>\n<meta property=\"og:title\" content=\"President Milanovi\u0107 sends message to Serbia: Don\u2019t expect Croatian support for EU as long as Croatian generals are being indicted - President of the Republic of Croatia - Zoran Milanovi\u0107\" \/>\n<meta property=\"og:description\" content=\"\u201cSerbia must decide where it belongs. Serbia cannot pretend to want to join the European Union and have relations with Russia at the same time, albeit legitimate, but that are not conducive to EU accession, and Serbia has to decide. As long as Serbia plans to indict Croatian generals for events in 1995 on the territory of a third country, Bosnia and Herzegovina, it will not have our support, it must realize that it won\u2019t get it, and we can&#039;t tolerate that\u201d, the President of the Republic Zoran Milanovi\u0107 stated at a ceremony marking the 31st anniversary of the international recognition of the Republic of Croatia and the 25th anniversary of the completion of the peaceful reintegration of the Croatian Danube Region, and the conclusion of the UNTAES mandate.\" \/>\n<meta property=\"og:url\" content=\"https:\/\/www.predsjednik.hr\/en\/news\/president-milanovic-sends-message-to-serbia-dont-expect-croatian-support-for-eu-as-long-as-croatian-generals-are-being-indicted\/\" \/>\n<meta property=\"og:site_name\" content=\"President of the Republic of Croatia - Zoran Milanovi\u0107\" \/>\n<meta property=\"article:modified_time\" content=\"2023-01-16T10:39:17+00:00\" \/>\n<meta property=\"og:image\" content=\"https:\/\/www.predsjednik.hr\/wp-content\/uploads\/2023\/01\/DSC_3027.jpg\" \/>\n\t<meta property=\"og:image:width\" content=\"4096\" \/>\n\t<meta property=\"og:image:height\" content=\"2304\" \/>\n\t<meta property=\"og:image:type\" content=\"image\/jpeg\" \/>\n<meta name=\"twitter:card\" content=\"summary_large_image\" \/>\n<meta name=\"twitter:label1\" content=\"Est. reading time\" \/>\n\t<meta name=\"twitter:data1\" content=\"4 minutes\" \/>\n<script type=\"application\/ld+json\" class=\"yoast-schema-graph\">{\"@context\":\"https:\\\/\\\/schema.org\",\"@graph\":[{\"@type\":\"WebPage\",\"@id\":\"https:\\\/\\\/www.predsjednik.hr\\\/en\\\/news\\\/president-milanovic-sends-message-to-serbia-dont-expect-croatian-support-for-eu-as-long-as-croatian-generals-are-being-indicted\\\/\",\"url\":\"https:\\\/\\\/www.predsjednik.hr\\\/en\\\/news\\\/president-milanovic-sends-message-to-serbia-dont-expect-croatian-support-for-eu-as-long-as-croatian-generals-are-being-indicted\\\/\",\"name\":\"President Milanovi\u0107 sends message to Serbia: Don\u2019t expect Croatian support for EU as long as Croatian generals are being indicted - President of the Republic of Croatia - Zoran Milanovi\u0107\",\"isPartOf\":{\"@id\":\"https:\\\/\\\/www.predsjednik.hr\\\/en\\\/#website\"},\"primaryImageOfPage\":{\"@id\":\"https:\\\/\\\/www.predsjednik.hr\\\/en\\\/news\\\/president-milanovic-sends-message-to-serbia-dont-expect-croatian-support-for-eu-as-long-as-croatian-generals-are-being-indicted\\\/#primaryimage\"},\"image\":{\"@id\":\"https:\\\/\\\/www.predsjednik.hr\\\/en\\\/news\\\/president-milanovic-sends-message-to-serbia-dont-expect-croatian-support-for-eu-as-long-as-croatian-generals-are-being-indicted\\\/#primaryimage\"},\"thumbnailUrl\":\"https:\\\/\\\/www.predsjednik.hr\\\/wp-content\\\/uploads\\\/2023\\\/01\\\/DSC_3027.jpg\",\"datePublished\":\"2023-01-15T14:37:00+00:00\",\"dateModified\":\"2023-01-16T10:39:17+00:00\",\"breadcrumb\":{\"@id\":\"https:\\\/\\\/www.predsjednik.hr\\\/en\\\/news\\\/president-milanovic-sends-message-to-serbia-dont-expect-croatian-support-for-eu-as-long-as-croatian-generals-are-being-indicted\\\/#breadcrumb\"},\"inLanguage\":\"en-US\",\"potentialAction\":[{\"@type\":\"ReadAction\",\"target\":[\"https:\\\/\\\/www.predsjednik.hr\\\/en\\\/news\\\/president-milanovic-sends-message-to-serbia-dont-expect-croatian-support-for-eu-as-long-as-croatian-generals-are-being-indicted\\\/\"]}]},{\"@type\":\"ImageObject\",\"inLanguage\":\"en-US\",\"@id\":\"https:\\\/\\\/www.predsjednik.hr\\\/en\\\/news\\\/president-milanovic-sends-message-to-serbia-dont-expect-croatian-support-for-eu-as-long-as-croatian-generals-are-being-indicted\\\/#primaryimage\",\"url\":\"https:\\\/\\\/www.predsjednik.hr\\\/wp-content\\\/uploads\\\/2023\\\/01\\\/DSC_3027.jpg\",\"contentUrl\":\"https:\\\/\\\/www.predsjednik.hr\\\/wp-content\\\/uploads\\\/2023\\\/01\\\/DSC_3027.jpg\",\"width\":4096,\"height\":2304,\"caption\":\"Predsjednik Republike Zoran Milanovi\u0107 sudjelovao je u Vukovaru na obilje\u017eavanju 31. godi\u0161njice me\u0111unarodnog priznanja Republike Hrvatske i 25. obljetnice zavr\u0161etka mirne reintegracije hrvatskog Podunavlja te zavr\u0161etka mandata UNTAES-a.\"},{\"@type\":\"BreadcrumbList\",\"@id\":\"https:\\\/\\\/www.predsjednik.hr\\\/en\\\/news\\\/president-milanovic-sends-message-to-serbia-dont-expect-croatian-support-for-eu-as-long-as-croatian-generals-are-being-indicted\\\/#breadcrumb\",\"itemListElement\":[{\"@type\":\"ListItem\",\"position\":1,\"name\":\"Home\",\"item\":\"https:\\\/\\\/www.predsjednik.hr\\\/en\\\/\"},{\"@type\":\"ListItem\",\"position\":2,\"name\":\"Vijesti\",\"item\":\"https:\\\/\\\/www.predsjednik.hr\\\/en\\\/news\\\/\"},{\"@type\":\"ListItem\",\"position\":3,\"name\":\"President Milanovi\u0107 sends message to Serbia: Don\u2019t expect Croatian support for EU as long as Croatian generals are being indicted\"}]},{\"@type\":\"WebSite\",\"@id\":\"https:\\\/\\\/www.predsjednik.hr\\\/en\\\/#website\",\"url\":\"https:\\\/\\\/www.predsjednik.hr\\\/en\\\/\",\"name\":\"President of the Republic of Croatia - Zoran Milanovi\u0107\",\"description\":\"Just another WordPress site\",\"potentialAction\":[{\"@type\":\"SearchAction\",\"target\":{\"@type\":\"EntryPoint\",\"urlTemplate\":\"https:\\\/\\\/www.predsjednik.hr\\\/en\\\/?s={search_term_string}\"},\"query-input\":{\"@type\":\"PropertyValueSpecification\",\"valueRequired\":true,\"valueName\":\"search_term_string\"}}],\"inLanguage\":\"en-US\"}]}<\/script>\n<!-- \/ Yoast SEO plugin. -->","yoast_head_json":{"title":"President Milanovi\u0107 sends message to Serbia: Don\u2019t expect Croatian support for EU as long as Croatian generals are being indicted - President of the Republic of Croatia - Zoran Milanovi\u0107","robots":{"index":"index","follow":"follow","max-snippet":"max-snippet:-1","max-image-preview":"max-image-preview:large","max-video-preview":"max-video-preview:-1"},"canonical":"https:\/\/www.predsjednik.hr\/en\/news\/president-milanovic-sends-message-to-serbia-dont-expect-croatian-support-for-eu-as-long-as-croatian-generals-are-being-indicted\/","og_locale":"en_US","og_type":"article","og_title":"President Milanovi\u0107 sends message to Serbia: Don\u2019t expect Croatian support for EU as long as Croatian generals are being indicted - President of the Republic of Croatia - Zoran Milanovi\u0107","og_description":"\u201cSerbia must decide where it belongs. Serbia cannot pretend to want to join the European Union and have relations with Russia at the same time, albeit legitimate, but that are not conducive to EU accession, and Serbia has to decide. As long as Serbia plans to indict Croatian generals for events in 1995 on the territory of a third country, Bosnia and Herzegovina, it will not have our support, it must realize that it won\u2019t get it, and we can't tolerate that\u201d, the President of the Republic Zoran Milanovi\u0107 stated at a ceremony marking the 31st anniversary of the international recognition of the Republic of Croatia and the 25th anniversary of the completion of the peaceful reintegration of the Croatian Danube Region, and the conclusion of the UNTAES mandate.","og_url":"https:\/\/www.predsjednik.hr\/en\/news\/president-milanovic-sends-message-to-serbia-dont-expect-croatian-support-for-eu-as-long-as-croatian-generals-are-being-indicted\/","og_site_name":"President of the Republic of Croatia - Zoran Milanovi\u0107","article_modified_time":"2023-01-16T10:39:17+00:00","og_image":[{"width":4096,"height":2304,"url":"https:\/\/www.predsjednik.hr\/wp-content\/uploads\/2023\/01\/DSC_3027.jpg","type":"image\/jpeg"}],"twitter_card":"summary_large_image","twitter_misc":{"Est. reading time":"4 minutes"},"schema":{"@context":"https:\/\/schema.org","@graph":[{"@type":"WebPage","@id":"https:\/\/www.predsjednik.hr\/en\/news\/president-milanovic-sends-message-to-serbia-dont-expect-croatian-support-for-eu-as-long-as-croatian-generals-are-being-indicted\/","url":"https:\/\/www.predsjednik.hr\/en\/news\/president-milanovic-sends-message-to-serbia-dont-expect-croatian-support-for-eu-as-long-as-croatian-generals-are-being-indicted\/","name":"President Milanovi\u0107 sends message to Serbia: Don\u2019t expect Croatian support for EU as long as Croatian generals are being indicted - President of the Republic of Croatia - Zoran Milanovi\u0107","isPartOf":{"@id":"https:\/\/www.predsjednik.hr\/en\/#website"},"primaryImageOfPage":{"@id":"https:\/\/www.predsjednik.hr\/en\/news\/president-milanovic-sends-message-to-serbia-dont-expect-croatian-support-for-eu-as-long-as-croatian-generals-are-being-indicted\/#primaryimage"},"image":{"@id":"https:\/\/www.predsjednik.hr\/en\/news\/president-milanovic-sends-message-to-serbia-dont-expect-croatian-support-for-eu-as-long-as-croatian-generals-are-being-indicted\/#primaryimage"},"thumbnailUrl":"https:\/\/www.predsjednik.hr\/wp-content\/uploads\/2023\/01\/DSC_3027.jpg","datePublished":"2023-01-15T14:37:00+00:00","dateModified":"2023-01-16T10:39:17+00:00","breadcrumb":{"@id":"https:\/\/www.predsjednik.hr\/en\/news\/president-milanovic-sends-message-to-serbia-dont-expect-croatian-support-for-eu-as-long-as-croatian-generals-are-being-indicted\/#breadcrumb"},"inLanguage":"en-US","potentialAction":[{"@type":"ReadAction","target":["https:\/\/www.predsjednik.hr\/en\/news\/president-milanovic-sends-message-to-serbia-dont-expect-croatian-support-for-eu-as-long-as-croatian-generals-are-being-indicted\/"]}]},{"@type":"ImageObject","inLanguage":"en-US","@id":"https:\/\/www.predsjednik.hr\/en\/news\/president-milanovic-sends-message-to-serbia-dont-expect-croatian-support-for-eu-as-long-as-croatian-generals-are-being-indicted\/#primaryimage","url":"https:\/\/www.predsjednik.hr\/wp-content\/uploads\/2023\/01\/DSC_3027.jpg","contentUrl":"https:\/\/www.predsjednik.hr\/wp-content\/uploads\/2023\/01\/DSC_3027.jpg","width":4096,"height":2304,"caption":"Predsjednik Republike Zoran Milanovi\u0107 sudjelovao je u Vukovaru na obilje\u017eavanju 31. godi\u0161njice me\u0111unarodnog priznanja Republike Hrvatske i 25. obljetnice zavr\u0161etka mirne reintegracije hrvatskog Podunavlja te zavr\u0161etka mandata UNTAES-a."},{"@type":"BreadcrumbList","@id":"https:\/\/www.predsjednik.hr\/en\/news\/president-milanovic-sends-message-to-serbia-dont-expect-croatian-support-for-eu-as-long-as-croatian-generals-are-being-indicted\/#breadcrumb","itemListElement":[{"@type":"ListItem","position":1,"name":"Home","item":"https:\/\/www.predsjednik.hr\/en\/"},{"@type":"ListItem","position":2,"name":"Vijesti","item":"https:\/\/www.predsjednik.hr\/en\/news\/"},{"@type":"ListItem","position":3,"name":"President Milanovi\u0107 sends message to Serbia: Don\u2019t expect Croatian support for EU as long as Croatian generals are being indicted"}]},{"@type":"WebSite","@id":"https:\/\/www.predsjednik.hr\/en\/#website","url":"https:\/\/www.predsjednik.hr\/en\/","name":"President of the Republic of Croatia - Zoran Milanovi\u0107","description":"Just another WordPress site","potentialAction":[{"@type":"SearchAction","target":{"@type":"EntryPoint","urlTemplate":"https:\/\/www.predsjednik.hr\/en\/?s={search_term_string}"},"query-input":{"@type":"PropertyValueSpecification","valueRequired":true,"valueName":"search_term_string"}}],"inLanguage":"en-US"}]}},"_links":{"self":[{"href":"https:\/\/www.predsjednik.hr\/en\/wp-json\/wp\/v2\/news\/21148","targetHints":{"allow":["GET"]}}],"collection":[{"href":"https:\/\/www.predsjednik.hr\/en\/wp-json\/wp\/v2\/news"}],"about":[{"href":"https:\/\/www.predsjednik.hr\/en\/wp-json\/wp\/v2\/types\/news"}],"wp:featuredmedia":[{"embeddable":true,"href":"https:\/\/www.predsjednik.hr\/en\/wp-json\/wp\/v2\/media\/21133"}],"wp:attachment":[{"href":"https:\/\/www.predsjednik.hr\/en\/wp-json\/wp\/v2\/media?parent=21148"}],"wp:term":[{"taxonomy":"news-cat","embeddable":true,"href":"https:\/\/www.predsjednik.hr\/en\/wp-json\/wp\/v2\/news-cat?post=21148"}],"curies":[{"name":"wp","href":"https:\/\/api.w.org\/{rel}","templated":true}]}}