{"id":22122,"date":"2023-03-07T16:09:04","date_gmt":"2023-03-07T15:09:04","guid":{"rendered":"https:\/\/www.predsjednik.hr\/?post_type=news&#038;p=22122"},"modified":"2023-03-07T16:09:07","modified_gmt":"2023-03-07T15:09:07","slug":"president-milanovic-expects-all-members-of-the-european-union-to-recognize-the-independence-of-kosovo","status":"publish","type":"news","link":"https:\/\/www.predsjednik.hr\/en\/news\/president-milanovic-expects-all-members-of-the-european-union-to-recognize-the-independence-of-kosovo\/","title":{"rendered":"President Milanovi\u0107 Expects All Members of the European Union to Recognize the Independence of Kosovo"},"content":{"rendered":"\n<p>The President of the Republic Zoran Milanovi\u0107 received today Donika G\u00ebrvalla-Schwartz, Deputy Prime Minister and Minister of Foreign Affairs and Diaspora of the Republic of Kosovo, who is on an official visit to the Republic of Croatia.<\/p>\n\n\n\n<p>At the meeting in the Office of the President, President Milanovi\u0107 and Minister G\u00ebrvalla-Schwartz discussed bilateral relations between Croatia and Kosovo, the current plan for the normalization of relations between Kosovo and Serbia, Kosovo\u2019s membership in the United Nations and other international organizations, and Kosovo\u2019s Euro-Atlantic prospects.<\/p>\n\n\n\n<p>President Milanovi\u0107 confirmed to Minister G\u00ebrvalla-Schwarz that Kosovo has always had and can continue to count on solid support from the Republic of Croatia when it comes to the international affirmation of its&nbsp;independence and Euro-Atlantic prospects. We expect all members of the European Union to recognize the independence of Kosovo, said President Milanovi\u0107.<\/p>\n\n\n\n<p>The President of the Republic welcomed efforts invested to&nbsp;normalize relations between Kosovo and Serbia, which would ensure long-term stability in Southeast Europe and European prospects for the entire region.<\/p>\n\n\n\n<p>The Deputy Prime Minister and Minister of Foreign Affairs and Diaspora of the Republic of Kosovo attended the meeting in the company of the Ambassador of the Republic of Kosovo to the Republic of Croatia Martin Berishaj, Deputy Minister of Foreign Affairs and Diaspora of the Republic of Kosovo Kreshnik Ahmeti, Political Adviser Shpetim Hajdaraj and Personal Secretary Besiana Havolli.<\/p>\n\n\n\n<p>President Milanovi\u0107 was accompanied at the meeting by the Ambassador of the Republic of Croatia to the Republic of Kosovo Danijela Bari\u0161i\u0107, Head of the Cabinet of the President of the Republic Bartol \u0160imuni\u0107, Adviser to the President of the Republic for Foreign and European Policy Neven Pelicari\u0107, Adviser to the President of the Republic for National Security Dragan Lozan\u010di\u0107 and the Secretary of the Cabinet for Foreign and European Policy in the Office of the President Ivan Mutavd\u017ei\u0107.<\/p>\n\n\n<!--GALLERY BLOCK-->\n<div class=\"c-lightbox-gallery js-lightbox\">\n                <!--single-->\n            <a data-no-swup class=\"c-lightbox-gallery__single js-lightbox-single\"\n               href=\"https:\/\/www.predsjednik.hr\/wp-content\/uploads\/2023\/03\/DSC_1028-1024x576.jpg\"\n               style=\"background-image: url('https:\/\/www.predsjednik.hr\/wp-content\/uploads\/2023\/03\/DSC_1028-768x432.jpg')\"><\/a>\n            <!--end single-->\n                    <!--single-->\n            <a data-no-swup class=\"c-lightbox-gallery__single js-lightbox-single\"\n               href=\"https:\/\/www.predsjednik.hr\/wp-content\/uploads\/2023\/03\/DSC_1037-1024x576.jpg\"\n               style=\"background-image: url('https:\/\/www.predsjednik.hr\/wp-content\/uploads\/2023\/03\/DSC_1037-768x432.jpg')\"><\/a>\n            <!--end single-->\n                    <!--single-->\n            <a data-no-swup class=\"c-lightbox-gallery__single js-lightbox-single\"\n               href=\"https:\/\/www.predsjednik.hr\/wp-content\/uploads\/2023\/03\/DSC_1065-1024x683.jpg\"\n               style=\"background-image: url('https:\/\/www.predsjednik.hr\/wp-content\/uploads\/2023\/03\/DSC_1065-768x512.jpg')\"><\/a>\n            <!--end single-->\n                    <!--single-->\n            <a data-no-swup class=\"c-lightbox-gallery__single js-lightbox-single\"\n               href=\"https:\/\/www.predsjednik.hr\/wp-content\/uploads\/2023\/03\/DSC_1101-1024x576.jpg\"\n               style=\"background-image: url('https:\/\/www.predsjednik.hr\/wp-content\/uploads\/2023\/03\/DSC_1101-768x432.jpg')\"><\/a>\n            <!--end single-->\n        <\/div>\n<!--end GALLERY BLOCK-->\n\n\n\n<p>PHOTO: Office of the President of the Republic of Croatia \/ Filip Glas<\/p>\n","protected":false},"excerpt":{"rendered":"<p>The President of the Republic Zoran Milanovi\u0107 received today Donika G\u00ebrvalla-Schwartz, Deputy Prime Minister and Minister of Foreign Affairs and Diaspora of the Republic of Kosovo, who is on an official visit to the Republic of Croatia.<\/p>\n","protected":false},"featured_media":22109,"template":"","news-cat":[12],"class_list":["post-22122","news","type-news","status-publish","has-post-thumbnail","hentry","news-cat-news"],"acf":[],"yoast_head":"<!-- This site is optimized with the Yoast SEO plugin v27.5 - https:\/\/yoast.com\/product\/yoast-seo-wordpress\/ -->\n<title>President Milanovi\u0107 Expects All Members of the European Union to Recognize the Independence of Kosovo - President of the Republic of Croatia - Zoran Milanovi\u0107<\/title>\n<meta name=\"robots\" content=\"index, follow, max-snippet:-1, max-image-preview:large, max-video-preview:-1\" \/>\n<link rel=\"canonical\" href=\"https:\/\/www.predsjednik.hr\/en\/news\/president-milanovic-expects-all-members-of-the-european-union-to-recognize-the-independence-of-kosovo\/\" \/>\n<meta property=\"og:locale\" content=\"en_US\" \/>\n<meta property=\"og:type\" content=\"article\" \/>\n<meta property=\"og:title\" content=\"President Milanovi\u0107 Expects All Members of the European Union to Recognize the Independence of Kosovo - President of the Republic of Croatia - Zoran Milanovi\u0107\" \/>\n<meta property=\"og:description\" content=\"The President of the Republic Zoran Milanovi\u0107 received today Donika G\u00ebrvalla-Schwartz, Deputy Prime Minister and Minister of Foreign Affairs and Diaspora of the Republic of Kosovo, who is on an official visit to the Republic of Croatia.\" \/>\n<meta property=\"og:url\" content=\"https:\/\/www.predsjednik.hr\/en\/news\/president-milanovic-expects-all-members-of-the-european-union-to-recognize-the-independence-of-kosovo\/\" \/>\n<meta property=\"og:site_name\" content=\"President of the Republic of Croatia - Zoran Milanovi\u0107\" \/>\n<meta property=\"article:modified_time\" content=\"2023-03-07T15:09:07+00:00\" \/>\n<meta property=\"og:image\" content=\"https:\/\/www.predsjednik.hr\/wp-content\/uploads\/2023\/03\/DSC_1028.jpg\" \/>\n\t<meta property=\"og:image:width\" content=\"3042\" \/>\n\t<meta property=\"og:image:height\" content=\"1711\" \/>\n\t<meta property=\"og:image:type\" content=\"image\/jpeg\" \/>\n<meta name=\"twitter:card\" content=\"summary_large_image\" \/>\n<meta name=\"twitter:label1\" content=\"Est. reading time\" \/>\n\t<meta name=\"twitter:data1\" content=\"2 minutes\" \/>\n<script type=\"application\/ld+json\" class=\"yoast-schema-graph\">{\"@context\":\"https:\\\/\\\/schema.org\",\"@graph\":[{\"@type\":\"WebPage\",\"@id\":\"https:\\\/\\\/www.predsjednik.hr\\\/en\\\/news\\\/president-milanovic-expects-all-members-of-the-european-union-to-recognize-the-independence-of-kosovo\\\/\",\"url\":\"https:\\\/\\\/www.predsjednik.hr\\\/en\\\/news\\\/president-milanovic-expects-all-members-of-the-european-union-to-recognize-the-independence-of-kosovo\\\/\",\"name\":\"President Milanovi\u0107 Expects All Members of the European Union to Recognize the Independence of Kosovo - President of the Republic of Croatia - Zoran Milanovi\u0107\",\"isPartOf\":{\"@id\":\"https:\\\/\\\/www.predsjednik.hr\\\/en\\\/#website\"},\"primaryImageOfPage\":{\"@id\":\"https:\\\/\\\/www.predsjednik.hr\\\/en\\\/news\\\/president-milanovic-expects-all-members-of-the-european-union-to-recognize-the-independence-of-kosovo\\\/#primaryimage\"},\"image\":{\"@id\":\"https:\\\/\\\/www.predsjednik.hr\\\/en\\\/news\\\/president-milanovic-expects-all-members-of-the-european-union-to-recognize-the-independence-of-kosovo\\\/#primaryimage\"},\"thumbnailUrl\":\"https:\\\/\\\/www.predsjednik.hr\\\/wp-content\\\/uploads\\\/2023\\\/03\\\/DSC_1028.jpg\",\"datePublished\":\"2023-03-07T15:09:04+00:00\",\"dateModified\":\"2023-03-07T15:09:07+00:00\",\"breadcrumb\":{\"@id\":\"https:\\\/\\\/www.predsjednik.hr\\\/en\\\/news\\\/president-milanovic-expects-all-members-of-the-european-union-to-recognize-the-independence-of-kosovo\\\/#breadcrumb\"},\"inLanguage\":\"en-US\",\"potentialAction\":[{\"@type\":\"ReadAction\",\"target\":[\"https:\\\/\\\/www.predsjednik.hr\\\/en\\\/news\\\/president-milanovic-expects-all-members-of-the-european-union-to-recognize-the-independence-of-kosovo\\\/\"]}]},{\"@type\":\"ImageObject\",\"inLanguage\":\"en-US\",\"@id\":\"https:\\\/\\\/www.predsjednik.hr\\\/en\\\/news\\\/president-milanovic-expects-all-members-of-the-european-union-to-recognize-the-independence-of-kosovo\\\/#primaryimage\",\"url\":\"https:\\\/\\\/www.predsjednik.hr\\\/wp-content\\\/uploads\\\/2023\\\/03\\\/DSC_1028.jpg\",\"contentUrl\":\"https:\\\/\\\/www.predsjednik.hr\\\/wp-content\\\/uploads\\\/2023\\\/03\\\/DSC_1028.jpg\",\"width\":3042,\"height\":1711,\"caption\":\"The President of the Republic Zoran Milanovi\u0107 received today Donika G\u00ebrvalla-Schwartz, Deputy Prime Minister and Minister of Foreign Affairs and Diaspora of the Republic of Kosovo, who is on an official visit to the Republic of Croatia.\"},{\"@type\":\"BreadcrumbList\",\"@id\":\"https:\\\/\\\/www.predsjednik.hr\\\/en\\\/news\\\/president-milanovic-expects-all-members-of-the-european-union-to-recognize-the-independence-of-kosovo\\\/#breadcrumb\",\"itemListElement\":[{\"@type\":\"ListItem\",\"position\":1,\"name\":\"Home\",\"item\":\"https:\\\/\\\/www.predsjednik.hr\\\/en\\\/\"},{\"@type\":\"ListItem\",\"position\":2,\"name\":\"Vijesti\",\"item\":\"https:\\\/\\\/www.predsjednik.hr\\\/en\\\/news\\\/\"},{\"@type\":\"ListItem\",\"position\":3,\"name\":\"President Milanovi\u0107 Expects All Members of the European Union to Recognize the Independence of Kosovo\"}]},{\"@type\":\"WebSite\",\"@id\":\"https:\\\/\\\/www.predsjednik.hr\\\/en\\\/#website\",\"url\":\"https:\\\/\\\/www.predsjednik.hr\\\/en\\\/\",\"name\":\"President of the Republic of Croatia - Zoran Milanovi\u0107\",\"description\":\"Just another WordPress site\",\"potentialAction\":[{\"@type\":\"SearchAction\",\"target\":{\"@type\":\"EntryPoint\",\"urlTemplate\":\"https:\\\/\\\/www.predsjednik.hr\\\/en\\\/?s={search_term_string}\"},\"query-input\":{\"@type\":\"PropertyValueSpecification\",\"valueRequired\":true,\"valueName\":\"search_term_string\"}}],\"inLanguage\":\"en-US\"}]}<\/script>\n<!-- \/ Yoast SEO plugin. -->","yoast_head_json":{"title":"President Milanovi\u0107 Expects All Members of the European Union to Recognize the Independence of Kosovo - President of the Republic of Croatia - Zoran Milanovi\u0107","robots":{"index":"index","follow":"follow","max-snippet":"max-snippet:-1","max-image-preview":"max-image-preview:large","max-video-preview":"max-video-preview:-1"},"canonical":"https:\/\/www.predsjednik.hr\/en\/news\/president-milanovic-expects-all-members-of-the-european-union-to-recognize-the-independence-of-kosovo\/","og_locale":"en_US","og_type":"article","og_title":"President Milanovi\u0107 Expects All Members of the European Union to Recognize the Independence of Kosovo - President of the Republic of Croatia - Zoran Milanovi\u0107","og_description":"The President of the Republic Zoran Milanovi\u0107 received today Donika G\u00ebrvalla-Schwartz, Deputy Prime Minister and Minister of Foreign Affairs and Diaspora of the Republic of Kosovo, who is on an official visit to the Republic of Croatia.","og_url":"https:\/\/www.predsjednik.hr\/en\/news\/president-milanovic-expects-all-members-of-the-european-union-to-recognize-the-independence-of-kosovo\/","og_site_name":"President of the Republic of Croatia - Zoran Milanovi\u0107","article_modified_time":"2023-03-07T15:09:07+00:00","og_image":[{"width":3042,"height":1711,"url":"https:\/\/www.predsjednik.hr\/wp-content\/uploads\/2023\/03\/DSC_1028.jpg","type":"image\/jpeg"}],"twitter_card":"summary_large_image","twitter_misc":{"Est. reading time":"2 minutes"},"schema":{"@context":"https:\/\/schema.org","@graph":[{"@type":"WebPage","@id":"https:\/\/www.predsjednik.hr\/en\/news\/president-milanovic-expects-all-members-of-the-european-union-to-recognize-the-independence-of-kosovo\/","url":"https:\/\/www.predsjednik.hr\/en\/news\/president-milanovic-expects-all-members-of-the-european-union-to-recognize-the-independence-of-kosovo\/","name":"President Milanovi\u0107 Expects All Members of the European Union to Recognize the Independence of Kosovo - President of the Republic of Croatia - Zoran Milanovi\u0107","isPartOf":{"@id":"https:\/\/www.predsjednik.hr\/en\/#website"},"primaryImageOfPage":{"@id":"https:\/\/www.predsjednik.hr\/en\/news\/president-milanovic-expects-all-members-of-the-european-union-to-recognize-the-independence-of-kosovo\/#primaryimage"},"image":{"@id":"https:\/\/www.predsjednik.hr\/en\/news\/president-milanovic-expects-all-members-of-the-european-union-to-recognize-the-independence-of-kosovo\/#primaryimage"},"thumbnailUrl":"https:\/\/www.predsjednik.hr\/wp-content\/uploads\/2023\/03\/DSC_1028.jpg","datePublished":"2023-03-07T15:09:04+00:00","dateModified":"2023-03-07T15:09:07+00:00","breadcrumb":{"@id":"https:\/\/www.predsjednik.hr\/en\/news\/president-milanovic-expects-all-members-of-the-european-union-to-recognize-the-independence-of-kosovo\/#breadcrumb"},"inLanguage":"en-US","potentialAction":[{"@type":"ReadAction","target":["https:\/\/www.predsjednik.hr\/en\/news\/president-milanovic-expects-all-members-of-the-european-union-to-recognize-the-independence-of-kosovo\/"]}]},{"@type":"ImageObject","inLanguage":"en-US","@id":"https:\/\/www.predsjednik.hr\/en\/news\/president-milanovic-expects-all-members-of-the-european-union-to-recognize-the-independence-of-kosovo\/#primaryimage","url":"https:\/\/www.predsjednik.hr\/wp-content\/uploads\/2023\/03\/DSC_1028.jpg","contentUrl":"https:\/\/www.predsjednik.hr\/wp-content\/uploads\/2023\/03\/DSC_1028.jpg","width":3042,"height":1711,"caption":"The President of the Republic Zoran Milanovi\u0107 received today Donika G\u00ebrvalla-Schwartz, Deputy Prime Minister and Minister of Foreign Affairs and Diaspora of the Republic of Kosovo, who is on an official visit to the Republic of Croatia."},{"@type":"BreadcrumbList","@id":"https:\/\/www.predsjednik.hr\/en\/news\/president-milanovic-expects-all-members-of-the-european-union-to-recognize-the-independence-of-kosovo\/#breadcrumb","itemListElement":[{"@type":"ListItem","position":1,"name":"Home","item":"https:\/\/www.predsjednik.hr\/en\/"},{"@type":"ListItem","position":2,"name":"Vijesti","item":"https:\/\/www.predsjednik.hr\/en\/news\/"},{"@type":"ListItem","position":3,"name":"President Milanovi\u0107 Expects All Members of the European Union to Recognize the Independence of Kosovo"}]},{"@type":"WebSite","@id":"https:\/\/www.predsjednik.hr\/en\/#website","url":"https:\/\/www.predsjednik.hr\/en\/","name":"President of the Republic of Croatia - Zoran Milanovi\u0107","description":"Just another WordPress site","potentialAction":[{"@type":"SearchAction","target":{"@type":"EntryPoint","urlTemplate":"https:\/\/www.predsjednik.hr\/en\/?s={search_term_string}"},"query-input":{"@type":"PropertyValueSpecification","valueRequired":true,"valueName":"search_term_string"}}],"inLanguage":"en-US"}]}},"_links":{"self":[{"href":"https:\/\/www.predsjednik.hr\/en\/wp-json\/wp\/v2\/news\/22122","targetHints":{"allow":["GET"]}}],"collection":[{"href":"https:\/\/www.predsjednik.hr\/en\/wp-json\/wp\/v2\/news"}],"about":[{"href":"https:\/\/www.predsjednik.hr\/en\/wp-json\/wp\/v2\/types\/news"}],"wp:featuredmedia":[{"embeddable":true,"href":"https:\/\/www.predsjednik.hr\/en\/wp-json\/wp\/v2\/media\/22109"}],"wp:attachment":[{"href":"https:\/\/www.predsjednik.hr\/en\/wp-json\/wp\/v2\/media?parent=22122"}],"wp:term":[{"taxonomy":"news-cat","embeddable":true,"href":"https:\/\/www.predsjednik.hr\/en\/wp-json\/wp\/v2\/news-cat?post=22122"}],"curies":[{"name":"wp","href":"https:\/\/api.w.org\/{rel}","templated":true}]}}