{"id":23220,"date":"2023-05-04T14:49:15","date_gmt":"2023-05-04T12:49:15","guid":{"rendered":"https:\/\/www.predsjednik.hr\/?post_type=news&#038;p=23220"},"modified":"2023-05-04T14:49:18","modified_gmt":"2023-05-04T12:49:18","slug":"president-milanovic-at-modular-homes-expo-its-good-that-we-have-a-lot-of-croatian-manufacturers-of-prefabricated-homes","status":"publish","type":"news","link":"https:\/\/www.predsjednik.hr\/en\/news\/president-milanovic-at-modular-homes-expo-its-good-that-we-have-a-lot-of-croatian-manufacturers-of-prefabricated-homes\/","title":{"rendered":"President Milanovi\u0107 at Modular Homes Expo: It\u2019s good that we have a lot of Croatian manufacturers of prefabricated homes"},"content":{"rendered":"\n<p>The President of the Republic Zoran Milanovi\u0107 attended today\u2019s opening of the fair \u201cModular Homes Expo\u201d showcasing prefabricated and modular homes at Arena Zagreb.<\/p>\n\n\n\n<p>President Milanovi\u0107 said he supported the holding of the fair and expressed satisfaction that Croatian manufacturers are predominantly represented at the fair. \u201cThat means it is an industry that exists. I can\u2019t say that it is just starting to develop, because the company \u201cDIP Delnice\u201d has built houses before, and it was not bad at all,\u201d said President Milanovi\u0107, wishing the exhibitors much success.<\/p>\n\n\n\n<p>The Deputy Mayor of Zagreb Luka Korlaet and State Secretary in the Ministry of Physical Planning, Construction and State Assets \u017deljko Uhlir also spoke at the fair opening ceremony apart from President Milanovi\u0107.<\/p>\n\n\n\n<p>After the opening ceremony, President Milanovi\u0107 toured the fair which gathered \u2013 for the first time in Europe \u2013 the leading manufacturers of prefabricated and modular homes, facilitating networking, exchange of ideas and the presentation of the latest products to potential buyers and prefabricated home enthusiasts.<\/p>\n\n\n\n<p>President Milanovi\u0107 was accompanied by the Special Adviser to the President of the Republic for the Economy Velibor Ma\u010dki\u0107.<\/p>\n\n\n<!--GALLERY BLOCK-->\n<div class=\"c-lightbox-gallery js-lightbox\">\n                <!--single-->\n            <a data-no-swup class=\"c-lightbox-gallery__single js-lightbox-single\"\n               href=\"https:\/\/www.predsjednik.hr\/wp-content\/uploads\/2023\/05\/DSC_3537-1024x576.jpg\"\n               style=\"background-image: url('https:\/\/www.predsjednik.hr\/wp-content\/uploads\/2023\/05\/DSC_3537-768x432.jpg')\"><\/a>\n            <!--end single-->\n                    <!--single-->\n            <a data-no-swup class=\"c-lightbox-gallery__single js-lightbox-single\"\n               href=\"https:\/\/www.predsjednik.hr\/wp-content\/uploads\/2023\/05\/DSC_3586-1024x576.jpg\"\n               style=\"background-image: url('https:\/\/www.predsjednik.hr\/wp-content\/uploads\/2023\/05\/DSC_3586-768x432.jpg')\"><\/a>\n            <!--end single-->\n                    <!--single-->\n            <a data-no-swup class=\"c-lightbox-gallery__single js-lightbox-single\"\n               href=\"https:\/\/www.predsjednik.hr\/wp-content\/uploads\/2023\/05\/DSC_3702-1024x576.jpg\"\n               style=\"background-image: url('https:\/\/www.predsjednik.hr\/wp-content\/uploads\/2023\/05\/DSC_3702-768x432.jpg')\"><\/a>\n            <!--end single-->\n                    <!--single-->\n            <a data-no-swup class=\"c-lightbox-gallery__single js-lightbox-single\"\n               href=\"https:\/\/www.predsjednik.hr\/wp-content\/uploads\/2023\/05\/DSC_3719-1024x576.jpg\"\n               style=\"background-image: url('https:\/\/www.predsjednik.hr\/wp-content\/uploads\/2023\/05\/DSC_3719-768x432.jpg')\"><\/a>\n            <!--end single-->\n        <\/div>\n<!--end GALLERY BLOCK-->\n\n\n\n<p>PHOTO: Office of the President of the Republic of Croatia \/ Ana Marija Kati\u0107<\/p>\n","protected":false},"excerpt":{"rendered":"<p>The President of the Republic Zoran Milanovi\u0107 attended today\u2019s opening of the fair \u201cModular Homes Expo\u201d showcasing prefabricated and modular homes at Arena Zagreb.<\/p>\n","protected":false},"featured_media":23210,"template":"","news-cat":[12],"class_list":["post-23220","news","type-news","status-publish","has-post-thumbnail","hentry","news-cat-news"],"acf":[],"yoast_head":"<!-- This site is optimized with the Yoast SEO plugin v27.5 - https:\/\/yoast.com\/product\/yoast-seo-wordpress\/ -->\n<title>President Milanovi\u0107 at Modular Homes Expo: It\u2019s good that we have a lot of Croatian manufacturers of prefabricated homes - President of the Republic of Croatia - Zoran Milanovi\u0107<\/title>\n<meta name=\"robots\" content=\"index, follow, max-snippet:-1, max-image-preview:large, max-video-preview:-1\" \/>\n<link rel=\"canonical\" href=\"https:\/\/www.predsjednik.hr\/en\/news\/president-milanovic-at-modular-homes-expo-its-good-that-we-have-a-lot-of-croatian-manufacturers-of-prefabricated-homes\/\" \/>\n<meta property=\"og:locale\" content=\"en_US\" \/>\n<meta property=\"og:type\" content=\"article\" \/>\n<meta property=\"og:title\" content=\"President Milanovi\u0107 at Modular Homes Expo: It\u2019s good that we have a lot of Croatian manufacturers of prefabricated homes - President of the Republic of Croatia - Zoran Milanovi\u0107\" \/>\n<meta property=\"og:description\" content=\"The President of the Republic Zoran Milanovi\u0107 attended today\u2019s opening of the fair \u201cModular Homes Expo\u201d showcasing prefabricated and modular homes at Arena Zagreb.\" \/>\n<meta property=\"og:url\" content=\"https:\/\/www.predsjednik.hr\/en\/news\/president-milanovic-at-modular-homes-expo-its-good-that-we-have-a-lot-of-croatian-manufacturers-of-prefabricated-homes\/\" \/>\n<meta property=\"og:site_name\" content=\"President of the Republic of Croatia - Zoran Milanovi\u0107\" \/>\n<meta property=\"article:modified_time\" content=\"2023-05-04T12:49:18+00:00\" \/>\n<meta property=\"og:image\" content=\"https:\/\/www.predsjednik.hr\/wp-content\/uploads\/2023\/05\/DSC_3719.jpg\" \/>\n\t<meta property=\"og:image:width\" content=\"5790\" \/>\n\t<meta property=\"og:image:height\" content=\"3257\" \/>\n\t<meta property=\"og:image:type\" content=\"image\/jpeg\" \/>\n<meta name=\"twitter:card\" content=\"summary_large_image\" \/>\n<meta name=\"twitter:label1\" content=\"Est. reading time\" \/>\n\t<meta name=\"twitter:data1\" content=\"1 minute\" \/>\n<script type=\"application\/ld+json\" class=\"yoast-schema-graph\">{\"@context\":\"https:\\\/\\\/schema.org\",\"@graph\":[{\"@type\":\"WebPage\",\"@id\":\"https:\\\/\\\/www.predsjednik.hr\\\/en\\\/news\\\/president-milanovic-at-modular-homes-expo-its-good-that-we-have-a-lot-of-croatian-manufacturers-of-prefabricated-homes\\\/\",\"url\":\"https:\\\/\\\/www.predsjednik.hr\\\/en\\\/news\\\/president-milanovic-at-modular-homes-expo-its-good-that-we-have-a-lot-of-croatian-manufacturers-of-prefabricated-homes\\\/\",\"name\":\"President Milanovi\u0107 at Modular Homes Expo: It\u2019s good that we have a lot of Croatian manufacturers of prefabricated homes - President of the Republic of Croatia - Zoran Milanovi\u0107\",\"isPartOf\":{\"@id\":\"https:\\\/\\\/www.predsjednik.hr\\\/en\\\/#website\"},\"primaryImageOfPage\":{\"@id\":\"https:\\\/\\\/www.predsjednik.hr\\\/en\\\/news\\\/president-milanovic-at-modular-homes-expo-its-good-that-we-have-a-lot-of-croatian-manufacturers-of-prefabricated-homes\\\/#primaryimage\"},\"image\":{\"@id\":\"https:\\\/\\\/www.predsjednik.hr\\\/en\\\/news\\\/president-milanovic-at-modular-homes-expo-its-good-that-we-have-a-lot-of-croatian-manufacturers-of-prefabricated-homes\\\/#primaryimage\"},\"thumbnailUrl\":\"https:\\\/\\\/www.predsjednik.hr\\\/wp-content\\\/uploads\\\/2023\\\/05\\\/DSC_3719.jpg\",\"datePublished\":\"2023-05-04T12:49:15+00:00\",\"dateModified\":\"2023-05-04T12:49:18+00:00\",\"breadcrumb\":{\"@id\":\"https:\\\/\\\/www.predsjednik.hr\\\/en\\\/news\\\/president-milanovic-at-modular-homes-expo-its-good-that-we-have-a-lot-of-croatian-manufacturers-of-prefabricated-homes\\\/#breadcrumb\"},\"inLanguage\":\"en-US\",\"potentialAction\":[{\"@type\":\"ReadAction\",\"target\":[\"https:\\\/\\\/www.predsjednik.hr\\\/en\\\/news\\\/president-milanovic-at-modular-homes-expo-its-good-that-we-have-a-lot-of-croatian-manufacturers-of-prefabricated-homes\\\/\"]}]},{\"@type\":\"ImageObject\",\"inLanguage\":\"en-US\",\"@id\":\"https:\\\/\\\/www.predsjednik.hr\\\/en\\\/news\\\/president-milanovic-at-modular-homes-expo-its-good-that-we-have-a-lot-of-croatian-manufacturers-of-prefabricated-homes\\\/#primaryimage\",\"url\":\"https:\\\/\\\/www.predsjednik.hr\\\/wp-content\\\/uploads\\\/2023\\\/05\\\/DSC_3719.jpg\",\"contentUrl\":\"https:\\\/\\\/www.predsjednik.hr\\\/wp-content\\\/uploads\\\/2023\\\/05\\\/DSC_3719.jpg\",\"width\":5790,\"height\":3257,\"caption\":\"The President of the Republic Zoran Milanovi\u0107 attended today\u2019s opening of the fair \u201cModular Homes Expo\u201d showcasing prefabricated and modular homes at Arena Zagreb.\"},{\"@type\":\"BreadcrumbList\",\"@id\":\"https:\\\/\\\/www.predsjednik.hr\\\/en\\\/news\\\/president-milanovic-at-modular-homes-expo-its-good-that-we-have-a-lot-of-croatian-manufacturers-of-prefabricated-homes\\\/#breadcrumb\",\"itemListElement\":[{\"@type\":\"ListItem\",\"position\":1,\"name\":\"Home\",\"item\":\"https:\\\/\\\/www.predsjednik.hr\\\/en\\\/\"},{\"@type\":\"ListItem\",\"position\":2,\"name\":\"Vijesti\",\"item\":\"https:\\\/\\\/www.predsjednik.hr\\\/en\\\/news\\\/\"},{\"@type\":\"ListItem\",\"position\":3,\"name\":\"President Milanovi\u0107 at Modular Homes Expo: It\u2019s good that we have a lot of Croatian manufacturers of prefabricated homes\"}]},{\"@type\":\"WebSite\",\"@id\":\"https:\\\/\\\/www.predsjednik.hr\\\/en\\\/#website\",\"url\":\"https:\\\/\\\/www.predsjednik.hr\\\/en\\\/\",\"name\":\"President of the Republic of Croatia - Zoran Milanovi\u0107\",\"description\":\"Just another WordPress site\",\"potentialAction\":[{\"@type\":\"SearchAction\",\"target\":{\"@type\":\"EntryPoint\",\"urlTemplate\":\"https:\\\/\\\/www.predsjednik.hr\\\/en\\\/?s={search_term_string}\"},\"query-input\":{\"@type\":\"PropertyValueSpecification\",\"valueRequired\":true,\"valueName\":\"search_term_string\"}}],\"inLanguage\":\"en-US\"}]}<\/script>\n<!-- \/ Yoast SEO plugin. -->","yoast_head_json":{"title":"President Milanovi\u0107 at Modular Homes Expo: It\u2019s good that we have a lot of Croatian manufacturers of prefabricated homes - President of the Republic of Croatia - Zoran Milanovi\u0107","robots":{"index":"index","follow":"follow","max-snippet":"max-snippet:-1","max-image-preview":"max-image-preview:large","max-video-preview":"max-video-preview:-1"},"canonical":"https:\/\/www.predsjednik.hr\/en\/news\/president-milanovic-at-modular-homes-expo-its-good-that-we-have-a-lot-of-croatian-manufacturers-of-prefabricated-homes\/","og_locale":"en_US","og_type":"article","og_title":"President Milanovi\u0107 at Modular Homes Expo: It\u2019s good that we have a lot of Croatian manufacturers of prefabricated homes - President of the Republic of Croatia - Zoran Milanovi\u0107","og_description":"The President of the Republic Zoran Milanovi\u0107 attended today\u2019s opening of the fair \u201cModular Homes Expo\u201d showcasing prefabricated and modular homes at Arena Zagreb.","og_url":"https:\/\/www.predsjednik.hr\/en\/news\/president-milanovic-at-modular-homes-expo-its-good-that-we-have-a-lot-of-croatian-manufacturers-of-prefabricated-homes\/","og_site_name":"President of the Republic of Croatia - Zoran Milanovi\u0107","article_modified_time":"2023-05-04T12:49:18+00:00","og_image":[{"width":5790,"height":3257,"url":"https:\/\/www.predsjednik.hr\/wp-content\/uploads\/2023\/05\/DSC_3719.jpg","type":"image\/jpeg"}],"twitter_card":"summary_large_image","twitter_misc":{"Est. reading time":"1 minute"},"schema":{"@context":"https:\/\/schema.org","@graph":[{"@type":"WebPage","@id":"https:\/\/www.predsjednik.hr\/en\/news\/president-milanovic-at-modular-homes-expo-its-good-that-we-have-a-lot-of-croatian-manufacturers-of-prefabricated-homes\/","url":"https:\/\/www.predsjednik.hr\/en\/news\/president-milanovic-at-modular-homes-expo-its-good-that-we-have-a-lot-of-croatian-manufacturers-of-prefabricated-homes\/","name":"President Milanovi\u0107 at Modular Homes Expo: It\u2019s good that we have a lot of Croatian manufacturers of prefabricated homes - President of the Republic of Croatia - Zoran Milanovi\u0107","isPartOf":{"@id":"https:\/\/www.predsjednik.hr\/en\/#website"},"primaryImageOfPage":{"@id":"https:\/\/www.predsjednik.hr\/en\/news\/president-milanovic-at-modular-homes-expo-its-good-that-we-have-a-lot-of-croatian-manufacturers-of-prefabricated-homes\/#primaryimage"},"image":{"@id":"https:\/\/www.predsjednik.hr\/en\/news\/president-milanovic-at-modular-homes-expo-its-good-that-we-have-a-lot-of-croatian-manufacturers-of-prefabricated-homes\/#primaryimage"},"thumbnailUrl":"https:\/\/www.predsjednik.hr\/wp-content\/uploads\/2023\/05\/DSC_3719.jpg","datePublished":"2023-05-04T12:49:15+00:00","dateModified":"2023-05-04T12:49:18+00:00","breadcrumb":{"@id":"https:\/\/www.predsjednik.hr\/en\/news\/president-milanovic-at-modular-homes-expo-its-good-that-we-have-a-lot-of-croatian-manufacturers-of-prefabricated-homes\/#breadcrumb"},"inLanguage":"en-US","potentialAction":[{"@type":"ReadAction","target":["https:\/\/www.predsjednik.hr\/en\/news\/president-milanovic-at-modular-homes-expo-its-good-that-we-have-a-lot-of-croatian-manufacturers-of-prefabricated-homes\/"]}]},{"@type":"ImageObject","inLanguage":"en-US","@id":"https:\/\/www.predsjednik.hr\/en\/news\/president-milanovic-at-modular-homes-expo-its-good-that-we-have-a-lot-of-croatian-manufacturers-of-prefabricated-homes\/#primaryimage","url":"https:\/\/www.predsjednik.hr\/wp-content\/uploads\/2023\/05\/DSC_3719.jpg","contentUrl":"https:\/\/www.predsjednik.hr\/wp-content\/uploads\/2023\/05\/DSC_3719.jpg","width":5790,"height":3257,"caption":"The President of the Republic Zoran Milanovi\u0107 attended today\u2019s opening of the fair \u201cModular Homes Expo\u201d showcasing prefabricated and modular homes at Arena Zagreb."},{"@type":"BreadcrumbList","@id":"https:\/\/www.predsjednik.hr\/en\/news\/president-milanovic-at-modular-homes-expo-its-good-that-we-have-a-lot-of-croatian-manufacturers-of-prefabricated-homes\/#breadcrumb","itemListElement":[{"@type":"ListItem","position":1,"name":"Home","item":"https:\/\/www.predsjednik.hr\/en\/"},{"@type":"ListItem","position":2,"name":"Vijesti","item":"https:\/\/www.predsjednik.hr\/en\/news\/"},{"@type":"ListItem","position":3,"name":"President Milanovi\u0107 at Modular Homes Expo: It\u2019s good that we have a lot of Croatian manufacturers of prefabricated homes"}]},{"@type":"WebSite","@id":"https:\/\/www.predsjednik.hr\/en\/#website","url":"https:\/\/www.predsjednik.hr\/en\/","name":"President of the Republic of Croatia - Zoran Milanovi\u0107","description":"Just another WordPress site","potentialAction":[{"@type":"SearchAction","target":{"@type":"EntryPoint","urlTemplate":"https:\/\/www.predsjednik.hr\/en\/?s={search_term_string}"},"query-input":{"@type":"PropertyValueSpecification","valueRequired":true,"valueName":"search_term_string"}}],"inLanguage":"en-US"}]}},"_links":{"self":[{"href":"https:\/\/www.predsjednik.hr\/en\/wp-json\/wp\/v2\/news\/23220","targetHints":{"allow":["GET"]}}],"collection":[{"href":"https:\/\/www.predsjednik.hr\/en\/wp-json\/wp\/v2\/news"}],"about":[{"href":"https:\/\/www.predsjednik.hr\/en\/wp-json\/wp\/v2\/types\/news"}],"wp:featuredmedia":[{"embeddable":true,"href":"https:\/\/www.predsjednik.hr\/en\/wp-json\/wp\/v2\/media\/23210"}],"wp:attachment":[{"href":"https:\/\/www.predsjednik.hr\/en\/wp-json\/wp\/v2\/media?parent=23220"}],"wp:term":[{"taxonomy":"news-cat","embeddable":true,"href":"https:\/\/www.predsjednik.hr\/en\/wp-json\/wp\/v2\/news-cat?post=23220"}],"curies":[{"name":"wp","href":"https:\/\/api.w.org\/{rel}","templated":true}]}}