{"id":24154,"date":"2023-07-08T22:58:00","date_gmt":"2023-07-08T20:58:00","guid":{"rendered":"https:\/\/www.predsjednik.hr\/?post_type=news&#038;p=24154"},"modified":"2023-07-10T14:01:23","modified_gmt":"2023-07-10T12:01:23","slug":"president-milanovic-awards-charter-of-the-republic-of-croatia-to-the-association-of-croatian-american-professionals","status":"publish","type":"news","link":"https:\/\/www.predsjednik.hr\/en\/news\/president-milanovic-awards-charter-of-the-republic-of-croatia-to-the-association-of-croatian-american-professionals\/","title":{"rendered":"President Milanovi\u0107 Awards Charter of the Republic of Croatia to the Association of Croatian American Professionals"},"content":{"rendered":"\n<p>Together with his wife Prof. Dr. Sanja Musi\u0107 Milanovi\u0107, the President of the Republic Zoran Milanovi\u0107 attended a gala dinner organized by the Association of Croatian American Professionals (ACAP).<\/p>\n\n\n\n<p>At the gala dinner, President Milanovi\u0107 awarded the Charter of the Republic of Croatia to the Association of Croatian American Professionals. The Charter was presented to the Association for its role in the development of an international network of professionals of Croatian origin in the diaspora and for its special contribution in fostering their mutual ties, as well as its role in connecting Croatia and the Croatian diaspora, for providing knowledge and experiences, for strengthening education, science and entrepreneurship, for providing outstanding humanitarian aid and medical aid to hospitals, and for organizing scholarships for young physicians from the Republic of Croatia. The award was accepted by ACAP President Dr. Steven Pavletic.<\/p>\n\n\n\n<p>\u201cI appreciate you selecting Zagreb, the capital of our beloved and only homeland, and my hometown, for the venue of your conference. I understand this is the third day of your proceedings and your conference must have been successful,\u201d President Milanovi\u0107 said at the gala dinner held at the end of the three-day conference.<\/p>\n\n\n\n<p>\u201cYou are Croatian-American professionals. Professionals are people of respect, high social standing and relevance in society. From the Croatian perspective, that is something we need. We are a small nation. We are still not as wealthy or affluent enough as we would wish to be and this certainly must be our goal,\u201d said President Milanovi\u0107.<\/p>\n\n\n\n<p>\u201cWe\u2019ve been in the EU for the last 10 years and after this period I could sum it up by saying \u2018<em>Curb your enthusiasm!\u2019<\/em> because there is no room for excessive enthusiasm, but for a solid, grounded assessment of what we really achieved. What we lack are businesses, activities and professions which bring real extra value and extract the most from the capital and from the factors of production \u2013 in a nutshell, what makes a country wealthy. Why not be rich in the final analysis, and thus independent and more self-reliant. That is what statehood is all about, apart from all the basic elements,\u201d the President told those present.<\/p>\n\n\n\n<p>\u201cI wish you success in your professions, especially to the younger people whom I\u2019ve seen around quite a lot \u2013 people who contribute to their destinies and their families and their businesses first. But, also from the perspective of Croatia\u2019s standing, people who contribute to Croatia\u2019s ambitions and goals, because we might not necessarily be fantasists, but we aim high. And we should be aiming high \u2013 this should be the model and working principle of this country,\u201d concluded President Milanovi\u0107.<\/p>\n\n\n\n<p>The Association of Croatian American Professionals held its annual conference \u201cConnecting the Doers: Taking Croatia to the Next Level\u201d in Zagreb. The conference was dedicated to the potentials of the Croatian economy, networking of Croatian professionals from abroad and cooperation with Croatia. The conference, which was organized for the first time in Zagreb, brought in foreign investors \u2013 leading entrepreneurs and managers of Croatian origin, as well as distinguished speakers. During the three-day conference on 6-8 July at the Sheraton Zagreb Hotel, leading U.S. and Croatian entrepreneurs discussed the business, health and tourism sectors in Croatia and the world.<\/p>\n\n\n\n<p>Speaking at the gala dinner were ACAP Zagreb Chapter President Don Markusic, ACAP Secretary Lidija Ortloff, ACAP President Dr. Steven Pavletic and Head of the Croatian National Tourist Board\u2019s International Cooperation Department Marina \u0160imuni\u0107. President Milanovi\u0107 was accompanied by the Head of the Office of the President Orsat Miljeni\u0107 and Adviser to the President of the Republic for Foreign and European Policy Neven Pelicari\u0107.<\/p>\n\n\n<!--GALLERY BLOCK-->\n<div class=\"c-lightbox-gallery js-lightbox\">\n                <!--single-->\n            <a data-no-swup class=\"c-lightbox-gallery__single js-lightbox-single\"\n               href=\"https:\/\/www.predsjednik.hr\/wp-content\/uploads\/2023\/07\/DSC_1778-1024x683.jpg\"\n               style=\"background-image: url('https:\/\/www.predsjednik.hr\/wp-content\/uploads\/2023\/07\/DSC_1778-768x512.jpg')\"><\/a>\n            <!--end single-->\n                    <!--single-->\n            <a data-no-swup class=\"c-lightbox-gallery__single js-lightbox-single\"\n               href=\"https:\/\/www.predsjednik.hr\/wp-content\/uploads\/2023\/07\/DSC_1797-1024x576.jpg\"\n               style=\"background-image: url('https:\/\/www.predsjednik.hr\/wp-content\/uploads\/2023\/07\/DSC_1797-768x432.jpg')\"><\/a>\n            <!--end single-->\n                    <!--single-->\n            <a data-no-swup class=\"c-lightbox-gallery__single js-lightbox-single\"\n               href=\"https:\/\/www.predsjednik.hr\/wp-content\/uploads\/2023\/07\/DSC_1805-1024x683.jpg\"\n               style=\"background-image: url('https:\/\/www.predsjednik.hr\/wp-content\/uploads\/2023\/07\/DSC_1805-768x512.jpg')\"><\/a>\n            <!--end single-->\n                    <!--single-->\n            <a data-no-swup class=\"c-lightbox-gallery__single js-lightbox-single\"\n               href=\"https:\/\/www.predsjednik.hr\/wp-content\/uploads\/2023\/07\/DSC_2034-1024x683.jpg\"\n               style=\"background-image: url('https:\/\/www.predsjednik.hr\/wp-content\/uploads\/2023\/07\/DSC_2034-768x512.jpg')\"><\/a>\n            <!--end single-->\n                    <!--single-->\n            <a data-no-swup class=\"c-lightbox-gallery__single js-lightbox-single\"\n               href=\"https:\/\/www.predsjednik.hr\/wp-content\/uploads\/2023\/07\/DSC_2094-1024x683.jpg\"\n               style=\"background-image: url('https:\/\/www.predsjednik.hr\/wp-content\/uploads\/2023\/07\/DSC_2094-768x512.jpg')\"><\/a>\n            <!--end single-->\n        <\/div>\n<!--end GALLERY BLOCK-->\n\n\n\n<p>PHOTO: Office of the President of the Republic of Croatia \/ Tomislav Bu\u0161ljeta<\/p>\n","protected":false},"excerpt":{"rendered":"<p>Together with his wife Prof. Dr. Sanja Musi\u0107 Milanovi\u0107, the President of the Republic Zoran Milanovi\u0107 attended a gala dinner organized by the Association of Croatian American Professionals (ACAP).<\/p>\n","protected":false},"featured_media":24150,"template":"","news-cat":[12],"class_list":["post-24154","news","type-news","status-publish","has-post-thumbnail","hentry","news-cat-news"],"acf":[],"yoast_head":"<!-- This site is optimized with the Yoast SEO plugin v27.4 - https:\/\/yoast.com\/product\/yoast-seo-wordpress\/ -->\n<title>President Milanovi\u0107 Awards Charter of the Republic of Croatia to the Association of Croatian American Professionals - President of the Republic of Croatia - Zoran Milanovi\u0107<\/title>\n<meta name=\"robots\" content=\"index, follow, max-snippet:-1, max-image-preview:large, max-video-preview:-1\" \/>\n<link rel=\"canonical\" href=\"https:\/\/www.predsjednik.hr\/en\/news\/president-milanovic-awards-charter-of-the-republic-of-croatia-to-the-association-of-croatian-american-professionals\/\" \/>\n<meta property=\"og:locale\" content=\"en_US\" \/>\n<meta property=\"og:type\" content=\"article\" \/>\n<meta property=\"og:title\" content=\"President Milanovi\u0107 Awards Charter of the Republic of Croatia to the Association of Croatian American Professionals - President of the Republic of Croatia - Zoran Milanovi\u0107\" \/>\n<meta property=\"og:description\" content=\"Together with his wife Prof. Dr. Sanja Musi\u0107 Milanovi\u0107, the President of the Republic Zoran Milanovi\u0107 attended a gala dinner organized by the Association of Croatian American Professionals (ACAP).\" \/>\n<meta property=\"og:url\" content=\"https:\/\/www.predsjednik.hr\/en\/news\/president-milanovic-awards-charter-of-the-republic-of-croatia-to-the-association-of-croatian-american-professionals\/\" \/>\n<meta property=\"og:site_name\" content=\"President of the Republic of Croatia - Zoran Milanovi\u0107\" \/>\n<meta property=\"article:modified_time\" content=\"2023-07-10T12:01:23+00:00\" \/>\n<meta property=\"og:image\" content=\"https:\/\/www.predsjednik.hr\/wp-content\/uploads\/2023\/07\/DSC_2094-1.jpg\" \/>\n\t<meta property=\"og:image:width\" content=\"5190\" \/>\n\t<meta property=\"og:image:height\" content=\"2919\" \/>\n\t<meta property=\"og:image:type\" content=\"image\/jpeg\" \/>\n<meta name=\"twitter:card\" content=\"summary_large_image\" \/>\n<meta name=\"twitter:label1\" content=\"Est. reading time\" \/>\n\t<meta name=\"twitter:data1\" content=\"3 minutes\" \/>\n<script type=\"application\/ld+json\" class=\"yoast-schema-graph\">{\"@context\":\"https:\\\/\\\/schema.org\",\"@graph\":[{\"@type\":\"WebPage\",\"@id\":\"https:\\\/\\\/www.predsjednik.hr\\\/en\\\/news\\\/president-milanovic-awards-charter-of-the-republic-of-croatia-to-the-association-of-croatian-american-professionals\\\/\",\"url\":\"https:\\\/\\\/www.predsjednik.hr\\\/en\\\/news\\\/president-milanovic-awards-charter-of-the-republic-of-croatia-to-the-association-of-croatian-american-professionals\\\/\",\"name\":\"President Milanovi\u0107 Awards Charter of the Republic of Croatia to the Association of Croatian American Professionals - President of the Republic of Croatia - Zoran Milanovi\u0107\",\"isPartOf\":{\"@id\":\"https:\\\/\\\/www.predsjednik.hr\\\/en\\\/#website\"},\"primaryImageOfPage\":{\"@id\":\"https:\\\/\\\/www.predsjednik.hr\\\/en\\\/news\\\/president-milanovic-awards-charter-of-the-republic-of-croatia-to-the-association-of-croatian-american-professionals\\\/#primaryimage\"},\"image\":{\"@id\":\"https:\\\/\\\/www.predsjednik.hr\\\/en\\\/news\\\/president-milanovic-awards-charter-of-the-republic-of-croatia-to-the-association-of-croatian-american-professionals\\\/#primaryimage\"},\"thumbnailUrl\":\"https:\\\/\\\/www.predsjednik.hr\\\/wp-content\\\/uploads\\\/2023\\\/07\\\/DSC_2094-1.jpg\",\"datePublished\":\"2023-07-08T20:58:00+00:00\",\"dateModified\":\"2023-07-10T12:01:23+00:00\",\"breadcrumb\":{\"@id\":\"https:\\\/\\\/www.predsjednik.hr\\\/en\\\/news\\\/president-milanovic-awards-charter-of-the-republic-of-croatia-to-the-association-of-croatian-american-professionals\\\/#breadcrumb\"},\"inLanguage\":\"en-US\",\"potentialAction\":[{\"@type\":\"ReadAction\",\"target\":[\"https:\\\/\\\/www.predsjednik.hr\\\/en\\\/news\\\/president-milanovic-awards-charter-of-the-republic-of-croatia-to-the-association-of-croatian-american-professionals\\\/\"]}]},{\"@type\":\"ImageObject\",\"inLanguage\":\"en-US\",\"@id\":\"https:\\\/\\\/www.predsjednik.hr\\\/en\\\/news\\\/president-milanovic-awards-charter-of-the-republic-of-croatia-to-the-association-of-croatian-american-professionals\\\/#primaryimage\",\"url\":\"https:\\\/\\\/www.predsjednik.hr\\\/wp-content\\\/uploads\\\/2023\\\/07\\\/DSC_2094-1.jpg\",\"contentUrl\":\"https:\\\/\\\/www.predsjednik.hr\\\/wp-content\\\/uploads\\\/2023\\\/07\\\/DSC_2094-1.jpg\",\"width\":5190,\"height\":2919},{\"@type\":\"BreadcrumbList\",\"@id\":\"https:\\\/\\\/www.predsjednik.hr\\\/en\\\/news\\\/president-milanovic-awards-charter-of-the-republic-of-croatia-to-the-association-of-croatian-american-professionals\\\/#breadcrumb\",\"itemListElement\":[{\"@type\":\"ListItem\",\"position\":1,\"name\":\"Home\",\"item\":\"https:\\\/\\\/www.predsjednik.hr\\\/en\\\/\"},{\"@type\":\"ListItem\",\"position\":2,\"name\":\"Vijesti\",\"item\":\"https:\\\/\\\/www.predsjednik.hr\\\/en\\\/news\\\/\"},{\"@type\":\"ListItem\",\"position\":3,\"name\":\"President Milanovi\u0107 Awards Charter of the Republic of Croatia to the Association of Croatian American Professionals\"}]},{\"@type\":\"WebSite\",\"@id\":\"https:\\\/\\\/www.predsjednik.hr\\\/en\\\/#website\",\"url\":\"https:\\\/\\\/www.predsjednik.hr\\\/en\\\/\",\"name\":\"President of the Republic of Croatia - Zoran Milanovi\u0107\",\"description\":\"Just another WordPress site\",\"potentialAction\":[{\"@type\":\"SearchAction\",\"target\":{\"@type\":\"EntryPoint\",\"urlTemplate\":\"https:\\\/\\\/www.predsjednik.hr\\\/en\\\/?s={search_term_string}\"},\"query-input\":{\"@type\":\"PropertyValueSpecification\",\"valueRequired\":true,\"valueName\":\"search_term_string\"}}],\"inLanguage\":\"en-US\"}]}<\/script>\n<!-- \/ Yoast SEO plugin. -->","yoast_head_json":{"title":"President Milanovi\u0107 Awards Charter of the Republic of Croatia to the Association of Croatian American Professionals - President of the Republic of Croatia - Zoran Milanovi\u0107","robots":{"index":"index","follow":"follow","max-snippet":"max-snippet:-1","max-image-preview":"max-image-preview:large","max-video-preview":"max-video-preview:-1"},"canonical":"https:\/\/www.predsjednik.hr\/en\/news\/president-milanovic-awards-charter-of-the-republic-of-croatia-to-the-association-of-croatian-american-professionals\/","og_locale":"en_US","og_type":"article","og_title":"President Milanovi\u0107 Awards Charter of the Republic of Croatia to the Association of Croatian American Professionals - President of the Republic of Croatia - Zoran Milanovi\u0107","og_description":"Together with his wife Prof. Dr. Sanja Musi\u0107 Milanovi\u0107, the President of the Republic Zoran Milanovi\u0107 attended a gala dinner organized by the Association of Croatian American Professionals (ACAP).","og_url":"https:\/\/www.predsjednik.hr\/en\/news\/president-milanovic-awards-charter-of-the-republic-of-croatia-to-the-association-of-croatian-american-professionals\/","og_site_name":"President of the Republic of Croatia - Zoran Milanovi\u0107","article_modified_time":"2023-07-10T12:01:23+00:00","og_image":[{"width":5190,"height":2919,"url":"https:\/\/www.predsjednik.hr\/wp-content\/uploads\/2023\/07\/DSC_2094-1.jpg","type":"image\/jpeg"}],"twitter_card":"summary_large_image","twitter_misc":{"Est. reading time":"3 minutes"},"schema":{"@context":"https:\/\/schema.org","@graph":[{"@type":"WebPage","@id":"https:\/\/www.predsjednik.hr\/en\/news\/president-milanovic-awards-charter-of-the-republic-of-croatia-to-the-association-of-croatian-american-professionals\/","url":"https:\/\/www.predsjednik.hr\/en\/news\/president-milanovic-awards-charter-of-the-republic-of-croatia-to-the-association-of-croatian-american-professionals\/","name":"President Milanovi\u0107 Awards Charter of the Republic of Croatia to the Association of Croatian American Professionals - President of the Republic of Croatia - Zoran Milanovi\u0107","isPartOf":{"@id":"https:\/\/www.predsjednik.hr\/en\/#website"},"primaryImageOfPage":{"@id":"https:\/\/www.predsjednik.hr\/en\/news\/president-milanovic-awards-charter-of-the-republic-of-croatia-to-the-association-of-croatian-american-professionals\/#primaryimage"},"image":{"@id":"https:\/\/www.predsjednik.hr\/en\/news\/president-milanovic-awards-charter-of-the-republic-of-croatia-to-the-association-of-croatian-american-professionals\/#primaryimage"},"thumbnailUrl":"https:\/\/www.predsjednik.hr\/wp-content\/uploads\/2023\/07\/DSC_2094-1.jpg","datePublished":"2023-07-08T20:58:00+00:00","dateModified":"2023-07-10T12:01:23+00:00","breadcrumb":{"@id":"https:\/\/www.predsjednik.hr\/en\/news\/president-milanovic-awards-charter-of-the-republic-of-croatia-to-the-association-of-croatian-american-professionals\/#breadcrumb"},"inLanguage":"en-US","potentialAction":[{"@type":"ReadAction","target":["https:\/\/www.predsjednik.hr\/en\/news\/president-milanovic-awards-charter-of-the-republic-of-croatia-to-the-association-of-croatian-american-professionals\/"]}]},{"@type":"ImageObject","inLanguage":"en-US","@id":"https:\/\/www.predsjednik.hr\/en\/news\/president-milanovic-awards-charter-of-the-republic-of-croatia-to-the-association-of-croatian-american-professionals\/#primaryimage","url":"https:\/\/www.predsjednik.hr\/wp-content\/uploads\/2023\/07\/DSC_2094-1.jpg","contentUrl":"https:\/\/www.predsjednik.hr\/wp-content\/uploads\/2023\/07\/DSC_2094-1.jpg","width":5190,"height":2919},{"@type":"BreadcrumbList","@id":"https:\/\/www.predsjednik.hr\/en\/news\/president-milanovic-awards-charter-of-the-republic-of-croatia-to-the-association-of-croatian-american-professionals\/#breadcrumb","itemListElement":[{"@type":"ListItem","position":1,"name":"Home","item":"https:\/\/www.predsjednik.hr\/en\/"},{"@type":"ListItem","position":2,"name":"Vijesti","item":"https:\/\/www.predsjednik.hr\/en\/news\/"},{"@type":"ListItem","position":3,"name":"President Milanovi\u0107 Awards Charter of the Republic of Croatia to the Association of Croatian American Professionals"}]},{"@type":"WebSite","@id":"https:\/\/www.predsjednik.hr\/en\/#website","url":"https:\/\/www.predsjednik.hr\/en\/","name":"President of the Republic of Croatia - Zoran Milanovi\u0107","description":"Just another WordPress site","potentialAction":[{"@type":"SearchAction","target":{"@type":"EntryPoint","urlTemplate":"https:\/\/www.predsjednik.hr\/en\/?s={search_term_string}"},"query-input":{"@type":"PropertyValueSpecification","valueRequired":true,"valueName":"search_term_string"}}],"inLanguage":"en-US"}]}},"_links":{"self":[{"href":"https:\/\/www.predsjednik.hr\/en\/wp-json\/wp\/v2\/news\/24154","targetHints":{"allow":["GET"]}}],"collection":[{"href":"https:\/\/www.predsjednik.hr\/en\/wp-json\/wp\/v2\/news"}],"about":[{"href":"https:\/\/www.predsjednik.hr\/en\/wp-json\/wp\/v2\/types\/news"}],"wp:featuredmedia":[{"embeddable":true,"href":"https:\/\/www.predsjednik.hr\/en\/wp-json\/wp\/v2\/media\/24150"}],"wp:attachment":[{"href":"https:\/\/www.predsjednik.hr\/en\/wp-json\/wp\/v2\/media?parent=24154"}],"wp:term":[{"taxonomy":"news-cat","embeddable":true,"href":"https:\/\/www.predsjednik.hr\/en\/wp-json\/wp\/v2\/news-cat?post=24154"}],"curies":[{"name":"wp","href":"https:\/\/api.w.org\/{rel}","templated":true}]}}