{"id":30292,"date":"2024-05-21T14:00:00","date_gmt":"2024-05-21T12:00:00","guid":{"rendered":"https:\/\/www.predsjednik.hr\/?post_type=news&#038;p=30292"},"modified":"2024-05-21T14:46:37","modified_gmt":"2024-05-21T12:46:37","slug":"president-milanovic-meets-with-krijesnica-association-delegation-supporting-children-and-families-facing-malignant-diseases","status":"publish","type":"news","link":"https:\/\/www.predsjednik.hr\/en\/news\/president-milanovic-meets-with-krijesnica-association-delegation-supporting-children-and-families-facing-malignant-diseases\/","title":{"rendered":"President Milanovi\u0107 Meets with Krijesnica Association Delegation Supporting Children and Families Facing Malignant Diseases"},"content":{"rendered":"\n<p>The President of the Republic Zoran Milanovi\u0107 received a delegation from the Krijesnica Association today. This association supports children and families facing malignant diseases, aiming to empower them and provide essential assistance during treatment. Founded in 2000, the Krijesnica Association emerged from an initiative of parents whose children were treated for malignant diseases, alongside medical staff who cared for these children.<\/p>\n\n\n\n<p>During the meeting, the delegation briefed President Milanovi\u0107 on the association\u2019s activities. They highlighted that the members primarily consist of parents whose children are undergoing treatment at oncology departments in Croatia, parents whose children have successfully completed treatment, and those who have lost a child to a malignant disease. Additionally, the association includes young people who have undergone treatment for malignant diseases and numerous experts from various fields, all contributing to the support and success of the association\u2019s work.<\/p>\n\n\n\n<p>In addition to the Association\u2019s ten employees, about a hundred volunteers, mostly students, assist children and parents. According to Mirela Stani\u0107 Popovi\u0107, the Executive Director, the association provides assistance to around 100 families annually. Their work is funded through donations from individuals and organizations, as well as projects financed by the state budget and European funds.<\/p>\n\n\n\n<p>At the meeting, the vision of the association was discussed, emphasizing a society where families of children with malignant diseases have equal access to all relevant systems that meet their individual needs. The association\u2019s programmes aim to support children treated at all national reference centres for paediatric tumours. However, with headquarters in Zagreb, most activities are concentrated in the wider Zagreb area. They also noted that Krijesnica is one of the few associations providing physical presence and support in both Zagreb hospitals, Children&#8217;s hospital Zagreb and University Hospital Centre Zagreb.<\/p>\n\n\n\n<p>In addition to Executive Director Mirela Stani\u0107 Popovi\u0107, the delegation of the Krijesnica Association included Jelena \u010ce\u0161ljar, a consultant for patients\u2019 rights; Dubravka Vidovi\u0107, a coordinator of creative workshops for parents and children undergoing treatment; \u017dana Salapi\u0107, a peer support provider for parents; and Lucija Doroti\u0107, a peer support provider for children and young people.<\/p>\n\n\n\n<p>President Milanovi\u0107 was accompanied by Jadranka \u017darkovi\u0107, Adviser to the President of the Republic for Education.<\/p>\n\n\n<!--GALLERY BLOCK-->\n<div class=\"c-lightbox-gallery js-lightbox\">\n                <!--single-->\n            <a data-no-swup class=\"c-lightbox-gallery__single js-lightbox-single\"\n               href=\"https:\/\/www.predsjednik.hr\/wp-content\/uploads\/2024\/05\/DSC_3509-1024x576.jpg\"\n               style=\"background-image: url('https:\/\/www.predsjednik.hr\/wp-content\/uploads\/2024\/05\/DSC_3509-768x432.jpg')\"><\/a>\n            <!--end single-->\n                    <!--single-->\n            <a data-no-swup class=\"c-lightbox-gallery__single js-lightbox-single\"\n               href=\"https:\/\/www.predsjednik.hr\/wp-content\/uploads\/2024\/05\/DSC_3515-1024x576.jpg\"\n               style=\"background-image: url('https:\/\/www.predsjednik.hr\/wp-content\/uploads\/2024\/05\/DSC_3515-768x432.jpg')\"><\/a>\n            <!--end single-->\n                    <!--single-->\n            <a data-no-swup class=\"c-lightbox-gallery__single js-lightbox-single\"\n               href=\"https:\/\/www.predsjednik.hr\/wp-content\/uploads\/2024\/05\/DSC_3542-1024x576.jpg\"\n               style=\"background-image: url('https:\/\/www.predsjednik.hr\/wp-content\/uploads\/2024\/05\/DSC_3542-768x432.jpg')\"><\/a>\n            <!--end single-->\n                    <!--single-->\n            <a data-no-swup class=\"c-lightbox-gallery__single js-lightbox-single\"\n               href=\"https:\/\/www.predsjednik.hr\/wp-content\/uploads\/2024\/05\/DSC_3550-1024x576.jpg\"\n               style=\"background-image: url('https:\/\/www.predsjednik.hr\/wp-content\/uploads\/2024\/05\/DSC_3550-768x432.jpg')\"><\/a>\n            <!--end single-->\n        <\/div>\n<!--end GALLERY BLOCK-->\n\n\n\n<p>PHOTO: Office of the President of the Republic of Croatia \/ Filip Glas<\/p>\n","protected":false},"excerpt":{"rendered":"<p>The President of the Republic Zoran Milanovi\u0107 received a delegation from the Krijesnica Association today. This association supports children and families facing malignant diseases, aiming to empower them and provide essential assistance during treatment. Founded in 2000, the Krijesnica Association emerged from an initiative of parents whose children were treated for malignant diseases, alongside medical staff who cared for these children.<\/p>\n","protected":false},"featured_media":30291,"template":"","news-cat":[12],"class_list":["post-30292","news","type-news","status-publish","has-post-thumbnail","hentry","news-cat-news"],"acf":[],"yoast_head":"<!-- This site is optimized with the Yoast SEO plugin v27.5 - https:\/\/yoast.com\/product\/yoast-seo-wordpress\/ -->\n<title>President Milanovi\u0107 Meets with Krijesnica Association Delegation Supporting Children and Families Facing Malignant Diseases - President of the Republic of Croatia - Zoran Milanovi\u0107<\/title>\n<meta name=\"robots\" content=\"index, follow, max-snippet:-1, max-image-preview:large, max-video-preview:-1\" \/>\n<link rel=\"canonical\" href=\"https:\/\/www.predsjednik.hr\/en\/news\/president-milanovic-meets-with-krijesnica-association-delegation-supporting-children-and-families-facing-malignant-diseases\/\" \/>\n<meta property=\"og:locale\" content=\"en_US\" \/>\n<meta property=\"og:type\" content=\"article\" \/>\n<meta property=\"og:title\" content=\"President Milanovi\u0107 Meets with Krijesnica Association Delegation Supporting Children and Families Facing Malignant Diseases - President of the Republic of Croatia - Zoran Milanovi\u0107\" \/>\n<meta property=\"og:description\" content=\"The President of the Republic Zoran Milanovi\u0107 received a delegation from the Krijesnica Association today. This association supports children and families facing malignant diseases, aiming to empower them and provide essential assistance during treatment. Founded in 2000, the Krijesnica Association emerged from an initiative of parents whose children were treated for malignant diseases, alongside medical staff who cared for these children.\" \/>\n<meta property=\"og:url\" content=\"https:\/\/www.predsjednik.hr\/en\/news\/president-milanovic-meets-with-krijesnica-association-delegation-supporting-children-and-families-facing-malignant-diseases\/\" \/>\n<meta property=\"og:site_name\" content=\"President of the Republic of Croatia - Zoran Milanovi\u0107\" \/>\n<meta property=\"article:modified_time\" content=\"2024-05-21T12:46:37+00:00\" \/>\n<meta property=\"og:image\" content=\"https:\/\/www.predsjednik.hr\/wp-content\/uploads\/2024\/05\/DSC_3550.jpg\" \/>\n\t<meta property=\"og:image:width\" content=\"4490\" \/>\n\t<meta property=\"og:image:height\" content=\"2526\" \/>\n\t<meta property=\"og:image:type\" content=\"image\/jpeg\" \/>\n<meta name=\"twitter:card\" content=\"summary_large_image\" \/>\n<meta name=\"twitter:label1\" content=\"Est. reading time\" \/>\n\t<meta name=\"twitter:data1\" content=\"2 minutes\" \/>\n<script type=\"application\/ld+json\" class=\"yoast-schema-graph\">{\"@context\":\"https:\\\/\\\/schema.org\",\"@graph\":[{\"@type\":\"WebPage\",\"@id\":\"https:\\\/\\\/www.predsjednik.hr\\\/en\\\/news\\\/president-milanovic-meets-with-krijesnica-association-delegation-supporting-children-and-families-facing-malignant-diseases\\\/\",\"url\":\"https:\\\/\\\/www.predsjednik.hr\\\/en\\\/news\\\/president-milanovic-meets-with-krijesnica-association-delegation-supporting-children-and-families-facing-malignant-diseases\\\/\",\"name\":\"President Milanovi\u0107 Meets with Krijesnica Association Delegation Supporting Children and Families Facing Malignant Diseases - President of the Republic of Croatia - Zoran Milanovi\u0107\",\"isPartOf\":{\"@id\":\"https:\\\/\\\/www.predsjednik.hr\\\/en\\\/#website\"},\"primaryImageOfPage\":{\"@id\":\"https:\\\/\\\/www.predsjednik.hr\\\/en\\\/news\\\/president-milanovic-meets-with-krijesnica-association-delegation-supporting-children-and-families-facing-malignant-diseases\\\/#primaryimage\"},\"image\":{\"@id\":\"https:\\\/\\\/www.predsjednik.hr\\\/en\\\/news\\\/president-milanovic-meets-with-krijesnica-association-delegation-supporting-children-and-families-facing-malignant-diseases\\\/#primaryimage\"},\"thumbnailUrl\":\"https:\\\/\\\/www.predsjednik.hr\\\/wp-content\\\/uploads\\\/2024\\\/05\\\/DSC_3550.jpg\",\"datePublished\":\"2024-05-21T12:00:00+00:00\",\"dateModified\":\"2024-05-21T12:46:37+00:00\",\"breadcrumb\":{\"@id\":\"https:\\\/\\\/www.predsjednik.hr\\\/en\\\/news\\\/president-milanovic-meets-with-krijesnica-association-delegation-supporting-children-and-families-facing-malignant-diseases\\\/#breadcrumb\"},\"inLanguage\":\"en-US\",\"potentialAction\":[{\"@type\":\"ReadAction\",\"target\":[\"https:\\\/\\\/www.predsjednik.hr\\\/en\\\/news\\\/president-milanovic-meets-with-krijesnica-association-delegation-supporting-children-and-families-facing-malignant-diseases\\\/\"]}]},{\"@type\":\"ImageObject\",\"inLanguage\":\"en-US\",\"@id\":\"https:\\\/\\\/www.predsjednik.hr\\\/en\\\/news\\\/president-milanovic-meets-with-krijesnica-association-delegation-supporting-children-and-families-facing-malignant-diseases\\\/#primaryimage\",\"url\":\"https:\\\/\\\/www.predsjednik.hr\\\/wp-content\\\/uploads\\\/2024\\\/05\\\/DSC_3550.jpg\",\"contentUrl\":\"https:\\\/\\\/www.predsjednik.hr\\\/wp-content\\\/uploads\\\/2024\\\/05\\\/DSC_3550.jpg\",\"width\":4490,\"height\":2526},{\"@type\":\"BreadcrumbList\",\"@id\":\"https:\\\/\\\/www.predsjednik.hr\\\/en\\\/news\\\/president-milanovic-meets-with-krijesnica-association-delegation-supporting-children-and-families-facing-malignant-diseases\\\/#breadcrumb\",\"itemListElement\":[{\"@type\":\"ListItem\",\"position\":1,\"name\":\"Home\",\"item\":\"https:\\\/\\\/www.predsjednik.hr\\\/en\\\/\"},{\"@type\":\"ListItem\",\"position\":2,\"name\":\"Vijesti\",\"item\":\"https:\\\/\\\/www.predsjednik.hr\\\/en\\\/news\\\/\"},{\"@type\":\"ListItem\",\"position\":3,\"name\":\"President Milanovi\u0107 Meets with Krijesnica Association Delegation Supporting Children and Families Facing Malignant Diseases\"}]},{\"@type\":\"WebSite\",\"@id\":\"https:\\\/\\\/www.predsjednik.hr\\\/en\\\/#website\",\"url\":\"https:\\\/\\\/www.predsjednik.hr\\\/en\\\/\",\"name\":\"President of the Republic of Croatia - Zoran Milanovi\u0107\",\"description\":\"Just another WordPress site\",\"potentialAction\":[{\"@type\":\"SearchAction\",\"target\":{\"@type\":\"EntryPoint\",\"urlTemplate\":\"https:\\\/\\\/www.predsjednik.hr\\\/en\\\/?s={search_term_string}\"},\"query-input\":{\"@type\":\"PropertyValueSpecification\",\"valueRequired\":true,\"valueName\":\"search_term_string\"}}],\"inLanguage\":\"en-US\"}]}<\/script>\n<!-- \/ Yoast SEO plugin. -->","yoast_head_json":{"title":"President Milanovi\u0107 Meets with Krijesnica Association Delegation Supporting Children and Families Facing Malignant Diseases - President of the Republic of Croatia - Zoran Milanovi\u0107","robots":{"index":"index","follow":"follow","max-snippet":"max-snippet:-1","max-image-preview":"max-image-preview:large","max-video-preview":"max-video-preview:-1"},"canonical":"https:\/\/www.predsjednik.hr\/en\/news\/president-milanovic-meets-with-krijesnica-association-delegation-supporting-children-and-families-facing-malignant-diseases\/","og_locale":"en_US","og_type":"article","og_title":"President Milanovi\u0107 Meets with Krijesnica Association Delegation Supporting Children and Families Facing Malignant Diseases - President of the Republic of Croatia - Zoran Milanovi\u0107","og_description":"The President of the Republic Zoran Milanovi\u0107 received a delegation from the Krijesnica Association today. This association supports children and families facing malignant diseases, aiming to empower them and provide essential assistance during treatment. Founded in 2000, the Krijesnica Association emerged from an initiative of parents whose children were treated for malignant diseases, alongside medical staff who cared for these children.","og_url":"https:\/\/www.predsjednik.hr\/en\/news\/president-milanovic-meets-with-krijesnica-association-delegation-supporting-children-and-families-facing-malignant-diseases\/","og_site_name":"President of the Republic of Croatia - Zoran Milanovi\u0107","article_modified_time":"2024-05-21T12:46:37+00:00","og_image":[{"width":4490,"height":2526,"url":"https:\/\/www.predsjednik.hr\/wp-content\/uploads\/2024\/05\/DSC_3550.jpg","type":"image\/jpeg"}],"twitter_card":"summary_large_image","twitter_misc":{"Est. reading time":"2 minutes"},"schema":{"@context":"https:\/\/schema.org","@graph":[{"@type":"WebPage","@id":"https:\/\/www.predsjednik.hr\/en\/news\/president-milanovic-meets-with-krijesnica-association-delegation-supporting-children-and-families-facing-malignant-diseases\/","url":"https:\/\/www.predsjednik.hr\/en\/news\/president-milanovic-meets-with-krijesnica-association-delegation-supporting-children-and-families-facing-malignant-diseases\/","name":"President Milanovi\u0107 Meets with Krijesnica Association Delegation Supporting Children and Families Facing Malignant Diseases - President of the Republic of Croatia - Zoran Milanovi\u0107","isPartOf":{"@id":"https:\/\/www.predsjednik.hr\/en\/#website"},"primaryImageOfPage":{"@id":"https:\/\/www.predsjednik.hr\/en\/news\/president-milanovic-meets-with-krijesnica-association-delegation-supporting-children-and-families-facing-malignant-diseases\/#primaryimage"},"image":{"@id":"https:\/\/www.predsjednik.hr\/en\/news\/president-milanovic-meets-with-krijesnica-association-delegation-supporting-children-and-families-facing-malignant-diseases\/#primaryimage"},"thumbnailUrl":"https:\/\/www.predsjednik.hr\/wp-content\/uploads\/2024\/05\/DSC_3550.jpg","datePublished":"2024-05-21T12:00:00+00:00","dateModified":"2024-05-21T12:46:37+00:00","breadcrumb":{"@id":"https:\/\/www.predsjednik.hr\/en\/news\/president-milanovic-meets-with-krijesnica-association-delegation-supporting-children-and-families-facing-malignant-diseases\/#breadcrumb"},"inLanguage":"en-US","potentialAction":[{"@type":"ReadAction","target":["https:\/\/www.predsjednik.hr\/en\/news\/president-milanovic-meets-with-krijesnica-association-delegation-supporting-children-and-families-facing-malignant-diseases\/"]}]},{"@type":"ImageObject","inLanguage":"en-US","@id":"https:\/\/www.predsjednik.hr\/en\/news\/president-milanovic-meets-with-krijesnica-association-delegation-supporting-children-and-families-facing-malignant-diseases\/#primaryimage","url":"https:\/\/www.predsjednik.hr\/wp-content\/uploads\/2024\/05\/DSC_3550.jpg","contentUrl":"https:\/\/www.predsjednik.hr\/wp-content\/uploads\/2024\/05\/DSC_3550.jpg","width":4490,"height":2526},{"@type":"BreadcrumbList","@id":"https:\/\/www.predsjednik.hr\/en\/news\/president-milanovic-meets-with-krijesnica-association-delegation-supporting-children-and-families-facing-malignant-diseases\/#breadcrumb","itemListElement":[{"@type":"ListItem","position":1,"name":"Home","item":"https:\/\/www.predsjednik.hr\/en\/"},{"@type":"ListItem","position":2,"name":"Vijesti","item":"https:\/\/www.predsjednik.hr\/en\/news\/"},{"@type":"ListItem","position":3,"name":"President Milanovi\u0107 Meets with Krijesnica Association Delegation Supporting Children and Families Facing Malignant Diseases"}]},{"@type":"WebSite","@id":"https:\/\/www.predsjednik.hr\/en\/#website","url":"https:\/\/www.predsjednik.hr\/en\/","name":"President of the Republic of Croatia - Zoran Milanovi\u0107","description":"Just another WordPress site","potentialAction":[{"@type":"SearchAction","target":{"@type":"EntryPoint","urlTemplate":"https:\/\/www.predsjednik.hr\/en\/?s={search_term_string}"},"query-input":{"@type":"PropertyValueSpecification","valueRequired":true,"valueName":"search_term_string"}}],"inLanguage":"en-US"}]}},"_links":{"self":[{"href":"https:\/\/www.predsjednik.hr\/en\/wp-json\/wp\/v2\/news\/30292","targetHints":{"allow":["GET"]}}],"collection":[{"href":"https:\/\/www.predsjednik.hr\/en\/wp-json\/wp\/v2\/news"}],"about":[{"href":"https:\/\/www.predsjednik.hr\/en\/wp-json\/wp\/v2\/types\/news"}],"wp:featuredmedia":[{"embeddable":true,"href":"https:\/\/www.predsjednik.hr\/en\/wp-json\/wp\/v2\/media\/30291"}],"wp:attachment":[{"href":"https:\/\/www.predsjednik.hr\/en\/wp-json\/wp\/v2\/media?parent=30292"}],"wp:term":[{"taxonomy":"news-cat","embeddable":true,"href":"https:\/\/www.predsjednik.hr\/en\/wp-json\/wp\/v2\/news-cat?post=30292"}],"curies":[{"name":"wp","href":"https:\/\/api.w.org\/{rel}","templated":true}]}}