{"id":31577,"date":"2024-07-11T14:10:42","date_gmt":"2024-07-11T12:10:42","guid":{"rendered":"https:\/\/www.predsjednik.hr\/?post_type=news&#038;p=31577"},"modified":"2024-07-11T14:10:43","modified_gmt":"2024-07-11T12:10:43","slug":"president-milanovic-participates-at-north-atlantic-council-committee-in-washington","status":"publish","type":"news","link":"https:\/\/www.predsjednik.hr\/en\/news\/president-milanovic-participates-at-north-atlantic-council-committee-in-washington\/","title":{"rendered":"President Milanovi\u0107 Participates at North Atlantic Council Committee in Washington"},"content":{"rendered":"\n<p>On Wednesday the President of the Republic Zoran Milanovi\u0107 and his delegation participated in a meeting of the North Atlantic Council at which the heads of state and government of member states of the Alliance discussed key strategic issues and decisions that are critical for the very future of NATO. A wide range of decisions were adopted at the NATO Summit including the establishment of NATO mechanisms of security assistance and training for Ukraine as well as a political commitment to long-term security and military assistance for Ukraine. Furthermore, a political commitment to bolster the capacity of the defence industry was adopted, followed by a commitment to further boost the resilience of NATO members in support of the Alliance&#8217;s defence, as well as an Action Plan for the Alliance&#8217;s Southern Neighbourhood. All these decisions were included in the Summit Declaration in Washington, which was also accepted on Wednesday at the Summit.<\/p>\n\n\n\n<p>Members of the official delegation accompanying President Milanovi\u0107 at the North Atlantic Council meeting were the Head of the Office of the President of the Republic Orsat Miljeni\u0107, Deputy Prime Minister and Defence Minister Ivan Anu\u0161i\u0107, Minister of Foreign and European Affairs Gordan Grli\u0107 Radman, Ambassador and Permanent Representative of the Republic of Croatia to NATO Mario Nobilo and the Adviser to the President of the Republic for Defence Ivica Oluji\u0107.<\/p>\n\n\n\n<p>Following the meeting, the heads of state and government and their spouses, including President Milanovi\u0107 and his spouse Sanja Musi\u0107 Milanovi\u0107, attended a social dinner in the White House hosted by the President of the USA Joe Biden and First Lady Jill Biden.<\/p>\n\n\n<!--GALLERY BLOCK-->\n<div class=\"c-lightbox-gallery js-lightbox\">\n                <!--single-->\n            <a data-no-swup class=\"c-lightbox-gallery__single js-lightbox-single\"\n               href=\"https:\/\/www.predsjednik.hr\/wp-content\/uploads\/2024\/07\/FVL_0308-1024x592.jpg\"\n               style=\"background-image: url('https:\/\/www.predsjednik.hr\/wp-content\/uploads\/2024\/07\/FVL_0308-768x444.jpg')\"><\/a>\n            <!--end single-->\n                    <!--single-->\n            <a data-no-swup class=\"c-lightbox-gallery__single js-lightbox-single\"\n               href=\"https:\/\/www.predsjednik.hr\/wp-content\/uploads\/2024\/07\/240710f-016-1024x683.jpg\"\n               style=\"background-image: url('https:\/\/www.predsjednik.hr\/wp-content\/uploads\/2024\/07\/240710f-016-768x512.jpg')\"><\/a>\n            <!--end single-->\n                    <!--single-->\n            <a data-no-swup class=\"c-lightbox-gallery__single js-lightbox-single\"\n               href=\"https:\/\/www.predsjednik.hr\/wp-content\/uploads\/2024\/07\/DSC_0868-1024x576.jpg\"\n               style=\"background-image: url('https:\/\/www.predsjednik.hr\/wp-content\/uploads\/2024\/07\/DSC_0868-768x432.jpg')\"><\/a>\n            <!--end single-->\n                    <!--single-->\n            <a data-no-swup class=\"c-lightbox-gallery__single js-lightbox-single\"\n               href=\"https:\/\/www.predsjednik.hr\/wp-content\/uploads\/2024\/07\/DSC_0866-1024x576.jpg\"\n               style=\"background-image: url('https:\/\/www.predsjednik.hr\/wp-content\/uploads\/2024\/07\/DSC_0866-768x432.jpg')\"><\/a>\n            <!--end single-->\n                    <!--single-->\n            <a data-no-swup class=\"c-lightbox-gallery__single js-lightbox-single\"\n               href=\"https:\/\/www.predsjednik.hr\/wp-content\/uploads\/2024\/07\/DSC_0856-1024x576.jpg\"\n               style=\"background-image: url('https:\/\/www.predsjednik.hr\/wp-content\/uploads\/2024\/07\/DSC_0856-768x432.jpg')\"><\/a>\n            <!--end single-->\n                    <!--single-->\n            <a data-no-swup class=\"c-lightbox-gallery__single js-lightbox-single\"\n               href=\"https:\/\/www.predsjednik.hr\/wp-content\/uploads\/2024\/07\/DSC_0850-1024x576.jpg\"\n               style=\"background-image: url('https:\/\/www.predsjednik.hr\/wp-content\/uploads\/2024\/07\/DSC_0850-768x432.jpg')\"><\/a>\n            <!--end single-->\n                    <!--single-->\n            <a data-no-swup class=\"c-lightbox-gallery__single js-lightbox-single\"\n               href=\"https:\/\/www.predsjednik.hr\/wp-content\/uploads\/2024\/07\/DSC_0799-1024x576.jpg\"\n               style=\"background-image: url('https:\/\/www.predsjednik.hr\/wp-content\/uploads\/2024\/07\/DSC_0799-768x432.jpg')\"><\/a>\n            <!--end single-->\n                    <!--single-->\n            <a data-no-swup class=\"c-lightbox-gallery__single js-lightbox-single\"\n               href=\"https:\/\/www.predsjednik.hr\/wp-content\/uploads\/2024\/07\/DSC_0787-1024x576.jpg\"\n               style=\"background-image: url('https:\/\/www.predsjednik.hr\/wp-content\/uploads\/2024\/07\/DSC_0787-768x432.jpg')\"><\/a>\n            <!--end single-->\n                    <!--single-->\n            <a data-no-swup class=\"c-lightbox-gallery__single js-lightbox-single\"\n               href=\"https:\/\/www.predsjednik.hr\/wp-content\/uploads\/2024\/07\/DSC_0758-1024x731.jpg\"\n               style=\"background-image: url('https:\/\/www.predsjednik.hr\/wp-content\/uploads\/2024\/07\/DSC_0758-768x549.jpg')\"><\/a>\n            <!--end single-->\n                    <!--single-->\n            <a data-no-swup class=\"c-lightbox-gallery__single js-lightbox-single\"\n               href=\"https:\/\/www.predsjednik.hr\/wp-content\/uploads\/2024\/07\/DSC_0716-1024x732.jpg\"\n               style=\"background-image: url('https:\/\/www.predsjednik.hr\/wp-content\/uploads\/2024\/07\/DSC_0716-768x549.jpg')\"><\/a>\n            <!--end single-->\n                    <!--single-->\n            <a data-no-swup class=\"c-lightbox-gallery__single js-lightbox-single\"\n               href=\"https:\/\/www.predsjednik.hr\/wp-content\/uploads\/2024\/07\/DSC_1018-1-1024x731.jpg\"\n               style=\"background-image: url('https:\/\/www.predsjednik.hr\/wp-content\/uploads\/2024\/07\/DSC_1018-1-768x548.jpg')\"><\/a>\n            <!--end single-->\n                    <!--single-->\n            <a data-no-swup class=\"c-lightbox-gallery__single js-lightbox-single\"\n               href=\"https:\/\/www.predsjednik.hr\/wp-content\/uploads\/2024\/07\/DSC_0997-1-1024x576.jpg\"\n               style=\"background-image: url('https:\/\/www.predsjednik.hr\/wp-content\/uploads\/2024\/07\/DSC_0997-1-768x432.jpg')\"><\/a>\n            <!--end single-->\n                    <!--single-->\n            <a data-no-swup class=\"c-lightbox-gallery__single js-lightbox-single\"\n               href=\"https:\/\/www.predsjednik.hr\/wp-content\/uploads\/2024\/07\/DSC_0977-1024x576.jpg\"\n               style=\"background-image: url('https:\/\/www.predsjednik.hr\/wp-content\/uploads\/2024\/07\/DSC_0977-768x432.jpg')\"><\/a>\n            <!--end single-->\n                    <!--single-->\n            <a data-no-swup class=\"c-lightbox-gallery__single js-lightbox-single\"\n               href=\"https:\/\/www.predsjednik.hr\/wp-content\/uploads\/2024\/07\/DSC_0976-732x1024.jpg\"\n               style=\"background-image: url('https:\/\/www.predsjednik.hr\/wp-content\/uploads\/2024\/07\/DSC_0976-768x1075.jpg')\"><\/a>\n            <!--end single-->\n                    <!--single-->\n            <a data-no-swup class=\"c-lightbox-gallery__single js-lightbox-single\"\n               href=\"https:\/\/www.predsjednik.hr\/wp-content\/uploads\/2024\/07\/DSC_0959-1024x732.jpg\"\n               style=\"background-image: url('https:\/\/www.predsjednik.hr\/wp-content\/uploads\/2024\/07\/DSC_0959-768x549.jpg')\"><\/a>\n            <!--end single-->\n                    <!--single-->\n            <a data-no-swup class=\"c-lightbox-gallery__single js-lightbox-single\"\n               href=\"https:\/\/www.predsjednik.hr\/wp-content\/uploads\/2024\/07\/DSC_0927-1024x576.jpg\"\n               style=\"background-image: url('https:\/\/www.predsjednik.hr\/wp-content\/uploads\/2024\/07\/DSC_0927-768x432.jpg')\"><\/a>\n            <!--end single-->\n                    <!--single-->\n            <a data-no-swup class=\"c-lightbox-gallery__single js-lightbox-single\"\n               href=\"https:\/\/www.predsjednik.hr\/wp-content\/uploads\/2024\/07\/DSC_0920-1024x576.jpg\"\n               style=\"background-image: url('https:\/\/www.predsjednik.hr\/wp-content\/uploads\/2024\/07\/DSC_0920-768x432.jpg')\"><\/a>\n            <!--end single-->\n                    <!--single-->\n            <a data-no-swup class=\"c-lightbox-gallery__single js-lightbox-single\"\n               href=\"https:\/\/www.predsjednik.hr\/wp-content\/uploads\/2024\/07\/DSC_1146-1024x576.jpg\"\n               style=\"background-image: url('https:\/\/www.predsjednik.hr\/wp-content\/uploads\/2024\/07\/DSC_1146-768x432.jpg')\"><\/a>\n            <!--end single-->\n                    <!--single-->\n            <a data-no-swup class=\"c-lightbox-gallery__single js-lightbox-single\"\n               href=\"https:\/\/www.predsjednik.hr\/wp-content\/uploads\/2024\/07\/DSC_1071-1024x731.jpg\"\n               style=\"background-image: url('https:\/\/www.predsjednik.hr\/wp-content\/uploads\/2024\/07\/DSC_1071-768x548.jpg')\"><\/a>\n            <!--end single-->\n        <\/div>\n<!--end GALLERY BLOCK-->\n\n\n\n<p>PHOTO: Office of the President of the Republic of Croatia \/ Filip Glas &amp; NATO<\/p>\n","protected":false},"excerpt":{"rendered":"<p>On Wednesday the President of the Republic Zoran Milanovi\u0107 and his delegation participated in a meeting of the North Atlantic Council at which the heads of state and government of member states of the Alliance discussed key strategic issues and decisions that are critical for the very future of NATO. A wide range of decisions were adopted at the NATO Summit including the establishment of NATO mechanisms of security assistance and training for Ukraine as well as a political commitment to long-term security and military assistance for Ukraine. <\/p>\n","protected":false},"featured_media":31574,"template":"","news-cat":[12],"class_list":["post-31577","news","type-news","status-publish","has-post-thumbnail","hentry","news-cat-news"],"acf":[],"yoast_head":"<!-- This site is optimized with the Yoast SEO plugin v27.5 - https:\/\/yoast.com\/product\/yoast-seo-wordpress\/ -->\n<title>President Milanovi\u0107 Participates at North Atlantic Council Committee in Washington - President of the Republic of Croatia - Zoran Milanovi\u0107<\/title>\n<meta name=\"robots\" content=\"index, follow, max-snippet:-1, max-image-preview:large, max-video-preview:-1\" \/>\n<link rel=\"canonical\" href=\"https:\/\/www.predsjednik.hr\/en\/news\/president-milanovic-participates-at-north-atlantic-council-committee-in-washington\/\" \/>\n<meta property=\"og:locale\" content=\"en_US\" \/>\n<meta property=\"og:type\" content=\"article\" \/>\n<meta property=\"og:title\" content=\"President Milanovi\u0107 Participates at North Atlantic Council Committee in Washington - President of the Republic of Croatia - Zoran Milanovi\u0107\" \/>\n<meta property=\"og:description\" content=\"On Wednesday the President of the Republic Zoran Milanovi\u0107 and his delegation participated in a meeting of the North Atlantic Council at which the heads of state and government of member states of the Alliance discussed key strategic issues and decisions that are critical for the very future of NATO. A wide range of decisions were adopted at the NATO Summit including the establishment of NATO mechanisms of security assistance and training for Ukraine as well as a political commitment to long-term security and military assistance for Ukraine.\" \/>\n<meta property=\"og:url\" content=\"https:\/\/www.predsjednik.hr\/en\/news\/president-milanovic-participates-at-north-atlantic-council-committee-in-washington\/\" \/>\n<meta property=\"og:site_name\" content=\"President of the Republic of Croatia - Zoran Milanovi\u0107\" \/>\n<meta property=\"article:modified_time\" content=\"2024-07-11T12:10:43+00:00\" \/>\n<meta property=\"og:image\" content=\"https:\/\/www.predsjednik.hr\/wp-content\/uploads\/2024\/07\/240710f-016-Copy.jpg\" \/>\n\t<meta property=\"og:image:width\" content=\"5837\" \/>\n\t<meta property=\"og:image:height\" content=\"3283\" \/>\n\t<meta property=\"og:image:type\" content=\"image\/jpeg\" \/>\n<meta name=\"twitter:card\" content=\"summary_large_image\" \/>\n<meta name=\"twitter:label1\" content=\"Est. reading time\" \/>\n\t<meta name=\"twitter:data1\" content=\"1 minute\" \/>\n<script type=\"application\/ld+json\" class=\"yoast-schema-graph\">{\"@context\":\"https:\\\/\\\/schema.org\",\"@graph\":[{\"@type\":\"WebPage\",\"@id\":\"https:\\\/\\\/www.predsjednik.hr\\\/en\\\/news\\\/president-milanovic-participates-at-north-atlantic-council-committee-in-washington\\\/\",\"url\":\"https:\\\/\\\/www.predsjednik.hr\\\/en\\\/news\\\/president-milanovic-participates-at-north-atlantic-council-committee-in-washington\\\/\",\"name\":\"President Milanovi\u0107 Participates at North Atlantic Council Committee in Washington - President of the Republic of Croatia - Zoran Milanovi\u0107\",\"isPartOf\":{\"@id\":\"https:\\\/\\\/www.predsjednik.hr\\\/en\\\/#website\"},\"primaryImageOfPage\":{\"@id\":\"https:\\\/\\\/www.predsjednik.hr\\\/en\\\/news\\\/president-milanovic-participates-at-north-atlantic-council-committee-in-washington\\\/#primaryimage\"},\"image\":{\"@id\":\"https:\\\/\\\/www.predsjednik.hr\\\/en\\\/news\\\/president-milanovic-participates-at-north-atlantic-council-committee-in-washington\\\/#primaryimage\"},\"thumbnailUrl\":\"https:\\\/\\\/www.predsjednik.hr\\\/wp-content\\\/uploads\\\/2024\\\/07\\\/240710f-016-Copy.jpg\",\"datePublished\":\"2024-07-11T12:10:42+00:00\",\"dateModified\":\"2024-07-11T12:10:43+00:00\",\"breadcrumb\":{\"@id\":\"https:\\\/\\\/www.predsjednik.hr\\\/en\\\/news\\\/president-milanovic-participates-at-north-atlantic-council-committee-in-washington\\\/#breadcrumb\"},\"inLanguage\":\"en-US\",\"potentialAction\":[{\"@type\":\"ReadAction\",\"target\":[\"https:\\\/\\\/www.predsjednik.hr\\\/en\\\/news\\\/president-milanovic-participates-at-north-atlantic-council-committee-in-washington\\\/\"]}]},{\"@type\":\"ImageObject\",\"inLanguage\":\"en-US\",\"@id\":\"https:\\\/\\\/www.predsjednik.hr\\\/en\\\/news\\\/president-milanovic-participates-at-north-atlantic-council-committee-in-washington\\\/#primaryimage\",\"url\":\"https:\\\/\\\/www.predsjednik.hr\\\/wp-content\\\/uploads\\\/2024\\\/07\\\/240710f-016-Copy.jpg\",\"contentUrl\":\"https:\\\/\\\/www.predsjednik.hr\\\/wp-content\\\/uploads\\\/2024\\\/07\\\/240710f-016-Copy.jpg\",\"width\":5837,\"height\":3283},{\"@type\":\"BreadcrumbList\",\"@id\":\"https:\\\/\\\/www.predsjednik.hr\\\/en\\\/news\\\/president-milanovic-participates-at-north-atlantic-council-committee-in-washington\\\/#breadcrumb\",\"itemListElement\":[{\"@type\":\"ListItem\",\"position\":1,\"name\":\"Home\",\"item\":\"https:\\\/\\\/www.predsjednik.hr\\\/en\\\/\"},{\"@type\":\"ListItem\",\"position\":2,\"name\":\"Vijesti\",\"item\":\"https:\\\/\\\/www.predsjednik.hr\\\/en\\\/news\\\/\"},{\"@type\":\"ListItem\",\"position\":3,\"name\":\"President Milanovi\u0107 Participates at North Atlantic Council Committee in Washington\"}]},{\"@type\":\"WebSite\",\"@id\":\"https:\\\/\\\/www.predsjednik.hr\\\/en\\\/#website\",\"url\":\"https:\\\/\\\/www.predsjednik.hr\\\/en\\\/\",\"name\":\"President of the Republic of Croatia - Zoran Milanovi\u0107\",\"description\":\"Just another WordPress site\",\"potentialAction\":[{\"@type\":\"SearchAction\",\"target\":{\"@type\":\"EntryPoint\",\"urlTemplate\":\"https:\\\/\\\/www.predsjednik.hr\\\/en\\\/?s={search_term_string}\"},\"query-input\":{\"@type\":\"PropertyValueSpecification\",\"valueRequired\":true,\"valueName\":\"search_term_string\"}}],\"inLanguage\":\"en-US\"}]}<\/script>\n<!-- \/ Yoast SEO plugin. -->","yoast_head_json":{"title":"President Milanovi\u0107 Participates at North Atlantic Council Committee in Washington - President of the Republic of Croatia - Zoran Milanovi\u0107","robots":{"index":"index","follow":"follow","max-snippet":"max-snippet:-1","max-image-preview":"max-image-preview:large","max-video-preview":"max-video-preview:-1"},"canonical":"https:\/\/www.predsjednik.hr\/en\/news\/president-milanovic-participates-at-north-atlantic-council-committee-in-washington\/","og_locale":"en_US","og_type":"article","og_title":"President Milanovi\u0107 Participates at North Atlantic Council Committee in Washington - President of the Republic of Croatia - Zoran Milanovi\u0107","og_description":"On Wednesday the President of the Republic Zoran Milanovi\u0107 and his delegation participated in a meeting of the North Atlantic Council at which the heads of state and government of member states of the Alliance discussed key strategic issues and decisions that are critical for the very future of NATO. A wide range of decisions were adopted at the NATO Summit including the establishment of NATO mechanisms of security assistance and training for Ukraine as well as a political commitment to long-term security and military assistance for Ukraine.","og_url":"https:\/\/www.predsjednik.hr\/en\/news\/president-milanovic-participates-at-north-atlantic-council-committee-in-washington\/","og_site_name":"President of the Republic of Croatia - Zoran Milanovi\u0107","article_modified_time":"2024-07-11T12:10:43+00:00","og_image":[{"width":5837,"height":3283,"url":"https:\/\/www.predsjednik.hr\/wp-content\/uploads\/2024\/07\/240710f-016-Copy.jpg","type":"image\/jpeg"}],"twitter_card":"summary_large_image","twitter_misc":{"Est. reading time":"1 minute"},"schema":{"@context":"https:\/\/schema.org","@graph":[{"@type":"WebPage","@id":"https:\/\/www.predsjednik.hr\/en\/news\/president-milanovic-participates-at-north-atlantic-council-committee-in-washington\/","url":"https:\/\/www.predsjednik.hr\/en\/news\/president-milanovic-participates-at-north-atlantic-council-committee-in-washington\/","name":"President Milanovi\u0107 Participates at North Atlantic Council Committee in Washington - President of the Republic of Croatia - Zoran Milanovi\u0107","isPartOf":{"@id":"https:\/\/www.predsjednik.hr\/en\/#website"},"primaryImageOfPage":{"@id":"https:\/\/www.predsjednik.hr\/en\/news\/president-milanovic-participates-at-north-atlantic-council-committee-in-washington\/#primaryimage"},"image":{"@id":"https:\/\/www.predsjednik.hr\/en\/news\/president-milanovic-participates-at-north-atlantic-council-committee-in-washington\/#primaryimage"},"thumbnailUrl":"https:\/\/www.predsjednik.hr\/wp-content\/uploads\/2024\/07\/240710f-016-Copy.jpg","datePublished":"2024-07-11T12:10:42+00:00","dateModified":"2024-07-11T12:10:43+00:00","breadcrumb":{"@id":"https:\/\/www.predsjednik.hr\/en\/news\/president-milanovic-participates-at-north-atlantic-council-committee-in-washington\/#breadcrumb"},"inLanguage":"en-US","potentialAction":[{"@type":"ReadAction","target":["https:\/\/www.predsjednik.hr\/en\/news\/president-milanovic-participates-at-north-atlantic-council-committee-in-washington\/"]}]},{"@type":"ImageObject","inLanguage":"en-US","@id":"https:\/\/www.predsjednik.hr\/en\/news\/president-milanovic-participates-at-north-atlantic-council-committee-in-washington\/#primaryimage","url":"https:\/\/www.predsjednik.hr\/wp-content\/uploads\/2024\/07\/240710f-016-Copy.jpg","contentUrl":"https:\/\/www.predsjednik.hr\/wp-content\/uploads\/2024\/07\/240710f-016-Copy.jpg","width":5837,"height":3283},{"@type":"BreadcrumbList","@id":"https:\/\/www.predsjednik.hr\/en\/news\/president-milanovic-participates-at-north-atlantic-council-committee-in-washington\/#breadcrumb","itemListElement":[{"@type":"ListItem","position":1,"name":"Home","item":"https:\/\/www.predsjednik.hr\/en\/"},{"@type":"ListItem","position":2,"name":"Vijesti","item":"https:\/\/www.predsjednik.hr\/en\/news\/"},{"@type":"ListItem","position":3,"name":"President Milanovi\u0107 Participates at North Atlantic Council Committee in Washington"}]},{"@type":"WebSite","@id":"https:\/\/www.predsjednik.hr\/en\/#website","url":"https:\/\/www.predsjednik.hr\/en\/","name":"President of the Republic of Croatia - Zoran Milanovi\u0107","description":"Just another WordPress site","potentialAction":[{"@type":"SearchAction","target":{"@type":"EntryPoint","urlTemplate":"https:\/\/www.predsjednik.hr\/en\/?s={search_term_string}"},"query-input":{"@type":"PropertyValueSpecification","valueRequired":true,"valueName":"search_term_string"}}],"inLanguage":"en-US"}]}},"_links":{"self":[{"href":"https:\/\/www.predsjednik.hr\/en\/wp-json\/wp\/v2\/news\/31577","targetHints":{"allow":["GET"]}}],"collection":[{"href":"https:\/\/www.predsjednik.hr\/en\/wp-json\/wp\/v2\/news"}],"about":[{"href":"https:\/\/www.predsjednik.hr\/en\/wp-json\/wp\/v2\/types\/news"}],"wp:featuredmedia":[{"embeddable":true,"href":"https:\/\/www.predsjednik.hr\/en\/wp-json\/wp\/v2\/media\/31574"}],"wp:attachment":[{"href":"https:\/\/www.predsjednik.hr\/en\/wp-json\/wp\/v2\/media?parent=31577"}],"wp:term":[{"taxonomy":"news-cat","embeddable":true,"href":"https:\/\/www.predsjednik.hr\/en\/wp-json\/wp\/v2\/news-cat?post=31577"}],"curies":[{"name":"wp","href":"https:\/\/api.w.org\/{rel}","templated":true}]}}