{"id":32065,"date":"2024-08-15T10:51:00","date_gmt":"2024-08-15T08:51:00","guid":{"rendered":"https:\/\/www.predsjednik.hr\/?post_type=news&#038;p=32065"},"modified":"2024-08-16T11:53:08","modified_gmt":"2024-08-16T09:53:08","slug":"president-milanovic-on-immigration-its-the-biggest-challenge-croatia-faces","status":"publish","type":"news","link":"https:\/\/www.predsjednik.hr\/en\/news\/president-milanovic-on-immigration-its-the-biggest-challenge-croatia-faces\/","title":{"rendered":"President Milanovi\u0107 on Immigration: It\u2019s the biggest challenge Croatia faces\u00a0"},"content":{"rendered":"\n<p>\u201cAfter people, space is the greatest asset of this region and of Croatian tourism. This island, i.e. the largest part of the inhabited area of \u200b\u200bthe island, is mature and spatially defined because it has passed its formative period. In the last thirty years, apart from constant work on improvements, there have been no major five-year interventions and new non-building projects, more or less it has remained as it was then. I look at this island and admire it. This should be preserved&#8221;, the President of the Republic Zoran Milanovi\u0107 stated last night at the special session of the Municipal Council of Jelsa, on island of Hvar, where he is staying on the occasion of Municipal Day and the Feast of the Assumption of the Blessed Virgin Mary.<\/p>\n\n\n\n<p>Speaking further about Jelsa, President Milanovi\u0107 believes that the current limits that this area can withstand are sufficient, otherwise saturation would occur. &#8220;You should strive for better, better quality, something special, be aware of what our strong assets are, and they are the sun and the sea that nature and God have given us. This is a competitive advantage of Croatia that other countries generally do not have. Therefore, we should guard it jealously with all our might and think about it every day. We are good at it, you are, and it is up to us to refine it and not botch it up,&#8221; he said.<\/p>\n\n\n\n<p>In his address, the President of the Republic said that the arrival of foreigners is a reality and at the same time the biggest challenge Croatia faces. \u201cOur population is declining and we can give in to moral panic and talk about Croatia&#8217;s demise, but the number of Croatian people will not increase in the coming period. It\u2019s not realistic to expect that,&#8221; he said.<\/p>\n\n\n\n<p>\u201cWars in the east between Russia and Ukraine, crimes in Gaza, murders, war crimes \u2013 these are all things that we are watching, but from which, if we are a little smart, we will get out and mind our own business. However, this concerns us because we are a small country with a special culture. The process of the arrival of foreigners to our country should be strictly defined, measured and observed from all sides with the aim of making them learn the language and accept the local culture, but I am not including religion\u201d, stressed President Milanovi\u0107, adding that we must adapt to reality because we need people.<\/p>\n\n\n\n<p>\u201cWe will have to roll up our sleeves and teach our children and grandchildren about it,\u201d he concluded.<\/p>\n\n\n\n<p>Speaking at the special session in addition to President Milanovi\u0107 were the president of the Municipal Council of Jelsa Jure Gurduli\u0107, the head of the Municipality Nik\u0161a Peronja and the Minister of Health Vili Bero\u0161. On the occasion of Municipal Day public recognitions and awards were presented to deserving individuals and organizations.<\/p>\n\n\n\n<p>Alongside President Milanovi\u0107 was the Head of the Cabinet of the President Bartol \u0160imuni\u0107 and the Adviser to the President for Education Jadranka \u017darkovi\u0107.<\/p>\n\n\n<!--GALLERY BLOCK-->\n<div class=\"c-lightbox-gallery js-lightbox\">\n                <!--single-->\n            <a data-no-swup class=\"c-lightbox-gallery__single js-lightbox-single\"\n               href=\"https:\/\/www.predsjednik.hr\/wp-content\/uploads\/2024\/08\/DSC_6598-1024x683.jpg\"\n               style=\"background-image: url('https:\/\/www.predsjednik.hr\/wp-content\/uploads\/2024\/08\/DSC_6598-768x512.jpg')\"><\/a>\n            <!--end single-->\n                    <!--single-->\n            <a data-no-swup class=\"c-lightbox-gallery__single js-lightbox-single\"\n               href=\"https:\/\/www.predsjednik.hr\/wp-content\/uploads\/2024\/08\/DSC_6760-1024x668.jpg\"\n               style=\"background-image: url('https:\/\/www.predsjednik.hr\/wp-content\/uploads\/2024\/08\/DSC_6760-768x501.jpg')\"><\/a>\n            <!--end single-->\n                    <!--single-->\n            <a data-no-swup class=\"c-lightbox-gallery__single js-lightbox-single\"\n               href=\"https:\/\/www.predsjednik.hr\/wp-content\/uploads\/2024\/08\/DSC_6935-1024x652.jpg\"\n               style=\"background-image: url('https:\/\/www.predsjednik.hr\/wp-content\/uploads\/2024\/08\/DSC_6935-768x489.jpg')\"><\/a>\n            <!--end single-->\n                    <!--single-->\n            <a data-no-swup class=\"c-lightbox-gallery__single js-lightbox-single\"\n               href=\"https:\/\/www.predsjednik.hr\/wp-content\/uploads\/2024\/08\/DSC_7056-1024x651.jpg\"\n               style=\"background-image: url('https:\/\/www.predsjednik.hr\/wp-content\/uploads\/2024\/08\/DSC_7056-768x488.jpg')\"><\/a>\n            <!--end single-->\n        <\/div>\n<!--end GALLERY BLOCK-->\n\n\n\n<p>PHOTO: Office of the President of the Republic of Croatia \/ Tomislav Bu\u0161ljeta<\/p>\n","protected":false},"excerpt":{"rendered":"<p>\u201cAfter people, space is the greatest asset of this region and of Croatian tourism. This island, i.e. the largest part of the inhabited area of the island, is mature and spatially defined because it has passed its formative period. In the last thirty years, apart from constant work on improvements, there have been no major five-year interventions and new non-building projects, more or less it has remained as it was then. I look at this island and admire it. This should be preserved&#8221;, the President of the Republic Zoran Milanovi\u0107 stated last night at the special session of the Municipal Council of Jelsa, on island of Hvar, where he is staying on the occasion of Municipal Day and the Feast of the Assumption of the Blessed Virgin Mary.<\/p>\n","protected":false},"featured_media":32059,"template":"","news-cat":[12],"class_list":["post-32065","news","type-news","status-publish","has-post-thumbnail","hentry","news-cat-news"],"acf":[],"yoast_head":"<!-- This site is optimized with the Yoast SEO plugin v27.5 - https:\/\/yoast.com\/product\/yoast-seo-wordpress\/ -->\n<title>President Milanovi\u0107 on Immigration: It\u2019s the biggest challenge Croatia faces\u00a0 - President of the Republic of Croatia - Zoran Milanovi\u0107<\/title>\n<meta name=\"robots\" content=\"index, follow, max-snippet:-1, max-image-preview:large, max-video-preview:-1\" \/>\n<link rel=\"canonical\" href=\"https:\/\/www.predsjednik.hr\/en\/news\/president-milanovic-on-immigration-its-the-biggest-challenge-croatia-faces\/\" \/>\n<meta property=\"og:locale\" content=\"en_US\" \/>\n<meta property=\"og:type\" content=\"article\" \/>\n<meta property=\"og:title\" content=\"President Milanovi\u0107 on Immigration: It\u2019s the biggest challenge Croatia faces\u00a0 - President of the Republic of Croatia - Zoran Milanovi\u0107\" \/>\n<meta property=\"og:description\" content=\"\u201cAfter people, space is the greatest asset of this region and of Croatian tourism. This island, i.e. the largest part of the inhabited area of the island, is mature and spatially defined because it has passed its formative period. In the last thirty years, apart from constant work on improvements, there have been no major five-year interventions and new non-building projects, more or less it has remained as it was then. I look at this island and admire it. This should be preserved&quot;, the President of the Republic Zoran Milanovi\u0107 stated last night at the special session of the Municipal Council of Jelsa, on island of Hvar, where he is staying on the occasion of Municipal Day and the Feast of the Assumption of the Blessed Virgin Mary.\" \/>\n<meta property=\"og:url\" content=\"https:\/\/www.predsjednik.hr\/en\/news\/president-milanovic-on-immigration-its-the-biggest-challenge-croatia-faces\/\" \/>\n<meta property=\"og:site_name\" content=\"President of the Republic of Croatia - Zoran Milanovi\u0107\" \/>\n<meta property=\"article:modified_time\" content=\"2024-08-16T09:53:08+00:00\" \/>\n<meta property=\"og:image\" content=\"https:\/\/www.predsjednik.hr\/wp-content\/uploads\/2024\/08\/DSC_6935.jpg\" \/>\n\t<meta property=\"og:image:width\" content=\"5929\" \/>\n\t<meta property=\"og:image:height\" content=\"3778\" \/>\n\t<meta property=\"og:image:type\" content=\"image\/jpeg\" \/>\n<meta name=\"twitter:card\" content=\"summary_large_image\" \/>\n<meta name=\"twitter:label1\" content=\"Est. reading time\" \/>\n\t<meta name=\"twitter:data1\" content=\"3 minutes\" \/>\n<script type=\"application\/ld+json\" class=\"yoast-schema-graph\">{\"@context\":\"https:\\\/\\\/schema.org\",\"@graph\":[{\"@type\":\"WebPage\",\"@id\":\"https:\\\/\\\/www.predsjednik.hr\\\/en\\\/news\\\/president-milanovic-on-immigration-its-the-biggest-challenge-croatia-faces\\\/\",\"url\":\"https:\\\/\\\/www.predsjednik.hr\\\/en\\\/news\\\/president-milanovic-on-immigration-its-the-biggest-challenge-croatia-faces\\\/\",\"name\":\"President Milanovi\u0107 on Immigration: It\u2019s the biggest challenge Croatia faces\u00a0 - President of the Republic of Croatia - Zoran Milanovi\u0107\",\"isPartOf\":{\"@id\":\"https:\\\/\\\/www.predsjednik.hr\\\/en\\\/#website\"},\"primaryImageOfPage\":{\"@id\":\"https:\\\/\\\/www.predsjednik.hr\\\/en\\\/news\\\/president-milanovic-on-immigration-its-the-biggest-challenge-croatia-faces\\\/#primaryimage\"},\"image\":{\"@id\":\"https:\\\/\\\/www.predsjednik.hr\\\/en\\\/news\\\/president-milanovic-on-immigration-its-the-biggest-challenge-croatia-faces\\\/#primaryimage\"},\"thumbnailUrl\":\"https:\\\/\\\/www.predsjednik.hr\\\/wp-content\\\/uploads\\\/2024\\\/08\\\/DSC_6935.jpg\",\"datePublished\":\"2024-08-15T08:51:00+00:00\",\"dateModified\":\"2024-08-16T09:53:08+00:00\",\"breadcrumb\":{\"@id\":\"https:\\\/\\\/www.predsjednik.hr\\\/en\\\/news\\\/president-milanovic-on-immigration-its-the-biggest-challenge-croatia-faces\\\/#breadcrumb\"},\"inLanguage\":\"en-US\",\"potentialAction\":[{\"@type\":\"ReadAction\",\"target\":[\"https:\\\/\\\/www.predsjednik.hr\\\/en\\\/news\\\/president-milanovic-on-immigration-its-the-biggest-challenge-croatia-faces\\\/\"]}]},{\"@type\":\"ImageObject\",\"inLanguage\":\"en-US\",\"@id\":\"https:\\\/\\\/www.predsjednik.hr\\\/en\\\/news\\\/president-milanovic-on-immigration-its-the-biggest-challenge-croatia-faces\\\/#primaryimage\",\"url\":\"https:\\\/\\\/www.predsjednik.hr\\\/wp-content\\\/uploads\\\/2024\\\/08\\\/DSC_6935.jpg\",\"contentUrl\":\"https:\\\/\\\/www.predsjednik.hr\\\/wp-content\\\/uploads\\\/2024\\\/08\\\/DSC_6935.jpg\",\"width\":5929,\"height\":3778},{\"@type\":\"BreadcrumbList\",\"@id\":\"https:\\\/\\\/www.predsjednik.hr\\\/en\\\/news\\\/president-milanovic-on-immigration-its-the-biggest-challenge-croatia-faces\\\/#breadcrumb\",\"itemListElement\":[{\"@type\":\"ListItem\",\"position\":1,\"name\":\"Home\",\"item\":\"https:\\\/\\\/www.predsjednik.hr\\\/en\\\/\"},{\"@type\":\"ListItem\",\"position\":2,\"name\":\"Vijesti\",\"item\":\"https:\\\/\\\/www.predsjednik.hr\\\/en\\\/news\\\/\"},{\"@type\":\"ListItem\",\"position\":3,\"name\":\"President Milanovi\u0107 on Immigration: It\u2019s the biggest challenge Croatia faces\u00a0\"}]},{\"@type\":\"WebSite\",\"@id\":\"https:\\\/\\\/www.predsjednik.hr\\\/en\\\/#website\",\"url\":\"https:\\\/\\\/www.predsjednik.hr\\\/en\\\/\",\"name\":\"President of the Republic of Croatia - Zoran Milanovi\u0107\",\"description\":\"Just another WordPress site\",\"potentialAction\":[{\"@type\":\"SearchAction\",\"target\":{\"@type\":\"EntryPoint\",\"urlTemplate\":\"https:\\\/\\\/www.predsjednik.hr\\\/en\\\/?s={search_term_string}\"},\"query-input\":{\"@type\":\"PropertyValueSpecification\",\"valueRequired\":true,\"valueName\":\"search_term_string\"}}],\"inLanguage\":\"en-US\"}]}<\/script>\n<!-- \/ Yoast SEO plugin. -->","yoast_head_json":{"title":"President Milanovi\u0107 on Immigration: It\u2019s the biggest challenge Croatia faces\u00a0 - President of the Republic of Croatia - Zoran Milanovi\u0107","robots":{"index":"index","follow":"follow","max-snippet":"max-snippet:-1","max-image-preview":"max-image-preview:large","max-video-preview":"max-video-preview:-1"},"canonical":"https:\/\/www.predsjednik.hr\/en\/news\/president-milanovic-on-immigration-its-the-biggest-challenge-croatia-faces\/","og_locale":"en_US","og_type":"article","og_title":"President Milanovi\u0107 on Immigration: It\u2019s the biggest challenge Croatia faces\u00a0 - President of the Republic of Croatia - Zoran Milanovi\u0107","og_description":"\u201cAfter people, space is the greatest asset of this region and of Croatian tourism. This island, i.e. the largest part of the inhabited area of the island, is mature and spatially defined because it has passed its formative period. In the last thirty years, apart from constant work on improvements, there have been no major five-year interventions and new non-building projects, more or less it has remained as it was then. I look at this island and admire it. This should be preserved\", the President of the Republic Zoran Milanovi\u0107 stated last night at the special session of the Municipal Council of Jelsa, on island of Hvar, where he is staying on the occasion of Municipal Day and the Feast of the Assumption of the Blessed Virgin Mary.","og_url":"https:\/\/www.predsjednik.hr\/en\/news\/president-milanovic-on-immigration-its-the-biggest-challenge-croatia-faces\/","og_site_name":"President of the Republic of Croatia - Zoran Milanovi\u0107","article_modified_time":"2024-08-16T09:53:08+00:00","og_image":[{"width":5929,"height":3778,"url":"https:\/\/www.predsjednik.hr\/wp-content\/uploads\/2024\/08\/DSC_6935.jpg","type":"image\/jpeg"}],"twitter_card":"summary_large_image","twitter_misc":{"Est. reading time":"3 minutes"},"schema":{"@context":"https:\/\/schema.org","@graph":[{"@type":"WebPage","@id":"https:\/\/www.predsjednik.hr\/en\/news\/president-milanovic-on-immigration-its-the-biggest-challenge-croatia-faces\/","url":"https:\/\/www.predsjednik.hr\/en\/news\/president-milanovic-on-immigration-its-the-biggest-challenge-croatia-faces\/","name":"President Milanovi\u0107 on Immigration: It\u2019s the biggest challenge Croatia faces\u00a0 - President of the Republic of Croatia - Zoran Milanovi\u0107","isPartOf":{"@id":"https:\/\/www.predsjednik.hr\/en\/#website"},"primaryImageOfPage":{"@id":"https:\/\/www.predsjednik.hr\/en\/news\/president-milanovic-on-immigration-its-the-biggest-challenge-croatia-faces\/#primaryimage"},"image":{"@id":"https:\/\/www.predsjednik.hr\/en\/news\/president-milanovic-on-immigration-its-the-biggest-challenge-croatia-faces\/#primaryimage"},"thumbnailUrl":"https:\/\/www.predsjednik.hr\/wp-content\/uploads\/2024\/08\/DSC_6935.jpg","datePublished":"2024-08-15T08:51:00+00:00","dateModified":"2024-08-16T09:53:08+00:00","breadcrumb":{"@id":"https:\/\/www.predsjednik.hr\/en\/news\/president-milanovic-on-immigration-its-the-biggest-challenge-croatia-faces\/#breadcrumb"},"inLanguage":"en-US","potentialAction":[{"@type":"ReadAction","target":["https:\/\/www.predsjednik.hr\/en\/news\/president-milanovic-on-immigration-its-the-biggest-challenge-croatia-faces\/"]}]},{"@type":"ImageObject","inLanguage":"en-US","@id":"https:\/\/www.predsjednik.hr\/en\/news\/president-milanovic-on-immigration-its-the-biggest-challenge-croatia-faces\/#primaryimage","url":"https:\/\/www.predsjednik.hr\/wp-content\/uploads\/2024\/08\/DSC_6935.jpg","contentUrl":"https:\/\/www.predsjednik.hr\/wp-content\/uploads\/2024\/08\/DSC_6935.jpg","width":5929,"height":3778},{"@type":"BreadcrumbList","@id":"https:\/\/www.predsjednik.hr\/en\/news\/president-milanovic-on-immigration-its-the-biggest-challenge-croatia-faces\/#breadcrumb","itemListElement":[{"@type":"ListItem","position":1,"name":"Home","item":"https:\/\/www.predsjednik.hr\/en\/"},{"@type":"ListItem","position":2,"name":"Vijesti","item":"https:\/\/www.predsjednik.hr\/en\/news\/"},{"@type":"ListItem","position":3,"name":"President Milanovi\u0107 on Immigration: It\u2019s the biggest challenge Croatia faces\u00a0"}]},{"@type":"WebSite","@id":"https:\/\/www.predsjednik.hr\/en\/#website","url":"https:\/\/www.predsjednik.hr\/en\/","name":"President of the Republic of Croatia - Zoran Milanovi\u0107","description":"Just another WordPress site","potentialAction":[{"@type":"SearchAction","target":{"@type":"EntryPoint","urlTemplate":"https:\/\/www.predsjednik.hr\/en\/?s={search_term_string}"},"query-input":{"@type":"PropertyValueSpecification","valueRequired":true,"valueName":"search_term_string"}}],"inLanguage":"en-US"}]}},"_links":{"self":[{"href":"https:\/\/www.predsjednik.hr\/en\/wp-json\/wp\/v2\/news\/32065","targetHints":{"allow":["GET"]}}],"collection":[{"href":"https:\/\/www.predsjednik.hr\/en\/wp-json\/wp\/v2\/news"}],"about":[{"href":"https:\/\/www.predsjednik.hr\/en\/wp-json\/wp\/v2\/types\/news"}],"wp:featuredmedia":[{"embeddable":true,"href":"https:\/\/www.predsjednik.hr\/en\/wp-json\/wp\/v2\/media\/32059"}],"wp:attachment":[{"href":"https:\/\/www.predsjednik.hr\/en\/wp-json\/wp\/v2\/media?parent=32065"}],"wp:term":[{"taxonomy":"news-cat","embeddable":true,"href":"https:\/\/www.predsjednik.hr\/en\/wp-json\/wp\/v2\/news-cat?post=32065"}],"curies":[{"name":"wp","href":"https:\/\/api.w.org\/{rel}","templated":true}]}}