{"id":33922,"date":"2024-10-08T20:23:00","date_gmt":"2024-10-08T18:23:00","guid":{"rendered":"https:\/\/www.predsjednik.hr\/?post_type=news&#038;p=33922"},"modified":"2024-10-09T14:28:51","modified_gmt":"2024-10-09T12:28:51","slug":"president-milanovic-decorates-deserving-individuals-companies-and-associations-from-culture-business-science-and-sports","status":"publish","type":"news","link":"https:\/\/www.predsjednik.hr\/en\/news\/president-milanovic-decorates-deserving-individuals-companies-and-associations-from-culture-business-science-and-sports\/","title":{"rendered":"President Milanovi\u0107 Decorates Deserving Individuals, Companies and Associations from Culture, Business, Science and Sports"},"content":{"rendered":"\n<p>The President of the Republic Zoran Milanovi\u0107 presented at a ceremony held today in the Office of the President of the Republic decorations to deserving individuals, companies and associations from culture, business, science and sports.<\/p>\n\n\n\n<p>In his address to the decorated, President Milanovi\u0107 pointed out that culture, business, science and sports are four significant domains in our society and state as a whole. He added that, at the proposal of associations, individuals and his advisers in the Office of the President of the Republic, he issued a decision to present decorations to that significant and important group of people, citizens of Croatia. \u201cThese are people who made a significant contribution to these four domains through their lives and work, and this is a minimum that the Croatian state and I, as president, can bestow upon you\u201d, President Milanovi\u0107 noted.<\/p>\n\n\n\n<p>\u201cI think that nobody will ever mention or bring these decorations into question. These are respectable people, citizens of communities that are different or similar by political affiliation, and I was not guided by that. I was guided by proposals, and my personal judgement and reasoning that these are people who deserve decorations for their work and accomplishments\u201d, President Milanovi\u0107 concluded, thanking the laureates for their contribution and for everything they have given and will give to Croatia.<\/p>\n\n\n\n<p>President Milanovi\u0107 bestows the Order of the Croatian Star with Effigy of Marko Maruli\u0107 upon Velimir Viskovi\u0107 for outstanding contribution to the development of literary criticism and the study and promotion of recent Croatian literature, especially the oeuvre of Krle\u017ea and the turning points of his biography, and upon Zvonko Makovi\u0107 for extraordinary contribution to Croatian cultural creativity with his poetic oeuvre, essays and especially the study of Croatian history of art, and the promotion of contemporary fine arts. For outstanding contribution to the promotion of Croatian fine arts in the field of tapestry, costume design, scenography and sculpture, artists of a wide spectrum and worldwide reputation whose works are in numerous relevant collections and are included in the holdings of major museums around the world, President Milanovi\u0107 bestows the Order of the Croatian Star with Effigy of Marko upon Jagoda Bui\u0107-Wuttke posthumously, and Milvija Plazibat accepts the decoration.<\/p>\n\n\n\n<p>Moreover, Milan Kranj\u010devi\u0107 is presented the Order of the Croatian Star with Effigy of Marko Maruli\u0107 for exceptional service in the preservation of intangible cultural heritage in Croatia, and extraordinary contribution to the affirmation and promotion of the Chakavian language of the area of the Gacka River; Branko Uvodi\u0107 for outstanding service and extraordinary contribution to the promotion and preservation of Croatian traditional, customary and folklore cultural heritage in the country and abroad; Jean de Breyne poet, photographer, art critic and publisher, for extraordinary contribution to the recognition and promotion of Croatian culture and arts in the French Republic, and Ivan Repu\u0161i\u0107, chief conductor of the Munich Radio Orchestra, for exceptional achievements in culture and the promotion of Croatian culture at home and abroad.<\/p>\n\n\n\n<p>Director of \u201cEricsson Nikola Tesla\u201d company, Gordana Kova\u010devi\u0107, is awarded the Order of the Croatian Star with Effigy of Bla\u017e Lorkovi\u0107, for outstanding contribution and extraordinary service to the economy; member of the Management Board of \u201cPoslovna Inteligencija\u201d company Anita Cveti\u0107 Ore\u0161\u010dani, for outstanding contribution and extraordinary service to the economy; the president of the Management Board of \u201cTehnomont\u201d company Gordana Deranja, for outstanding contribution and extraordinary service to the economy, and editor-in-chief of \u201cLider Media\u201d Miodrag \u0160ajatovi\u0107, for outstanding contribution and extraordinary service to the economy.<\/p>\n\n\n\n<p>President Milanovi\u0107 bestows upon Ivica Piva\u010di\u0107 the Order of the Croatian Star with Effigy of Nikola Tesla, for extraordinary merit in the promotion and development of technical culture, long-term professional work in the field of innovation at home and abroad.<\/p>\n\n\n\n<p>The Order of the Croatian Star with Effigy of Franjo Bu\u010dar is bestowed upon alpinist and mountaineer Darija Bostjan\u010di\u0107, for extraordinary contribution to the development and promotion of Croatian mountaineering and for achieving top results in alpinism and sport climbing in the world; alpinist and mountaineer Iris Bostjan\u010di\u0107, for extraordinary contribution to the development and promotion of Croatian mountaineering and achieving top results in alpinism and sport climbing in the world; ultramarathon Zdravko Jadrijev, for extraordinary contribution to the development and promotion of Croatian sports and achieving top results at national and international sports competitions in ultramarathon; Robert Seligman for extraordinary contribution to the development and promotion of Croatian sports and achieving top results at national and international sports competitions in gymnastics; volleyball player and president of the Association of Veteran Athletes and Recreational Athletes Marija Anzulovi\u0107, for extraordinary contribution to the development of Croatian sports and achieving outstanding sports results at national and international competitions; table tennis player Branka Batini\u0107, for extraordinary contribution to the development of Croatian sports and outstanding sports results achieved at national and international competitions; basketball player Danira Bili\u0107, for extraordinary contribution to the development of Croatian sports and achieving outstanding sports results at national and international competitions; handball player and vice-president of the Association of Veteran Athletes and Recreational Athletes Klaudija Bubalo, for extraordinary contribution to the development of Croatian sports and achieving outstanding sports results at national and international competitions; karate player Ana-Marija Bujas \u010celan, for extraordinary contribution to the development of Croatian sports and top sports results achieved at national and international competitions; Olympian and gymnast Erna Hawelka Ra\u0111enovi\u0107, for extraordinary contribution to the development of Croatian sports and achieving outstanding sports results at national and international competitions; volleyball player associate Vladimir Jankovi\u0107 for extraordinary contribution to the development of Croatian sports and achieving outstanding sports results at national and international competitions; the president of the Sports Association of the City of Zagreb, Vjekoslav \u0160afrani\u0107, for extraordinary contribution to the development of Croatian sports and achieving outstanding sports results at national and international competitions; Olympian and former water polo player Zlatko \u0160imenc, for extraordinary contribution to the development of Croatian sports and achieving top sports results at national and international competitions, and volleyball expert and coach Zina Urli\u0107, for extraordinary contribution to the development of Croatian sports and results achieved at national and international volleyball competitions as a top athlete and coach.<\/p>\n\n\n\n<p>Among Croatian players, Petar \u0106uri\u0107 is honoured for exceptional merit in the promotion of Croatian culture and international cultural cooperation, and extraordinary contribution to the music-educational project of the Croatian Flute Academy at home and abroad; member of the Editorial Board of Croatian Mountaineers, Darko Grundler, for exceptional service in the development of Croatian mountaineering, especially with his engagement in the publishing and digitalization of professional content of the Croatian Mountaineering Association; president of the Supervisory Board of the Croatian Mountaineering Association Hrvoje Kraljevi\u0107, for exceptional merit in the work and activities of the Croatian Mountaineering Association, and extraordinary contribution to the development and strengthening of the Croatian Mountain Rescue Service; Vince Hergovich, for exceptional contribution to the promotion of Croatian culture and language, and the preservation of Croatian traditions in Hungary; Daruvar historian and professor Vjenceslav Herout, for extraordinary merit in research and popularization of the native history of the area of \u200b\u200bDaruvar and Grubi\u0161no Polje and the Czech minority in the Republic of Croatia; Istv\u00e1n Krizmanich, for exceptional merit and extraordinary contribution to preserving the identity, culture, language and customs of Croats in Hungary and Slovenian director, actor and director of the Mini Theatre, Robert Waltl, for extraordinary contribution to promoting Croatian culture and strengthening Croatian-Slovenian cultural ties.<\/p>\n\n\n\n<p>On the occasion of 140 years of operation of the largest and oldest insurance company in the Republic of Croatia, President Milanovi\u0107 awards the Charter of the Republic of Croatia to &#8220;Croatia Osiguranje&#8221; company, which is accepted by the President of the Management Board, Davor Toma\u0161kovi\u0107. Likewise, the Charter of the Republic of Croatia is awarded to the Croatian Music Society &#8220;Zrinski&#8221; of Donja Ka\u0161tela, for extraordinary contribution to the preservation of customs, traditions and cultural heritage in more than 170 years of amateur cultural and artistic activity, which is accepted by member of the Management Board, Marijo \u010cagalj.<\/p>\n\n\n\n<p>Branko Uvodi\u0107 thanked President Milanovi\u0107 for the decorations on behalf of the laureates, who said that in his 50-year career he had spoken in front of many audiences and at larger gatherings, but that this address is particularly emotional for him. \u201cWhen I listen to all the laureates, I see that I have worked with and met many of them. I know how much love, passion, effort and sacrifice was made by them and their families for everything they gave to the Republic of Croatia in sports, culture, arts and business activities&#8221;, said Mr. Uvodi\u0107.<\/p>\n\n\n\n<p>Regarding the decoration he received, he said it is extraordinary because it is awarded by the Republic of Croatia from the hands of the Croatian president. \u201cWe will proudly show the decorations to everyone who knows what it means to invest in our beautiful Homeland\u201d, he concluded, and after thanking President Milanovi\u0107 for the decorations, he congratulated all the laureates and said: \u201cWe will continue as long as our health and age allow us\u201d.<\/p>\n\n\n<!--GALLERY BLOCK-->\n<div class=\"c-lightbox-gallery js-lightbox\">\n                <!--single-->\n            <a data-no-swup class=\"c-lightbox-gallery__single js-lightbox-single\"\n               href=\"https:\/\/www.predsjednik.hr\/wp-content\/uploads\/2024\/10\/DSC_6785-1024x576.jpg\"\n               style=\"background-image: url('https:\/\/www.predsjednik.hr\/wp-content\/uploads\/2024\/10\/DSC_6785-768x432.jpg')\"><\/a>\n            <!--end single-->\n                    <!--single-->\n            <a data-no-swup class=\"c-lightbox-gallery__single js-lightbox-single\"\n               href=\"https:\/\/www.predsjednik.hr\/wp-content\/uploads\/2024\/10\/DSC_6810-1024x576.jpg\"\n               style=\"background-image: url('https:\/\/www.predsjednik.hr\/wp-content\/uploads\/2024\/10\/DSC_6810-768x432.jpg')\"><\/a>\n            <!--end single-->\n                    <!--single-->\n            <a data-no-swup class=\"c-lightbox-gallery__single js-lightbox-single\"\n               href=\"https:\/\/www.predsjednik.hr\/wp-content\/uploads\/2024\/10\/DSC_7028-1024x576.jpg\"\n               style=\"background-image: url('https:\/\/www.predsjednik.hr\/wp-content\/uploads\/2024\/10\/DSC_7028-768x432.jpg')\"><\/a>\n            <!--end single-->\n                    <!--single-->\n            <a data-no-swup class=\"c-lightbox-gallery__single js-lightbox-single\"\n               href=\"https:\/\/www.predsjednik.hr\/wp-content\/uploads\/2024\/10\/DSC_7057-1024x576.jpg\"\n               style=\"background-image: url('https:\/\/www.predsjednik.hr\/wp-content\/uploads\/2024\/10\/DSC_7057-768x432.jpg')\"><\/a>\n            <!--end single-->\n                    <!--single-->\n            <a data-no-swup class=\"c-lightbox-gallery__single js-lightbox-single\"\n               href=\"https:\/\/www.predsjednik.hr\/wp-content\/uploads\/2024\/10\/DSC_7064-1024x576.jpg\"\n               style=\"background-image: url('https:\/\/www.predsjednik.hr\/wp-content\/uploads\/2024\/10\/DSC_7064-768x432.jpg')\"><\/a>\n            <!--end single-->\n                    <!--single-->\n            <a data-no-swup class=\"c-lightbox-gallery__single js-lightbox-single\"\n               href=\"https:\/\/www.predsjednik.hr\/wp-content\/uploads\/2024\/10\/DSC_7085-1024x731.jpg\"\n               style=\"background-image: url('https:\/\/www.predsjednik.hr\/wp-content\/uploads\/2024\/10\/DSC_7085-768x549.jpg')\"><\/a>\n            <!--end single-->\n                    <!--single-->\n            <a data-no-swup class=\"c-lightbox-gallery__single js-lightbox-single\"\n               href=\"https:\/\/www.predsjednik.hr\/wp-content\/uploads\/2024\/10\/DSC_7094-1024x731.jpg\"\n               style=\"background-image: url('https:\/\/www.predsjednik.hr\/wp-content\/uploads\/2024\/10\/DSC_7094-768x549.jpg')\"><\/a>\n            <!--end single-->\n                    <!--single-->\n            <a data-no-swup class=\"c-lightbox-gallery__single js-lightbox-single\"\n               href=\"https:\/\/www.predsjednik.hr\/wp-content\/uploads\/2024\/10\/DSC_7117-1024x731.jpg\"\n               style=\"background-image: url('https:\/\/www.predsjednik.hr\/wp-content\/uploads\/2024\/10\/DSC_7117-768x549.jpg')\"><\/a>\n            <!--end single-->\n                    <!--single-->\n            <a data-no-swup class=\"c-lightbox-gallery__single js-lightbox-single\"\n               href=\"https:\/\/www.predsjednik.hr\/wp-content\/uploads\/2024\/10\/DSC_7213-1024x731.jpg\"\n               style=\"background-image: url('https:\/\/www.predsjednik.hr\/wp-content\/uploads\/2024\/10\/DSC_7213-768x549.jpg')\"><\/a>\n            <!--end single-->\n                    <!--single-->\n            <a data-no-swup class=\"c-lightbox-gallery__single js-lightbox-single\"\n               href=\"https:\/\/www.predsjednik.hr\/wp-content\/uploads\/2024\/10\/DSC_7328-1024x731.jpg\"\n               style=\"background-image: url('https:\/\/www.predsjednik.hr\/wp-content\/uploads\/2024\/10\/DSC_7328-768x549.jpg')\"><\/a>\n            <!--end single-->\n                    <!--single-->\n            <a data-no-swup class=\"c-lightbox-gallery__single js-lightbox-single\"\n               href=\"https:\/\/www.predsjednik.hr\/wp-content\/uploads\/2024\/10\/DSC_8034-1024x576.jpg\"\n               style=\"background-image: url('https:\/\/www.predsjednik.hr\/wp-content\/uploads\/2024\/10\/DSC_8034-768x432.jpg')\"><\/a>\n            <!--end single-->\n                    <!--single-->\n            <a data-no-swup class=\"c-lightbox-gallery__single js-lightbox-single\"\n               href=\"https:\/\/www.predsjednik.hr\/wp-content\/uploads\/2024\/10\/DSC_8092-1024x683.jpg\"\n               style=\"background-image: url('https:\/\/www.predsjednik.hr\/wp-content\/uploads\/2024\/10\/DSC_8092-768x512.jpg')\"><\/a>\n            <!--end single-->\n                    <!--single-->\n            <a data-no-swup class=\"c-lightbox-gallery__single js-lightbox-single\"\n               href=\"https:\/\/www.predsjednik.hr\/wp-content\/uploads\/2024\/10\/DSC_8155-1024x576.jpg\"\n               style=\"background-image: url('https:\/\/www.predsjednik.hr\/wp-content\/uploads\/2024\/10\/DSC_8155-768x432.jpg')\"><\/a>\n            <!--end single-->\n                    <!--single-->\n            <a data-no-swup class=\"c-lightbox-gallery__single js-lightbox-single\"\n               href=\"https:\/\/www.predsjednik.hr\/wp-content\/uploads\/2024\/10\/DSC_8173-1024x576.jpg\"\n               style=\"background-image: url('https:\/\/www.predsjednik.hr\/wp-content\/uploads\/2024\/10\/DSC_8173-768x432.jpg')\"><\/a>\n            <!--end single-->\n                    <!--single-->\n            <a data-no-swup class=\"c-lightbox-gallery__single js-lightbox-single\"\n               href=\"https:\/\/www.predsjednik.hr\/wp-content\/uploads\/2024\/10\/DSC_8215-1024x576.jpg\"\n               style=\"background-image: url('https:\/\/www.predsjednik.hr\/wp-content\/uploads\/2024\/10\/DSC_8215-768x432.jpg')\"><\/a>\n            <!--end single-->\n                    <!--single-->\n            <a data-no-swup class=\"c-lightbox-gallery__single js-lightbox-single\"\n               href=\"https:\/\/www.predsjednik.hr\/wp-content\/uploads\/2024\/10\/DSC_8222-1024x576.jpg\"\n               style=\"background-image: url('https:\/\/www.predsjednik.hr\/wp-content\/uploads\/2024\/10\/DSC_8222-768x432.jpg')\"><\/a>\n            <!--end single-->\n                    <!--single-->\n            <a data-no-swup class=\"c-lightbox-gallery__single js-lightbox-single\"\n               href=\"https:\/\/www.predsjednik.hr\/wp-content\/uploads\/2024\/10\/DSC_8235-1024x576.jpg\"\n               style=\"background-image: url('https:\/\/www.predsjednik.hr\/wp-content\/uploads\/2024\/10\/DSC_8235-768x432.jpg')\"><\/a>\n            <!--end single-->\n                    <!--single-->\n            <a data-no-swup class=\"c-lightbox-gallery__single js-lightbox-single\"\n               href=\"https:\/\/www.predsjednik.hr\/wp-content\/uploads\/2024\/10\/DSC_8259-1024x576.jpg\"\n               style=\"background-image: url('https:\/\/www.predsjednik.hr\/wp-content\/uploads\/2024\/10\/DSC_8259-768x432.jpg')\"><\/a>\n            <!--end single-->\n                    <!--single-->\n            <a data-no-swup class=\"c-lightbox-gallery__single js-lightbox-single\"\n               href=\"https:\/\/www.predsjednik.hr\/wp-content\/uploads\/2024\/10\/DSC_8292-1024x576.jpg\"\n               style=\"background-image: url('https:\/\/www.predsjednik.hr\/wp-content\/uploads\/2024\/10\/DSC_8292-768x432.jpg')\"><\/a>\n            <!--end single-->\n                    <!--single-->\n            <a data-no-swup class=\"c-lightbox-gallery__single js-lightbox-single\"\n               href=\"https:\/\/www.predsjednik.hr\/wp-content\/uploads\/2024\/10\/DSC_8309-1024x576.jpg\"\n               style=\"background-image: url('https:\/\/www.predsjednik.hr\/wp-content\/uploads\/2024\/10\/DSC_8309-768x432.jpg')\"><\/a>\n            <!--end single-->\n                    <!--single-->\n            <a data-no-swup class=\"c-lightbox-gallery__single js-lightbox-single\"\n               href=\"https:\/\/www.predsjednik.hr\/wp-content\/uploads\/2024\/10\/DSC_8326-1024x576.jpg\"\n               style=\"background-image: url('https:\/\/www.predsjednik.hr\/wp-content\/uploads\/2024\/10\/DSC_8326-768x432.jpg')\"><\/a>\n            <!--end single-->\n                    <!--single-->\n            <a data-no-swup class=\"c-lightbox-gallery__single js-lightbox-single\"\n               href=\"https:\/\/www.predsjednik.hr\/wp-content\/uploads\/2024\/10\/DSC_8349-1024x576.jpg\"\n               style=\"background-image: url('https:\/\/www.predsjednik.hr\/wp-content\/uploads\/2024\/10\/DSC_8349-768x432.jpg')\"><\/a>\n            <!--end single-->\n                    <!--single-->\n            <a data-no-swup class=\"c-lightbox-gallery__single js-lightbox-single\"\n               href=\"https:\/\/www.predsjednik.hr\/wp-content\/uploads\/2024\/10\/DSC_8359-1024x576.jpg\"\n               style=\"background-image: url('https:\/\/www.predsjednik.hr\/wp-content\/uploads\/2024\/10\/DSC_8359-768x432.jpg')\"><\/a>\n            <!--end single-->\n                    <!--single-->\n            <a data-no-swup class=\"c-lightbox-gallery__single js-lightbox-single\"\n               href=\"https:\/\/www.predsjednik.hr\/wp-content\/uploads\/2024\/10\/DSC_8391-1024x576.jpg\"\n               style=\"background-image: url('https:\/\/www.predsjednik.hr\/wp-content\/uploads\/2024\/10\/DSC_8391-768x432.jpg')\"><\/a>\n            <!--end single-->\n                    <!--single-->\n            <a data-no-swup class=\"c-lightbox-gallery__single js-lightbox-single\"\n               href=\"https:\/\/www.predsjednik.hr\/wp-content\/uploads\/2024\/10\/DSC_8425-1024x576.jpg\"\n               style=\"background-image: url('https:\/\/www.predsjednik.hr\/wp-content\/uploads\/2024\/10\/DSC_8425-768x432.jpg')\"><\/a>\n            <!--end single-->\n                    <!--single-->\n            <a data-no-swup class=\"c-lightbox-gallery__single js-lightbox-single\"\n               href=\"https:\/\/www.predsjednik.hr\/wp-content\/uploads\/2024\/10\/DSC_8435-1024x576.jpg\"\n               style=\"background-image: url('https:\/\/www.predsjednik.hr\/wp-content\/uploads\/2024\/10\/DSC_8435-768x432.jpg')\"><\/a>\n            <!--end single-->\n                    <!--single-->\n            <a data-no-swup class=\"c-lightbox-gallery__single js-lightbox-single\"\n               href=\"https:\/\/www.predsjednik.hr\/wp-content\/uploads\/2024\/10\/DSC_8448-1024x576.jpg\"\n               style=\"background-image: url('https:\/\/www.predsjednik.hr\/wp-content\/uploads\/2024\/10\/DSC_8448-768x432.jpg')\"><\/a>\n            <!--end single-->\n                    <!--single-->\n            <a data-no-swup class=\"c-lightbox-gallery__single js-lightbox-single\"\n               href=\"https:\/\/www.predsjednik.hr\/wp-content\/uploads\/2024\/10\/DSC_8454-1024x576.jpg\"\n               style=\"background-image: url('https:\/\/www.predsjednik.hr\/wp-content\/uploads\/2024\/10\/DSC_8454-768x432.jpg')\"><\/a>\n            <!--end single-->\n                    <!--single-->\n            <a data-no-swup class=\"c-lightbox-gallery__single js-lightbox-single\"\n               href=\"https:\/\/www.predsjednik.hr\/wp-content\/uploads\/2024\/10\/DSC_8475-1024x576.jpg\"\n               style=\"background-image: url('https:\/\/www.predsjednik.hr\/wp-content\/uploads\/2024\/10\/DSC_8475-768x432.jpg')\"><\/a>\n            <!--end single-->\n                    <!--single-->\n            <a data-no-swup class=\"c-lightbox-gallery__single js-lightbox-single\"\n               href=\"https:\/\/www.predsjednik.hr\/wp-content\/uploads\/2024\/10\/DSC_8600-1024x576.jpg\"\n               style=\"background-image: url('https:\/\/www.predsjednik.hr\/wp-content\/uploads\/2024\/10\/DSC_8600-768x432.jpg')\"><\/a>\n            <!--end single-->\n                    <!--single-->\n            <a data-no-swup class=\"c-lightbox-gallery__single js-lightbox-single\"\n               href=\"https:\/\/www.predsjednik.hr\/wp-content\/uploads\/2024\/10\/DSC_8619-1024x576.jpg\"\n               style=\"background-image: url('https:\/\/www.predsjednik.hr\/wp-content\/uploads\/2024\/10\/DSC_8619-768x432.jpg')\"><\/a>\n            <!--end single-->\n                    <!--single-->\n            <a data-no-swup class=\"c-lightbox-gallery__single js-lightbox-single\"\n               href=\"https:\/\/www.predsjednik.hr\/wp-content\/uploads\/2024\/10\/DSC_8630-1024x576.jpg\"\n               style=\"background-image: url('https:\/\/www.predsjednik.hr\/wp-content\/uploads\/2024\/10\/DSC_8630-768x432.jpg')\"><\/a>\n            <!--end single-->\n                    <!--single-->\n            <a data-no-swup class=\"c-lightbox-gallery__single js-lightbox-single\"\n               href=\"https:\/\/www.predsjednik.hr\/wp-content\/uploads\/2024\/10\/DSC_8664-1024x683.jpg\"\n               style=\"background-image: url('https:\/\/www.predsjednik.hr\/wp-content\/uploads\/2024\/10\/DSC_8664-768x512.jpg')\"><\/a>\n            <!--end single-->\n                    <!--single-->\n            <a data-no-swup class=\"c-lightbox-gallery__single js-lightbox-single\"\n               href=\"https:\/\/www.predsjednik.hr\/wp-content\/uploads\/2024\/10\/DSC_8606-1024x576.jpg\"\n               style=\"background-image: url('https:\/\/www.predsjednik.hr\/wp-content\/uploads\/2024\/10\/DSC_8606-768x432.jpg')\"><\/a>\n            <!--end single-->\n                    <!--single-->\n            <a data-no-swup class=\"c-lightbox-gallery__single js-lightbox-single\"\n               href=\"https:\/\/www.predsjednik.hr\/wp-content\/uploads\/2024\/10\/DSC_8608-1024x576.jpg\"\n               style=\"background-image: url('https:\/\/www.predsjednik.hr\/wp-content\/uploads\/2024\/10\/DSC_8608-768x432.jpg')\"><\/a>\n            <!--end single-->\n                    <!--single-->\n            <a data-no-swup class=\"c-lightbox-gallery__single js-lightbox-single\"\n               href=\"https:\/\/www.predsjednik.hr\/wp-content\/uploads\/2024\/10\/DSC_7188-1024x731.jpg\"\n               style=\"background-image: url('https:\/\/www.predsjednik.hr\/wp-content\/uploads\/2024\/10\/DSC_7188-768x549.jpg')\"><\/a>\n            <!--end single-->\n        <\/div>\n<!--end GALLERY BLOCK-->\n\n\n\n<p>PHOTO: Office of the President of the Republic of Croatia \/ Tomislav Bu\u0161ljeta, Marko Beljan<\/p>\n","protected":false},"excerpt":{"rendered":"<p>In his address to the decorated, President Milanovi\u0107 pointed out that culture, business, science and sports are four significant domains in our society and state as a whole. He added that, at the proposal of associations, individuals and his advisers in the Office of the President of the Republic, he issued a decision to present decorations to that significant and important group of people, citizens of Croatia. \u201cThese are people who made a significant contribution to these four domains through their lives and work, and this is a minimum that the Croatian state and I, as president, can bestow upon you\u201d, President Milanovi\u0107 noted.<\/p>\n","protected":false},"featured_media":33850,"template":"","news-cat":[12],"class_list":["post-33922","news","type-news","status-publish","has-post-thumbnail","hentry","news-cat-news"],"acf":[],"yoast_head":"<!-- This site is optimized with the Yoast SEO plugin v27.5 - https:\/\/yoast.com\/product\/yoast-seo-wordpress\/ -->\n<title>President Milanovi\u0107 Decorates Deserving Individuals, Companies and Associations from Culture, Business, Science and Sports - President of the Republic of Croatia - Zoran Milanovi\u0107<\/title>\n<meta name=\"robots\" content=\"index, follow, max-snippet:-1, max-image-preview:large, max-video-preview:-1\" \/>\n<link rel=\"canonical\" href=\"https:\/\/www.predsjednik.hr\/en\/news\/president-milanovic-decorates-deserving-individuals-companies-and-associations-from-culture-business-science-and-sports\/\" \/>\n<meta property=\"og:locale\" content=\"en_US\" \/>\n<meta property=\"og:type\" content=\"article\" \/>\n<meta property=\"og:title\" content=\"President Milanovi\u0107 Decorates Deserving Individuals, Companies and Associations from Culture, Business, Science and Sports - President of the Republic of Croatia - Zoran Milanovi\u0107\" \/>\n<meta property=\"og:description\" content=\"In his address to the decorated, President Milanovi\u0107 pointed out that culture, business, science and sports are four significant domains in our society and state as a whole. He added that, at the proposal of associations, individuals and his advisers in the Office of the President of the Republic, he issued a decision to present decorations to that significant and important group of people, citizens of Croatia. \u201cThese are people who made a significant contribution to these four domains through their lives and work, and this is a minimum that the Croatian state and I, as president, can bestow upon you\u201d, President Milanovi\u0107 noted.\" \/>\n<meta property=\"og:url\" content=\"https:\/\/www.predsjednik.hr\/en\/news\/president-milanovic-decorates-deserving-individuals-companies-and-associations-from-culture-business-science-and-sports\/\" \/>\n<meta property=\"og:site_name\" content=\"President of the Republic of Croatia - Zoran Milanovi\u0107\" \/>\n<meta property=\"article:modified_time\" content=\"2024-10-09T12:28:51+00:00\" \/>\n<meta property=\"og:image\" content=\"https:\/\/www.predsjednik.hr\/wp-content\/uploads\/2024\/10\/DSC_7057.jpg\" \/>\n\t<meta property=\"og:image:width\" content=\"5052\" \/>\n\t<meta property=\"og:image:height\" content=\"2842\" \/>\n\t<meta property=\"og:image:type\" content=\"image\/jpeg\" \/>\n<meta name=\"twitter:card\" content=\"summary_large_image\" \/>\n<meta name=\"twitter:label1\" content=\"Est. reading time\" \/>\n\t<meta name=\"twitter:data1\" content=\"8 minutes\" \/>\n<script type=\"application\/ld+json\" class=\"yoast-schema-graph\">{\"@context\":\"https:\\\/\\\/schema.org\",\"@graph\":[{\"@type\":\"WebPage\",\"@id\":\"https:\\\/\\\/www.predsjednik.hr\\\/en\\\/news\\\/president-milanovic-decorates-deserving-individuals-companies-and-associations-from-culture-business-science-and-sports\\\/\",\"url\":\"https:\\\/\\\/www.predsjednik.hr\\\/en\\\/news\\\/president-milanovic-decorates-deserving-individuals-companies-and-associations-from-culture-business-science-and-sports\\\/\",\"name\":\"President Milanovi\u0107 Decorates Deserving Individuals, Companies and Associations from Culture, Business, Science and Sports - President of the Republic of Croatia - Zoran Milanovi\u0107\",\"isPartOf\":{\"@id\":\"https:\\\/\\\/www.predsjednik.hr\\\/en\\\/#website\"},\"primaryImageOfPage\":{\"@id\":\"https:\\\/\\\/www.predsjednik.hr\\\/en\\\/news\\\/president-milanovic-decorates-deserving-individuals-companies-and-associations-from-culture-business-science-and-sports\\\/#primaryimage\"},\"image\":{\"@id\":\"https:\\\/\\\/www.predsjednik.hr\\\/en\\\/news\\\/president-milanovic-decorates-deserving-individuals-companies-and-associations-from-culture-business-science-and-sports\\\/#primaryimage\"},\"thumbnailUrl\":\"https:\\\/\\\/www.predsjednik.hr\\\/wp-content\\\/uploads\\\/2024\\\/10\\\/DSC_7057.jpg\",\"datePublished\":\"2024-10-08T18:23:00+00:00\",\"dateModified\":\"2024-10-09T12:28:51+00:00\",\"breadcrumb\":{\"@id\":\"https:\\\/\\\/www.predsjednik.hr\\\/en\\\/news\\\/president-milanovic-decorates-deserving-individuals-companies-and-associations-from-culture-business-science-and-sports\\\/#breadcrumb\"},\"inLanguage\":\"en-US\",\"potentialAction\":[{\"@type\":\"ReadAction\",\"target\":[\"https:\\\/\\\/www.predsjednik.hr\\\/en\\\/news\\\/president-milanovic-decorates-deserving-individuals-companies-and-associations-from-culture-business-science-and-sports\\\/\"]}]},{\"@type\":\"ImageObject\",\"inLanguage\":\"en-US\",\"@id\":\"https:\\\/\\\/www.predsjednik.hr\\\/en\\\/news\\\/president-milanovic-decorates-deserving-individuals-companies-and-associations-from-culture-business-science-and-sports\\\/#primaryimage\",\"url\":\"https:\\\/\\\/www.predsjednik.hr\\\/wp-content\\\/uploads\\\/2024\\\/10\\\/DSC_7057.jpg\",\"contentUrl\":\"https:\\\/\\\/www.predsjednik.hr\\\/wp-content\\\/uploads\\\/2024\\\/10\\\/DSC_7057.jpg\",\"width\":5052,\"height\":2842,\"caption\":\"The President of the Republic Zoran Milanovi\u0107 presented on Tuesday, 8 October 2024, at a ceremony in the Office of the President of the Republic, decorations to deserving individuals, companies and associations in culture, business and sports.\"},{\"@type\":\"BreadcrumbList\",\"@id\":\"https:\\\/\\\/www.predsjednik.hr\\\/en\\\/news\\\/president-milanovic-decorates-deserving-individuals-companies-and-associations-from-culture-business-science-and-sports\\\/#breadcrumb\",\"itemListElement\":[{\"@type\":\"ListItem\",\"position\":1,\"name\":\"Home\",\"item\":\"https:\\\/\\\/www.predsjednik.hr\\\/en\\\/\"},{\"@type\":\"ListItem\",\"position\":2,\"name\":\"Vijesti\",\"item\":\"https:\\\/\\\/www.predsjednik.hr\\\/en\\\/news\\\/\"},{\"@type\":\"ListItem\",\"position\":3,\"name\":\"President Milanovi\u0107 Decorates Deserving Individuals, Companies and Associations from Culture, Business, Science and Sports\"}]},{\"@type\":\"WebSite\",\"@id\":\"https:\\\/\\\/www.predsjednik.hr\\\/en\\\/#website\",\"url\":\"https:\\\/\\\/www.predsjednik.hr\\\/en\\\/\",\"name\":\"President of the Republic of Croatia - Zoran Milanovi\u0107\",\"description\":\"Just another WordPress site\",\"potentialAction\":[{\"@type\":\"SearchAction\",\"target\":{\"@type\":\"EntryPoint\",\"urlTemplate\":\"https:\\\/\\\/www.predsjednik.hr\\\/en\\\/?s={search_term_string}\"},\"query-input\":{\"@type\":\"PropertyValueSpecification\",\"valueRequired\":true,\"valueName\":\"search_term_string\"}}],\"inLanguage\":\"en-US\"}]}<\/script>\n<!-- \/ Yoast SEO plugin. -->","yoast_head_json":{"title":"President Milanovi\u0107 Decorates Deserving Individuals, Companies and Associations from Culture, Business, Science and Sports - President of the Republic of Croatia - Zoran Milanovi\u0107","robots":{"index":"index","follow":"follow","max-snippet":"max-snippet:-1","max-image-preview":"max-image-preview:large","max-video-preview":"max-video-preview:-1"},"canonical":"https:\/\/www.predsjednik.hr\/en\/news\/president-milanovic-decorates-deserving-individuals-companies-and-associations-from-culture-business-science-and-sports\/","og_locale":"en_US","og_type":"article","og_title":"President Milanovi\u0107 Decorates Deserving Individuals, Companies and Associations from Culture, Business, Science and Sports - President of the Republic of Croatia - Zoran Milanovi\u0107","og_description":"In his address to the decorated, President Milanovi\u0107 pointed out that culture, business, science and sports are four significant domains in our society and state as a whole. He added that, at the proposal of associations, individuals and his advisers in the Office of the President of the Republic, he issued a decision to present decorations to that significant and important group of people, citizens of Croatia. \u201cThese are people who made a significant contribution to these four domains through their lives and work, and this is a minimum that the Croatian state and I, as president, can bestow upon you\u201d, President Milanovi\u0107 noted.","og_url":"https:\/\/www.predsjednik.hr\/en\/news\/president-milanovic-decorates-deserving-individuals-companies-and-associations-from-culture-business-science-and-sports\/","og_site_name":"President of the Republic of Croatia - Zoran Milanovi\u0107","article_modified_time":"2024-10-09T12:28:51+00:00","og_image":[{"width":5052,"height":2842,"url":"https:\/\/www.predsjednik.hr\/wp-content\/uploads\/2024\/10\/DSC_7057.jpg","type":"image\/jpeg"}],"twitter_card":"summary_large_image","twitter_misc":{"Est. reading time":"8 minutes"},"schema":{"@context":"https:\/\/schema.org","@graph":[{"@type":"WebPage","@id":"https:\/\/www.predsjednik.hr\/en\/news\/president-milanovic-decorates-deserving-individuals-companies-and-associations-from-culture-business-science-and-sports\/","url":"https:\/\/www.predsjednik.hr\/en\/news\/president-milanovic-decorates-deserving-individuals-companies-and-associations-from-culture-business-science-and-sports\/","name":"President Milanovi\u0107 Decorates Deserving Individuals, Companies and Associations from Culture, Business, Science and Sports - President of the Republic of Croatia - Zoran Milanovi\u0107","isPartOf":{"@id":"https:\/\/www.predsjednik.hr\/en\/#website"},"primaryImageOfPage":{"@id":"https:\/\/www.predsjednik.hr\/en\/news\/president-milanovic-decorates-deserving-individuals-companies-and-associations-from-culture-business-science-and-sports\/#primaryimage"},"image":{"@id":"https:\/\/www.predsjednik.hr\/en\/news\/president-milanovic-decorates-deserving-individuals-companies-and-associations-from-culture-business-science-and-sports\/#primaryimage"},"thumbnailUrl":"https:\/\/www.predsjednik.hr\/wp-content\/uploads\/2024\/10\/DSC_7057.jpg","datePublished":"2024-10-08T18:23:00+00:00","dateModified":"2024-10-09T12:28:51+00:00","breadcrumb":{"@id":"https:\/\/www.predsjednik.hr\/en\/news\/president-milanovic-decorates-deserving-individuals-companies-and-associations-from-culture-business-science-and-sports\/#breadcrumb"},"inLanguage":"en-US","potentialAction":[{"@type":"ReadAction","target":["https:\/\/www.predsjednik.hr\/en\/news\/president-milanovic-decorates-deserving-individuals-companies-and-associations-from-culture-business-science-and-sports\/"]}]},{"@type":"ImageObject","inLanguage":"en-US","@id":"https:\/\/www.predsjednik.hr\/en\/news\/president-milanovic-decorates-deserving-individuals-companies-and-associations-from-culture-business-science-and-sports\/#primaryimage","url":"https:\/\/www.predsjednik.hr\/wp-content\/uploads\/2024\/10\/DSC_7057.jpg","contentUrl":"https:\/\/www.predsjednik.hr\/wp-content\/uploads\/2024\/10\/DSC_7057.jpg","width":5052,"height":2842,"caption":"The President of the Republic Zoran Milanovi\u0107 presented on Tuesday, 8 October 2024, at a ceremony in the Office of the President of the Republic, decorations to deserving individuals, companies and associations in culture, business and sports."},{"@type":"BreadcrumbList","@id":"https:\/\/www.predsjednik.hr\/en\/news\/president-milanovic-decorates-deserving-individuals-companies-and-associations-from-culture-business-science-and-sports\/#breadcrumb","itemListElement":[{"@type":"ListItem","position":1,"name":"Home","item":"https:\/\/www.predsjednik.hr\/en\/"},{"@type":"ListItem","position":2,"name":"Vijesti","item":"https:\/\/www.predsjednik.hr\/en\/news\/"},{"@type":"ListItem","position":3,"name":"President Milanovi\u0107 Decorates Deserving Individuals, Companies and Associations from Culture, Business, Science and Sports"}]},{"@type":"WebSite","@id":"https:\/\/www.predsjednik.hr\/en\/#website","url":"https:\/\/www.predsjednik.hr\/en\/","name":"President of the Republic of Croatia - Zoran Milanovi\u0107","description":"Just another WordPress site","potentialAction":[{"@type":"SearchAction","target":{"@type":"EntryPoint","urlTemplate":"https:\/\/www.predsjednik.hr\/en\/?s={search_term_string}"},"query-input":{"@type":"PropertyValueSpecification","valueRequired":true,"valueName":"search_term_string"}}],"inLanguage":"en-US"}]}},"_links":{"self":[{"href":"https:\/\/www.predsjednik.hr\/en\/wp-json\/wp\/v2\/news\/33922","targetHints":{"allow":["GET"]}}],"collection":[{"href":"https:\/\/www.predsjednik.hr\/en\/wp-json\/wp\/v2\/news"}],"about":[{"href":"https:\/\/www.predsjednik.hr\/en\/wp-json\/wp\/v2\/types\/news"}],"wp:featuredmedia":[{"embeddable":true,"href":"https:\/\/www.predsjednik.hr\/en\/wp-json\/wp\/v2\/media\/33850"}],"wp:attachment":[{"href":"https:\/\/www.predsjednik.hr\/en\/wp-json\/wp\/v2\/media?parent=33922"}],"wp:term":[{"taxonomy":"news-cat","embeddable":true,"href":"https:\/\/www.predsjednik.hr\/en\/wp-json\/wp\/v2\/news-cat?post=33922"}],"curies":[{"name":"wp","href":"https:\/\/api.w.org\/{rel}","templated":true}]}}