{"id":36360,"date":"2025-03-13T12:48:39","date_gmt":"2025-03-13T11:48:39","guid":{"rendered":"https:\/\/www.predsjednik.hr\/?post_type=news&#038;p=36360"},"modified":"2025-03-13T12:48:39","modified_gmt":"2025-03-13T11:48:39","slug":"ambassador-of-the-republic-of-cote-divoire-presents-credentials-to-the-president-of-the-republic","status":"publish","type":"news","link":"https:\/\/www.predsjednik.hr\/en\/news\/ambassador-of-the-republic-of-cote-divoire-presents-credentials-to-the-president-of-the-republic\/","title":{"rendered":"Ambassador of the Republic of C\u00f4te d\u2019Ivoire Presents Credentials to the President of the Republic"},"content":{"rendered":"\n<p>The President of the Republic of Croatia Zoran Milanovi\u0107 received the credentials of the Ambassador of the Republic of C\u00f4te d\u2019Ivoire.<\/p>\n\n\n\n<p>H. E. Yacouba Ciss\u00e9, Ambassador of the Republic of C\u00f4te d\u2019Ivoire in the Republic of Croatia, with residence in Vienna, presented his credentials to the President of the Republic of Croatia Zoran Milanovi\u0107.<\/p>\n\n\n\n<p>Accompanying the Ambassador of the Republic of C\u00f4te d\u2019Ivoire was the Counsellor in the Embassy Laure Tchicaya and Honorary Consul Boris Mo\u0107an.<\/p>\n\n\n\n<p>Alongside President Milanovi\u0107 were the Adviser to the President of the Republic of Croatia for Foreign and European Policy, Neven Pelicari\u0107, the Director-General of the Directorate-General for Political Affairs of the Ministry of Foreign and European Affairs, Tomislav Lendi\u0107 and the Assistant to the Adviser of the President of the Republic for Foreign and European Policy, Ivan Mutavd\u017ei\u0107.<\/p>\n\n\n<!--GALLERY BLOCK-->\n<div class=\"c-lightbox-gallery js-lightbox\">\n                <!--single-->\n            <a data-no-swup class=\"c-lightbox-gallery__single js-lightbox-single\"\n               href=\"https:\/\/www.predsjednik.hr\/wp-content\/uploads\/2025\/03\/DSC_3064-1024x576.jpg\"\n               style=\"background-image: url('https:\/\/www.predsjednik.hr\/wp-content\/uploads\/2025\/03\/DSC_3064-768x432.jpg')\"><\/a>\n            <!--end single-->\n                    <!--single-->\n            <a data-no-swup class=\"c-lightbox-gallery__single js-lightbox-single\"\n               href=\"https:\/\/www.predsjednik.hr\/wp-content\/uploads\/2025\/03\/DSC_3128-1024x576.jpg\"\n               style=\"background-image: url('https:\/\/www.predsjednik.hr\/wp-content\/uploads\/2025\/03\/DSC_3128-768x432.jpg')\"><\/a>\n            <!--end single-->\n                    <!--single-->\n            <a data-no-swup class=\"c-lightbox-gallery__single js-lightbox-single\"\n               href=\"https:\/\/www.predsjednik.hr\/wp-content\/uploads\/2025\/03\/DSC_3177-1024x576.jpg\"\n               style=\"background-image: url('https:\/\/www.predsjednik.hr\/wp-content\/uploads\/2025\/03\/DSC_3177-768x432.jpg')\"><\/a>\n            <!--end single-->\n                    <!--single-->\n            <a data-no-swup class=\"c-lightbox-gallery__single js-lightbox-single\"\n               href=\"https:\/\/www.predsjednik.hr\/wp-content\/uploads\/2025\/03\/DSC_3239-1024x576.jpg\"\n               style=\"background-image: url('https:\/\/www.predsjednik.hr\/wp-content\/uploads\/2025\/03\/DSC_3239-768x432.jpg')\"><\/a>\n            <!--end single-->\n        <\/div>\n<!--end GALLERY BLOCK-->\n\n\n\n<p>PHOTO: Office of the President of the Republic of Croatia \/ Marko Beljan<\/p>\n","protected":false},"excerpt":{"rendered":"<p>H. E. Yacouba Ciss\u00e9, Ambassador of the Republic of C\u00f4te d\u2019Ivoire in the Republic of Croatia, with residence in Vienna, presented his credentials to the President of the Republic of Croatia Zoran Milanovi\u0107.<\/p>\n","protected":false},"featured_media":36359,"template":"","news-cat":[12],"class_list":["post-36360","news","type-news","status-publish","has-post-thumbnail","hentry","news-cat-news"],"acf":[],"yoast_head":"<!-- This site is optimized with the Yoast SEO plugin v27.5 - https:\/\/yoast.com\/product\/yoast-seo-wordpress\/ -->\n<title>Ambassador of the Republic of C\u00f4te d\u2019Ivoire Presents Credentials to the President of the Republic - President of the Republic of Croatia - Zoran Milanovi\u0107<\/title>\n<meta name=\"robots\" content=\"index, follow, max-snippet:-1, max-image-preview:large, max-video-preview:-1\" \/>\n<link rel=\"canonical\" href=\"https:\/\/www.predsjednik.hr\/en\/news\/ambassador-of-the-republic-of-cote-divoire-presents-credentials-to-the-president-of-the-republic\/\" \/>\n<meta property=\"og:locale\" content=\"en_US\" \/>\n<meta property=\"og:type\" content=\"article\" \/>\n<meta property=\"og:title\" content=\"Ambassador of the Republic of C\u00f4te d\u2019Ivoire Presents Credentials to the President of the Republic - President of the Republic of Croatia - Zoran Milanovi\u0107\" \/>\n<meta property=\"og:description\" content=\"H. E. Yacouba Ciss\u00e9, Ambassador of the Republic of C\u00f4te d\u2019Ivoire in the Republic of Croatia, with residence in Vienna, presented his credentials to the President of the Republic of Croatia Zoran Milanovi\u0107.\" \/>\n<meta property=\"og:url\" content=\"https:\/\/www.predsjednik.hr\/en\/news\/ambassador-of-the-republic-of-cote-divoire-presents-credentials-to-the-president-of-the-republic\/\" \/>\n<meta property=\"og:site_name\" content=\"President of the Republic of Croatia - Zoran Milanovi\u0107\" \/>\n<meta property=\"og:image\" content=\"https:\/\/www.predsjednik.hr\/wp-content\/uploads\/2025\/03\/DSC_3239.jpg\" \/>\n\t<meta property=\"og:image:width\" content=\"5660\" \/>\n\t<meta property=\"og:image:height\" content=\"3184\" \/>\n\t<meta property=\"og:image:type\" content=\"image\/jpeg\" \/>\n<meta name=\"twitter:card\" content=\"summary_large_image\" \/>\n<meta name=\"twitter:label1\" content=\"Est. reading time\" \/>\n\t<meta name=\"twitter:data1\" content=\"1 minute\" \/>\n<script type=\"application\/ld+json\" class=\"yoast-schema-graph\">{\"@context\":\"https:\\\/\\\/schema.org\",\"@graph\":[{\"@type\":\"WebPage\",\"@id\":\"https:\\\/\\\/www.predsjednik.hr\\\/en\\\/news\\\/ambassador-of-the-republic-of-cote-divoire-presents-credentials-to-the-president-of-the-republic\\\/\",\"url\":\"https:\\\/\\\/www.predsjednik.hr\\\/en\\\/news\\\/ambassador-of-the-republic-of-cote-divoire-presents-credentials-to-the-president-of-the-republic\\\/\",\"name\":\"Ambassador of the Republic of C\u00f4te d\u2019Ivoire Presents Credentials to the President of the Republic - President of the Republic of Croatia - Zoran Milanovi\u0107\",\"isPartOf\":{\"@id\":\"https:\\\/\\\/www.predsjednik.hr\\\/en\\\/#website\"},\"primaryImageOfPage\":{\"@id\":\"https:\\\/\\\/www.predsjednik.hr\\\/en\\\/news\\\/ambassador-of-the-republic-of-cote-divoire-presents-credentials-to-the-president-of-the-republic\\\/#primaryimage\"},\"image\":{\"@id\":\"https:\\\/\\\/www.predsjednik.hr\\\/en\\\/news\\\/ambassador-of-the-republic-of-cote-divoire-presents-credentials-to-the-president-of-the-republic\\\/#primaryimage\"},\"thumbnailUrl\":\"https:\\\/\\\/www.predsjednik.hr\\\/wp-content\\\/uploads\\\/2025\\\/03\\\/DSC_3239.jpg\",\"datePublished\":\"2025-03-13T11:48:39+00:00\",\"breadcrumb\":{\"@id\":\"https:\\\/\\\/www.predsjednik.hr\\\/en\\\/news\\\/ambassador-of-the-republic-of-cote-divoire-presents-credentials-to-the-president-of-the-republic\\\/#breadcrumb\"},\"inLanguage\":\"en-US\",\"potentialAction\":[{\"@type\":\"ReadAction\",\"target\":[\"https:\\\/\\\/www.predsjednik.hr\\\/en\\\/news\\\/ambassador-of-the-republic-of-cote-divoire-presents-credentials-to-the-president-of-the-republic\\\/\"]}]},{\"@type\":\"ImageObject\",\"inLanguage\":\"en-US\",\"@id\":\"https:\\\/\\\/www.predsjednik.hr\\\/en\\\/news\\\/ambassador-of-the-republic-of-cote-divoire-presents-credentials-to-the-president-of-the-republic\\\/#primaryimage\",\"url\":\"https:\\\/\\\/www.predsjednik.hr\\\/wp-content\\\/uploads\\\/2025\\\/03\\\/DSC_3239.jpg\",\"contentUrl\":\"https:\\\/\\\/www.predsjednik.hr\\\/wp-content\\\/uploads\\\/2025\\\/03\\\/DSC_3239.jpg\",\"width\":5660,\"height\":3184,\"caption\":\"H. E. Yacouba Ciss\u00e9, Ambassador of the Republic of C\u00f4te d\u2019Ivoire in the Republic of Croatia, with residence in Vienna, presented his credentials to the President of the Republic of Croatia Zoran Milanovi\u0107.\"},{\"@type\":\"BreadcrumbList\",\"@id\":\"https:\\\/\\\/www.predsjednik.hr\\\/en\\\/news\\\/ambassador-of-the-republic-of-cote-divoire-presents-credentials-to-the-president-of-the-republic\\\/#breadcrumb\",\"itemListElement\":[{\"@type\":\"ListItem\",\"position\":1,\"name\":\"Home\",\"item\":\"https:\\\/\\\/www.predsjednik.hr\\\/en\\\/\"},{\"@type\":\"ListItem\",\"position\":2,\"name\":\"Vijesti\",\"item\":\"https:\\\/\\\/www.predsjednik.hr\\\/en\\\/news\\\/\"},{\"@type\":\"ListItem\",\"position\":3,\"name\":\"Ambassador of the Republic of C\u00f4te d\u2019Ivoire Presents Credentials to the President of the Republic\"}]},{\"@type\":\"WebSite\",\"@id\":\"https:\\\/\\\/www.predsjednik.hr\\\/en\\\/#website\",\"url\":\"https:\\\/\\\/www.predsjednik.hr\\\/en\\\/\",\"name\":\"President of the Republic of Croatia - Zoran Milanovi\u0107\",\"description\":\"Just another WordPress site\",\"potentialAction\":[{\"@type\":\"SearchAction\",\"target\":{\"@type\":\"EntryPoint\",\"urlTemplate\":\"https:\\\/\\\/www.predsjednik.hr\\\/en\\\/?s={search_term_string}\"},\"query-input\":{\"@type\":\"PropertyValueSpecification\",\"valueRequired\":true,\"valueName\":\"search_term_string\"}}],\"inLanguage\":\"en-US\"}]}<\/script>\n<!-- \/ Yoast SEO plugin. -->","yoast_head_json":{"title":"Ambassador of the Republic of C\u00f4te d\u2019Ivoire Presents Credentials to the President of the Republic - President of the Republic of Croatia - Zoran Milanovi\u0107","robots":{"index":"index","follow":"follow","max-snippet":"max-snippet:-1","max-image-preview":"max-image-preview:large","max-video-preview":"max-video-preview:-1"},"canonical":"https:\/\/www.predsjednik.hr\/en\/news\/ambassador-of-the-republic-of-cote-divoire-presents-credentials-to-the-president-of-the-republic\/","og_locale":"en_US","og_type":"article","og_title":"Ambassador of the Republic of C\u00f4te d\u2019Ivoire Presents Credentials to the President of the Republic - President of the Republic of Croatia - Zoran Milanovi\u0107","og_description":"H. E. Yacouba Ciss\u00e9, Ambassador of the Republic of C\u00f4te d\u2019Ivoire in the Republic of Croatia, with residence in Vienna, presented his credentials to the President of the Republic of Croatia Zoran Milanovi\u0107.","og_url":"https:\/\/www.predsjednik.hr\/en\/news\/ambassador-of-the-republic-of-cote-divoire-presents-credentials-to-the-president-of-the-republic\/","og_site_name":"President of the Republic of Croatia - Zoran Milanovi\u0107","og_image":[{"width":5660,"height":3184,"url":"https:\/\/www.predsjednik.hr\/wp-content\/uploads\/2025\/03\/DSC_3239.jpg","type":"image\/jpeg"}],"twitter_card":"summary_large_image","twitter_misc":{"Est. reading time":"1 minute"},"schema":{"@context":"https:\/\/schema.org","@graph":[{"@type":"WebPage","@id":"https:\/\/www.predsjednik.hr\/en\/news\/ambassador-of-the-republic-of-cote-divoire-presents-credentials-to-the-president-of-the-republic\/","url":"https:\/\/www.predsjednik.hr\/en\/news\/ambassador-of-the-republic-of-cote-divoire-presents-credentials-to-the-president-of-the-republic\/","name":"Ambassador of the Republic of C\u00f4te d\u2019Ivoire Presents Credentials to the President of the Republic - President of the Republic of Croatia - Zoran Milanovi\u0107","isPartOf":{"@id":"https:\/\/www.predsjednik.hr\/en\/#website"},"primaryImageOfPage":{"@id":"https:\/\/www.predsjednik.hr\/en\/news\/ambassador-of-the-republic-of-cote-divoire-presents-credentials-to-the-president-of-the-republic\/#primaryimage"},"image":{"@id":"https:\/\/www.predsjednik.hr\/en\/news\/ambassador-of-the-republic-of-cote-divoire-presents-credentials-to-the-president-of-the-republic\/#primaryimage"},"thumbnailUrl":"https:\/\/www.predsjednik.hr\/wp-content\/uploads\/2025\/03\/DSC_3239.jpg","datePublished":"2025-03-13T11:48:39+00:00","breadcrumb":{"@id":"https:\/\/www.predsjednik.hr\/en\/news\/ambassador-of-the-republic-of-cote-divoire-presents-credentials-to-the-president-of-the-republic\/#breadcrumb"},"inLanguage":"en-US","potentialAction":[{"@type":"ReadAction","target":["https:\/\/www.predsjednik.hr\/en\/news\/ambassador-of-the-republic-of-cote-divoire-presents-credentials-to-the-president-of-the-republic\/"]}]},{"@type":"ImageObject","inLanguage":"en-US","@id":"https:\/\/www.predsjednik.hr\/en\/news\/ambassador-of-the-republic-of-cote-divoire-presents-credentials-to-the-president-of-the-republic\/#primaryimage","url":"https:\/\/www.predsjednik.hr\/wp-content\/uploads\/2025\/03\/DSC_3239.jpg","contentUrl":"https:\/\/www.predsjednik.hr\/wp-content\/uploads\/2025\/03\/DSC_3239.jpg","width":5660,"height":3184,"caption":"H. E. Yacouba Ciss\u00e9, Ambassador of the Republic of C\u00f4te d\u2019Ivoire in the Republic of Croatia, with residence in Vienna, presented his credentials to the President of the Republic of Croatia Zoran Milanovi\u0107."},{"@type":"BreadcrumbList","@id":"https:\/\/www.predsjednik.hr\/en\/news\/ambassador-of-the-republic-of-cote-divoire-presents-credentials-to-the-president-of-the-republic\/#breadcrumb","itemListElement":[{"@type":"ListItem","position":1,"name":"Home","item":"https:\/\/www.predsjednik.hr\/en\/"},{"@type":"ListItem","position":2,"name":"Vijesti","item":"https:\/\/www.predsjednik.hr\/en\/news\/"},{"@type":"ListItem","position":3,"name":"Ambassador of the Republic of C\u00f4te d\u2019Ivoire Presents Credentials to the President of the Republic"}]},{"@type":"WebSite","@id":"https:\/\/www.predsjednik.hr\/en\/#website","url":"https:\/\/www.predsjednik.hr\/en\/","name":"President of the Republic of Croatia - Zoran Milanovi\u0107","description":"Just another WordPress site","potentialAction":[{"@type":"SearchAction","target":{"@type":"EntryPoint","urlTemplate":"https:\/\/www.predsjednik.hr\/en\/?s={search_term_string}"},"query-input":{"@type":"PropertyValueSpecification","valueRequired":true,"valueName":"search_term_string"}}],"inLanguage":"en-US"}]}},"_links":{"self":[{"href":"https:\/\/www.predsjednik.hr\/en\/wp-json\/wp\/v2\/news\/36360","targetHints":{"allow":["GET"]}}],"collection":[{"href":"https:\/\/www.predsjednik.hr\/en\/wp-json\/wp\/v2\/news"}],"about":[{"href":"https:\/\/www.predsjednik.hr\/en\/wp-json\/wp\/v2\/types\/news"}],"wp:featuredmedia":[{"embeddable":true,"href":"https:\/\/www.predsjednik.hr\/en\/wp-json\/wp\/v2\/media\/36359"}],"wp:attachment":[{"href":"https:\/\/www.predsjednik.hr\/en\/wp-json\/wp\/v2\/media?parent=36360"}],"wp:term":[{"taxonomy":"news-cat","embeddable":true,"href":"https:\/\/www.predsjednik.hr\/en\/wp-json\/wp\/v2\/news-cat?post=36360"}],"curies":[{"name":"wp","href":"https:\/\/api.w.org\/{rel}","templated":true}]}}