{"id":36542,"date":"2025-03-20T15:51:58","date_gmt":"2025-03-20T14:51:58","guid":{"rendered":"https:\/\/www.predsjednik.hr\/?post_type=news&#038;p=36542"},"modified":"2025-03-20T15:51:58","modified_gmt":"2025-03-20T14:51:58","slug":"on-the-occasion-of-the-day-of-gifted-pupils-president-milanovic-receives-members-of-the-dar-association-for-giftedness","status":"publish","type":"news","link":"https:\/\/www.predsjednik.hr\/en\/news\/on-the-occasion-of-the-day-of-gifted-pupils-president-milanovic-receives-members-of-the-dar-association-for-giftedness\/","title":{"rendered":"On the Occasion of the Day of Gifted Pupils, President Milanovi\u0107 Receives Members of the DAR Association for Giftedness"},"content":{"rendered":"\n<p>The President of the Republic Zoran Milanovi\u0107 today received pupils from the DAR Association for Giftedness on the occasion of the Day of Gifted Pupils, which has been celebrated in schools on the 21<sup>st<\/sup> of March since 2011.<\/p>\n\n\n\n<p>The gifted pupils were accompanied by representatives of the DAR Association for Giftedness, which provides support to gifted children and young people, especially those with disabilities. The representatives presented the Association to President Milanovi\u0107, explaining that it was founded in 2015 to bring together children, pupils, and young people, as well as their parents and professional associates. It is a non-profit, non-governmental organization where parents and professionals, depending on their qualifications, knowledge, and skills, pass on knowledge to children that is not covered in mainstream education. They emphasized that they are the only association from Zagreb and the surrounding area implementing an EU project for gifted pupils. The Association has about 50 members and estimates that there are between 7,500 and 10,000 gifted pupils in Croatia.<\/p>\n\n\n\n<p>The European Day of Talented and Gifted Pupils was first observed in 2011, and since then, the 21<sup>st<\/sup> of March has been observed in schools across Croatia as the Day of Gifted Pupils. The purpose of introducing this day is to raise public awareness about the importance of recognizing gifted, creative, and talented children and developing special programmes to support them, as stated at the meeting. It was explained that giftedness is a combination of characteristics that, in addition to cognitive abilities and personality traits, also includes specific skills in various fields and subjects \u2013 such as artistic talent, leadership, sports, science, and more.<\/p>\n\n\n\n<p>In addition to gifted pupils and their parents \u2013 members of the DAR Association for Giftedness \u2013 the meeting at the Office of the President was attended by the Association\u2019s President, Dubravko \u010cop, board members Ljubica Ljubi\u010di\u0107 and Mijo Ljubi\u010di\u0107, adviser Professor Emerita Majda Rijavec, and students Bruno Pernar and Luka \u010cu\u010dukovi\u0107.<\/p>\n\n\n\n<p>Jadranka \u017darkovi\u0107, Adviser to the President of the Republic for Education, was alongside President Milanovi\u0107.&nbsp;<\/p>\n\n\n<!--GALLERY BLOCK-->\n<div class=\"c-lightbox-gallery js-lightbox\">\n                <!--single-->\n            <a data-no-swup class=\"c-lightbox-gallery__single js-lightbox-single\"\n               href=\"https:\/\/www.predsjednik.hr\/wp-content\/uploads\/2025\/03\/DSC_6522-1024x576.jpg\"\n               style=\"background-image: url('https:\/\/www.predsjednik.hr\/wp-content\/uploads\/2025\/03\/DSC_6522-768x432.jpg')\"><\/a>\n            <!--end single-->\n                    <!--single-->\n            <a data-no-swup class=\"c-lightbox-gallery__single js-lightbox-single\"\n               href=\"https:\/\/www.predsjednik.hr\/wp-content\/uploads\/2025\/03\/DSC_6535-1024x562.jpg\"\n               style=\"background-image: url('https:\/\/www.predsjednik.hr\/wp-content\/uploads\/2025\/03\/DSC_6535-768x422.jpg')\"><\/a>\n            <!--end single-->\n                    <!--single-->\n            <a data-no-swup class=\"c-lightbox-gallery__single js-lightbox-single\"\n               href=\"https:\/\/www.predsjednik.hr\/wp-content\/uploads\/2025\/03\/DSC_6548-1024x576.jpg\"\n               style=\"background-image: url('https:\/\/www.predsjednik.hr\/wp-content\/uploads\/2025\/03\/DSC_6548-768x432.jpg')\"><\/a>\n            <!--end single-->\n                    <!--single-->\n            <a data-no-swup class=\"c-lightbox-gallery__single js-lightbox-single\"\n               href=\"https:\/\/www.predsjednik.hr\/wp-content\/uploads\/2025\/03\/DSC_6553-1024x576.jpg\"\n               style=\"background-image: url('https:\/\/www.predsjednik.hr\/wp-content\/uploads\/2025\/03\/DSC_6553-768x432.jpg')\"><\/a>\n            <!--end single-->\n                    <!--single-->\n            <a data-no-swup class=\"c-lightbox-gallery__single js-lightbox-single\"\n               href=\"https:\/\/www.predsjednik.hr\/wp-content\/uploads\/2025\/03\/DSC_6564-1024x576.jpg\"\n               style=\"background-image: url('https:\/\/www.predsjednik.hr\/wp-content\/uploads\/2025\/03\/DSC_6564-768x432.jpg')\"><\/a>\n            <!--end single-->\n                    <!--single-->\n            <a data-no-swup class=\"c-lightbox-gallery__single js-lightbox-single\"\n               href=\"https:\/\/www.predsjednik.hr\/wp-content\/uploads\/2025\/03\/DSC_6572-1024x576.jpg\"\n               style=\"background-image: url('https:\/\/www.predsjednik.hr\/wp-content\/uploads\/2025\/03\/DSC_6572-768x432.jpg')\"><\/a>\n            <!--end single-->\n                    <!--single-->\n            <a data-no-swup class=\"c-lightbox-gallery__single js-lightbox-single\"\n               href=\"https:\/\/www.predsjednik.hr\/wp-content\/uploads\/2025\/03\/DSC_6618-1024x576.jpg\"\n               style=\"background-image: url('https:\/\/www.predsjednik.hr\/wp-content\/uploads\/2025\/03\/DSC_6618-768x432.jpg')\"><\/a>\n            <!--end single-->\n                    <!--single-->\n            <a data-no-swup class=\"c-lightbox-gallery__single js-lightbox-single\"\n               href=\"https:\/\/www.predsjednik.hr\/wp-content\/uploads\/2025\/03\/DSC_6648-1024x576.jpg\"\n               style=\"background-image: url('https:\/\/www.predsjednik.hr\/wp-content\/uploads\/2025\/03\/DSC_6648-768x432.jpg')\"><\/a>\n            <!--end single-->\n                    <!--single-->\n            <a data-no-swup class=\"c-lightbox-gallery__single js-lightbox-single\"\n               href=\"https:\/\/www.predsjednik.hr\/wp-content\/uploads\/2025\/03\/DSC_6656-1024x576.jpg\"\n               style=\"background-image: url('https:\/\/www.predsjednik.hr\/wp-content\/uploads\/2025\/03\/DSC_6656-768x432.jpg')\"><\/a>\n            <!--end single-->\n                    <!--single-->\n            <a data-no-swup class=\"c-lightbox-gallery__single js-lightbox-single\"\n               href=\"https:\/\/www.predsjednik.hr\/wp-content\/uploads\/2025\/03\/DSC_6676-1024x576.jpg\"\n               style=\"background-image: url('https:\/\/www.predsjednik.hr\/wp-content\/uploads\/2025\/03\/DSC_6676-768x432.jpg')\"><\/a>\n            <!--end single-->\n                    <!--single-->\n            <a data-no-swup class=\"c-lightbox-gallery__single js-lightbox-single\"\n               href=\"https:\/\/www.predsjednik.hr\/wp-content\/uploads\/2025\/03\/DSC_6687-1024x576.jpg\"\n               style=\"background-image: url('https:\/\/www.predsjednik.hr\/wp-content\/uploads\/2025\/03\/DSC_6687-768x432.jpg')\"><\/a>\n            <!--end single-->\n                    <!--single-->\n            <a data-no-swup class=\"c-lightbox-gallery__single js-lightbox-single\"\n               href=\"https:\/\/www.predsjednik.hr\/wp-content\/uploads\/2025\/03\/DSC_6728-1024x576.jpg\"\n               style=\"background-image: url('https:\/\/www.predsjednik.hr\/wp-content\/uploads\/2025\/03\/DSC_6728-768x432.jpg')\"><\/a>\n            <!--end single-->\n                    <!--single-->\n            <a data-no-swup class=\"c-lightbox-gallery__single js-lightbox-single\"\n               href=\"https:\/\/www.predsjednik.hr\/wp-content\/uploads\/2025\/03\/DSC_6749-1024x576.jpg\"\n               style=\"background-image: url('https:\/\/www.predsjednik.hr\/wp-content\/uploads\/2025\/03\/DSC_6749-768x432.jpg')\"><\/a>\n            <!--end single-->\n                    <!--single-->\n            <a data-no-swup class=\"c-lightbox-gallery__single js-lightbox-single\"\n               href=\"https:\/\/www.predsjednik.hr\/wp-content\/uploads\/2025\/03\/DSC_6762-1024x576.jpg\"\n               style=\"background-image: url('https:\/\/www.predsjednik.hr\/wp-content\/uploads\/2025\/03\/DSC_6762-768x432.jpg')\"><\/a>\n            <!--end single-->\n                    <!--single-->\n            <a data-no-swup class=\"c-lightbox-gallery__single js-lightbox-single\"\n               href=\"https:\/\/www.predsjednik.hr\/wp-content\/uploads\/2025\/03\/DSC_6795-1024x576.jpg\"\n               style=\"background-image: url('https:\/\/www.predsjednik.hr\/wp-content\/uploads\/2025\/03\/DSC_6795-768x432.jpg')\"><\/a>\n            <!--end single-->\n                    <!--single-->\n            <a data-no-swup class=\"c-lightbox-gallery__single js-lightbox-single\"\n               href=\"https:\/\/www.predsjednik.hr\/wp-content\/uploads\/2025\/03\/DSC_6875-1024x576.jpg\"\n               style=\"background-image: url('https:\/\/www.predsjednik.hr\/wp-content\/uploads\/2025\/03\/DSC_6875-768x432.jpg')\"><\/a>\n            <!--end single-->\n                    <!--single-->\n            <a data-no-swup class=\"c-lightbox-gallery__single js-lightbox-single\"\n               href=\"https:\/\/www.predsjednik.hr\/wp-content\/uploads\/2025\/03\/DSC_6888-1024x576.jpg\"\n               style=\"background-image: url('https:\/\/www.predsjednik.hr\/wp-content\/uploads\/2025\/03\/DSC_6888-768x432.jpg')\"><\/a>\n            <!--end single-->\n        <\/div>\n<!--end GALLERY BLOCK-->\n\n\n\n<p>PHOTO: Office of the President of the Republic of Croatia \/ Tomislav Bu\u0161ljeta<\/p>\n","protected":false},"excerpt":{"rendered":"<p>The President of the Republic Zoran Milanovi\u0107 today received pupils from the DAR Association for Giftedness on the occasion of the Day of Gifted Pupils, which has been celebrated in schools on the 21st of March since 2011.<\/p>\n","protected":false},"featured_media":36511,"template":"","news-cat":[12],"class_list":["post-36542","news","type-news","status-publish","has-post-thumbnail","hentry","news-cat-news"],"acf":[],"yoast_head":"<!-- This site is optimized with the Yoast SEO plugin v27.5 - https:\/\/yoast.com\/product\/yoast-seo-wordpress\/ -->\n<title>On the Occasion of the Day of Gifted Pupils, President Milanovi\u0107 Receives Members of the DAR Association for Giftedness - President of the Republic of Croatia - Zoran Milanovi\u0107<\/title>\n<meta name=\"robots\" content=\"index, follow, max-snippet:-1, max-image-preview:large, max-video-preview:-1\" \/>\n<link rel=\"canonical\" href=\"https:\/\/www.predsjednik.hr\/en\/news\/on-the-occasion-of-the-day-of-gifted-pupils-president-milanovic-receives-members-of-the-dar-association-for-giftedness\/\" \/>\n<meta property=\"og:locale\" content=\"en_US\" \/>\n<meta property=\"og:type\" content=\"article\" \/>\n<meta property=\"og:title\" content=\"On the Occasion of the Day of Gifted Pupils, President Milanovi\u0107 Receives Members of the DAR Association for Giftedness - President of the Republic of Croatia - Zoran Milanovi\u0107\" \/>\n<meta property=\"og:description\" content=\"The President of the Republic Zoran Milanovi\u0107 today received pupils from the DAR Association for Giftedness on the occasion of the Day of Gifted Pupils, which has been celebrated in schools on the 21st of March since 2011.\" \/>\n<meta property=\"og:url\" content=\"https:\/\/www.predsjednik.hr\/en\/news\/on-the-occasion-of-the-day-of-gifted-pupils-president-milanovic-receives-members-of-the-dar-association-for-giftedness\/\" \/>\n<meta property=\"og:site_name\" content=\"President of the Republic of Croatia - Zoran Milanovi\u0107\" \/>\n<meta property=\"og:image\" content=\"https:\/\/www.predsjednik.hr\/wp-content\/uploads\/2025\/03\/DSC_6535.jpg\" \/>\n\t<meta property=\"og:image:width\" content=\"5074\" \/>\n\t<meta property=\"og:image:height\" content=\"2785\" \/>\n\t<meta property=\"og:image:type\" content=\"image\/jpeg\" \/>\n<meta name=\"twitter:card\" content=\"summary_large_image\" \/>\n<meta name=\"twitter:label1\" content=\"Est. reading time\" \/>\n\t<meta name=\"twitter:data1\" content=\"2 minutes\" \/>\n<script type=\"application\/ld+json\" class=\"yoast-schema-graph\">{\"@context\":\"https:\\\/\\\/schema.org\",\"@graph\":[{\"@type\":\"WebPage\",\"@id\":\"https:\\\/\\\/www.predsjednik.hr\\\/en\\\/news\\\/on-the-occasion-of-the-day-of-gifted-pupils-president-milanovic-receives-members-of-the-dar-association-for-giftedness\\\/\",\"url\":\"https:\\\/\\\/www.predsjednik.hr\\\/en\\\/news\\\/on-the-occasion-of-the-day-of-gifted-pupils-president-milanovic-receives-members-of-the-dar-association-for-giftedness\\\/\",\"name\":\"On the Occasion of the Day of Gifted Pupils, President Milanovi\u0107 Receives Members of the DAR Association for Giftedness - President of the Republic of Croatia - Zoran Milanovi\u0107\",\"isPartOf\":{\"@id\":\"https:\\\/\\\/www.predsjednik.hr\\\/en\\\/#website\"},\"primaryImageOfPage\":{\"@id\":\"https:\\\/\\\/www.predsjednik.hr\\\/en\\\/news\\\/on-the-occasion-of-the-day-of-gifted-pupils-president-milanovic-receives-members-of-the-dar-association-for-giftedness\\\/#primaryimage\"},\"image\":{\"@id\":\"https:\\\/\\\/www.predsjednik.hr\\\/en\\\/news\\\/on-the-occasion-of-the-day-of-gifted-pupils-president-milanovic-receives-members-of-the-dar-association-for-giftedness\\\/#primaryimage\"},\"thumbnailUrl\":\"https:\\\/\\\/www.predsjednik.hr\\\/wp-content\\\/uploads\\\/2025\\\/03\\\/DSC_6535.jpg\",\"datePublished\":\"2025-03-20T14:51:58+00:00\",\"breadcrumb\":{\"@id\":\"https:\\\/\\\/www.predsjednik.hr\\\/en\\\/news\\\/on-the-occasion-of-the-day-of-gifted-pupils-president-milanovic-receives-members-of-the-dar-association-for-giftedness\\\/#breadcrumb\"},\"inLanguage\":\"en-US\",\"potentialAction\":[{\"@type\":\"ReadAction\",\"target\":[\"https:\\\/\\\/www.predsjednik.hr\\\/en\\\/news\\\/on-the-occasion-of-the-day-of-gifted-pupils-president-milanovic-receives-members-of-the-dar-association-for-giftedness\\\/\"]}]},{\"@type\":\"ImageObject\",\"inLanguage\":\"en-US\",\"@id\":\"https:\\\/\\\/www.predsjednik.hr\\\/en\\\/news\\\/on-the-occasion-of-the-day-of-gifted-pupils-president-milanovic-receives-members-of-the-dar-association-for-giftedness\\\/#primaryimage\",\"url\":\"https:\\\/\\\/www.predsjednik.hr\\\/wp-content\\\/uploads\\\/2025\\\/03\\\/DSC_6535.jpg\",\"contentUrl\":\"https:\\\/\\\/www.predsjednik.hr\\\/wp-content\\\/uploads\\\/2025\\\/03\\\/DSC_6535.jpg\",\"width\":5074,\"height\":2785},{\"@type\":\"BreadcrumbList\",\"@id\":\"https:\\\/\\\/www.predsjednik.hr\\\/en\\\/news\\\/on-the-occasion-of-the-day-of-gifted-pupils-president-milanovic-receives-members-of-the-dar-association-for-giftedness\\\/#breadcrumb\",\"itemListElement\":[{\"@type\":\"ListItem\",\"position\":1,\"name\":\"Home\",\"item\":\"https:\\\/\\\/www.predsjednik.hr\\\/en\\\/\"},{\"@type\":\"ListItem\",\"position\":2,\"name\":\"Vijesti\",\"item\":\"https:\\\/\\\/www.predsjednik.hr\\\/en\\\/news\\\/\"},{\"@type\":\"ListItem\",\"position\":3,\"name\":\"On the Occasion of the Day of Gifted Pupils, President Milanovi\u0107 Receives Members of the DAR Association for Giftedness\"}]},{\"@type\":\"WebSite\",\"@id\":\"https:\\\/\\\/www.predsjednik.hr\\\/en\\\/#website\",\"url\":\"https:\\\/\\\/www.predsjednik.hr\\\/en\\\/\",\"name\":\"President of the Republic of Croatia - Zoran Milanovi\u0107\",\"description\":\"Just another WordPress site\",\"potentialAction\":[{\"@type\":\"SearchAction\",\"target\":{\"@type\":\"EntryPoint\",\"urlTemplate\":\"https:\\\/\\\/www.predsjednik.hr\\\/en\\\/?s={search_term_string}\"},\"query-input\":{\"@type\":\"PropertyValueSpecification\",\"valueRequired\":true,\"valueName\":\"search_term_string\"}}],\"inLanguage\":\"en-US\"}]}<\/script>\n<!-- \/ Yoast SEO plugin. -->","yoast_head_json":{"title":"On the Occasion of the Day of Gifted Pupils, President Milanovi\u0107 Receives Members of the DAR Association for Giftedness - President of the Republic of Croatia - Zoran Milanovi\u0107","robots":{"index":"index","follow":"follow","max-snippet":"max-snippet:-1","max-image-preview":"max-image-preview:large","max-video-preview":"max-video-preview:-1"},"canonical":"https:\/\/www.predsjednik.hr\/en\/news\/on-the-occasion-of-the-day-of-gifted-pupils-president-milanovic-receives-members-of-the-dar-association-for-giftedness\/","og_locale":"en_US","og_type":"article","og_title":"On the Occasion of the Day of Gifted Pupils, President Milanovi\u0107 Receives Members of the DAR Association for Giftedness - President of the Republic of Croatia - Zoran Milanovi\u0107","og_description":"The President of the Republic Zoran Milanovi\u0107 today received pupils from the DAR Association for Giftedness on the occasion of the Day of Gifted Pupils, which has been celebrated in schools on the 21st of March since 2011.","og_url":"https:\/\/www.predsjednik.hr\/en\/news\/on-the-occasion-of-the-day-of-gifted-pupils-president-milanovic-receives-members-of-the-dar-association-for-giftedness\/","og_site_name":"President of the Republic of Croatia - Zoran Milanovi\u0107","og_image":[{"width":5074,"height":2785,"url":"https:\/\/www.predsjednik.hr\/wp-content\/uploads\/2025\/03\/DSC_6535.jpg","type":"image\/jpeg"}],"twitter_card":"summary_large_image","twitter_misc":{"Est. reading time":"2 minutes"},"schema":{"@context":"https:\/\/schema.org","@graph":[{"@type":"WebPage","@id":"https:\/\/www.predsjednik.hr\/en\/news\/on-the-occasion-of-the-day-of-gifted-pupils-president-milanovic-receives-members-of-the-dar-association-for-giftedness\/","url":"https:\/\/www.predsjednik.hr\/en\/news\/on-the-occasion-of-the-day-of-gifted-pupils-president-milanovic-receives-members-of-the-dar-association-for-giftedness\/","name":"On the Occasion of the Day of Gifted Pupils, President Milanovi\u0107 Receives Members of the DAR Association for Giftedness - President of the Republic of Croatia - Zoran Milanovi\u0107","isPartOf":{"@id":"https:\/\/www.predsjednik.hr\/en\/#website"},"primaryImageOfPage":{"@id":"https:\/\/www.predsjednik.hr\/en\/news\/on-the-occasion-of-the-day-of-gifted-pupils-president-milanovic-receives-members-of-the-dar-association-for-giftedness\/#primaryimage"},"image":{"@id":"https:\/\/www.predsjednik.hr\/en\/news\/on-the-occasion-of-the-day-of-gifted-pupils-president-milanovic-receives-members-of-the-dar-association-for-giftedness\/#primaryimage"},"thumbnailUrl":"https:\/\/www.predsjednik.hr\/wp-content\/uploads\/2025\/03\/DSC_6535.jpg","datePublished":"2025-03-20T14:51:58+00:00","breadcrumb":{"@id":"https:\/\/www.predsjednik.hr\/en\/news\/on-the-occasion-of-the-day-of-gifted-pupils-president-milanovic-receives-members-of-the-dar-association-for-giftedness\/#breadcrumb"},"inLanguage":"en-US","potentialAction":[{"@type":"ReadAction","target":["https:\/\/www.predsjednik.hr\/en\/news\/on-the-occasion-of-the-day-of-gifted-pupils-president-milanovic-receives-members-of-the-dar-association-for-giftedness\/"]}]},{"@type":"ImageObject","inLanguage":"en-US","@id":"https:\/\/www.predsjednik.hr\/en\/news\/on-the-occasion-of-the-day-of-gifted-pupils-president-milanovic-receives-members-of-the-dar-association-for-giftedness\/#primaryimage","url":"https:\/\/www.predsjednik.hr\/wp-content\/uploads\/2025\/03\/DSC_6535.jpg","contentUrl":"https:\/\/www.predsjednik.hr\/wp-content\/uploads\/2025\/03\/DSC_6535.jpg","width":5074,"height":2785},{"@type":"BreadcrumbList","@id":"https:\/\/www.predsjednik.hr\/en\/news\/on-the-occasion-of-the-day-of-gifted-pupils-president-milanovic-receives-members-of-the-dar-association-for-giftedness\/#breadcrumb","itemListElement":[{"@type":"ListItem","position":1,"name":"Home","item":"https:\/\/www.predsjednik.hr\/en\/"},{"@type":"ListItem","position":2,"name":"Vijesti","item":"https:\/\/www.predsjednik.hr\/en\/news\/"},{"@type":"ListItem","position":3,"name":"On the Occasion of the Day of Gifted Pupils, President Milanovi\u0107 Receives Members of the DAR Association for Giftedness"}]},{"@type":"WebSite","@id":"https:\/\/www.predsjednik.hr\/en\/#website","url":"https:\/\/www.predsjednik.hr\/en\/","name":"President of the Republic of Croatia - Zoran Milanovi\u0107","description":"Just another WordPress site","potentialAction":[{"@type":"SearchAction","target":{"@type":"EntryPoint","urlTemplate":"https:\/\/www.predsjednik.hr\/en\/?s={search_term_string}"},"query-input":{"@type":"PropertyValueSpecification","valueRequired":true,"valueName":"search_term_string"}}],"inLanguage":"en-US"}]}},"_links":{"self":[{"href":"https:\/\/www.predsjednik.hr\/en\/wp-json\/wp\/v2\/news\/36542","targetHints":{"allow":["GET"]}}],"collection":[{"href":"https:\/\/www.predsjednik.hr\/en\/wp-json\/wp\/v2\/news"}],"about":[{"href":"https:\/\/www.predsjednik.hr\/en\/wp-json\/wp\/v2\/types\/news"}],"wp:featuredmedia":[{"embeddable":true,"href":"https:\/\/www.predsjednik.hr\/en\/wp-json\/wp\/v2\/media\/36511"}],"wp:attachment":[{"href":"https:\/\/www.predsjednik.hr\/en\/wp-json\/wp\/v2\/media?parent=36542"}],"wp:term":[{"taxonomy":"news-cat","embeddable":true,"href":"https:\/\/www.predsjednik.hr\/en\/wp-json\/wp\/v2\/news-cat?post=36542"}],"curies":[{"name":"wp","href":"https:\/\/api.w.org\/{rel}","templated":true}]}}