{"id":37203,"date":"2025-04-23T15:42:09","date_gmt":"2025-04-23T13:42:09","guid":{"rendered":"https:\/\/www.predsjednik.hr\/?post_type=news&#038;p=37203"},"modified":"2025-04-23T15:42:09","modified_gmt":"2025-04-23T13:42:09","slug":"president-milanovic-the-defense-of-livno-was-of-immense-importance-for-the-defense-of-croatia","status":"publish","type":"news","link":"https:\/\/www.predsjednik.hr\/en\/news\/president-milanovic-the-defense-of-livno-was-of-immense-importance-for-the-defense-of-croatia\/","title":{"rendered":"President Milanovi\u0107: The defense of Livno was of immense importance for the defense of Croatia"},"content":{"rendered":"\n<p>The President of the Republic of Croatia Zoran Milanovi\u0107 took part today in Livno in the commemoration of the 33<sup>rd<\/sup> anniversary of the defense of Livno. On that occasion, he presented a decoration to the Petar Kre\u0161imir IV Brigade of Livno. In his address, President Milanovi\u0107 highlighted the historical importance of the defense of Livno in the context of the Homeland War and the defense of the Republic of Croatia.<\/p>\n\n\n\n<p>\u201cThe victory on 23 April 1992 was of immense importance for Croatia, enabling the continued operations and control of this part of Dalmatia by the Croatian Army and Croatian forces. Defending Livno was, of course, most crucial for the people of Livno themselves, but it was also vital for Croatia as a whole. The defense of Livno and the repulsion of the enemy were of tremendous significance for Croatia. And if I may take the liberty of interpreting events a bit more freely, I would say that Operation Storm may have begun as early as the spring of 1992 \u2013 right here \u2013 with the defense of Livno and the establishment of the conditions necessary for the major victories achieved by the Croatian Army in 1995. Had Livno not been defended at that time, it would have been extremely difficult to reclaim in 1994. These were bold decisions and a great day for Croatia,\u201d said the President of the Republic.<\/p>\n\n\n\n<p>President Milanovi\u0107 also emphasized the importance of unity among Croatian defenders from different regions of Croatia and Bosnia and Herzegovina. \u201cIt was a collective effort by Croats from Croatia and from Bosnia and Herzegovina, which is your homeland,\u201d he told the people of Livno.<\/p>\n\n\n\n<p>The President also addressed the current political challenges in Bosnia and Herzegovina, stressing that the country\u2019s future must rest on an agreement among its three constituent peoples \u2013 without interference from the international community.<\/p>\n\n\n\n<p>\u201cThat agreement is best reached by yourselves \u2013 Croats, Serbs, and Bosniaks \u2013 with as little involvement from foreign actors as possible,\u201d said the President, underlining that solutions for Bosnia and Herzegovina must come from within.<\/p>\n\n\n\n<p>\u201cThere will be no agreement in BiH without you. Everything else, as time goes on, becomes merely an obstacle. And if we haven\u2019t learned that from history, then we have learned little,\u201d President Milanovi\u0107 added, calling for mutual understanding, responsibility, and reasonable dialogue among the peoples of Bosnia and Herzegovina.<\/p>\n\n\n\n<p>He concluded by stating that the decoration awarded to the Livno Brigade symbolizes the Republic of Croatia\u2019s debt of honour to those who not only defended Livno but also laid the groundwork for future victories.<\/p>\n\n\n\n<p>On this occasion, President Milanovi\u0107 awarded the Petar Kre\u0161imir IV Brigade of Livno the Order of Nikola \u0160ubi\u0107 Zrinski for the heroism displayed by its members during the Homeland War.<\/p>\n\n\n\n<p>The brigade was formed on 23 September 1991 at a meeting of the Crisis Staff in the village of Dobro, when all military units, platoons, village guards, and police reserves were unified into a single brigade. The Livno Brigade was the first organized military unit of the Croatian people in Bosnia and Herzegovina and, by personnel numbers, the largest unit of the Croatian Defence Council (HVO). It was officially named on 22 April 1992 and was the first to achieve HVO victories against the Yugoslav People\u2019s Army and Ratko Mladi\u0107. A total of 7,150 individuals \u2013 exclusively residents of the Livno region \u2013 served in the brigade. Of these, 114 were killed and 420 wounded.<\/p>\n\n\n\n<p>In addition to the President of the Republic, the gathering was addressed by Martin Brdar, President of the Commission for Veterans\u2019 Affairs; Darko \u010condri\u0107, Mayor of Livno; and Borjana Kri\u0161to, Chairwoman of the Council of Ministers of Bosnia and Herzegovina.<\/p>\n\n\n\n<p>Following the solemn decoration ceremony, President Milanovi\u0107 laid a wreath and paid tribute at the Monument to the Fallen for the Freedom of the Croat People.<\/p>\n\n\n\n<p>Adviser to the President of the Republic for Homeland War Veterans Marijan Marekovi\u0107 and generals Ljubo \u0106esi\u0107, Rahim Ademi, and Zdravko Andabak were in the delegation alongside President Milanovi\u0107.<\/p>\n\n\n<!--GALLERY BLOCK-->\n<div class=\"c-lightbox-gallery js-lightbox\">\n                <!--single-->\n            <a data-no-swup class=\"c-lightbox-gallery__single js-lightbox-single\"\n               href=\"https:\/\/www.predsjednik.hr\/wp-content\/uploads\/2025\/04\/DSC_8929-1024x576.jpg\"\n               style=\"background-image: url('https:\/\/www.predsjednik.hr\/wp-content\/uploads\/2025\/04\/DSC_8929-768x432.jpg')\"><\/a>\n            <!--end single-->\n                    <!--single-->\n            <a data-no-swup class=\"c-lightbox-gallery__single js-lightbox-single\"\n               href=\"https:\/\/www.predsjednik.hr\/wp-content\/uploads\/2025\/04\/DSC_8882-1024x576.jpg\"\n               style=\"background-image: url('https:\/\/www.predsjednik.hr\/wp-content\/uploads\/2025\/04\/DSC_8882-768x432.jpg')\"><\/a>\n            <!--end single-->\n                    <!--single-->\n            <a data-no-swup class=\"c-lightbox-gallery__single js-lightbox-single\"\n               href=\"https:\/\/www.predsjednik.hr\/wp-content\/uploads\/2025\/04\/DSC_8731-1024x576.jpg\"\n               style=\"background-image: url('https:\/\/www.predsjednik.hr\/wp-content\/uploads\/2025\/04\/DSC_8731-768x432.jpg')\"><\/a>\n            <!--end single-->\n                    <!--single-->\n            <a data-no-swup class=\"c-lightbox-gallery__single js-lightbox-single\"\n               href=\"https:\/\/www.predsjednik.hr\/wp-content\/uploads\/2025\/04\/DSC_8727-1024x576.jpg\"\n               style=\"background-image: url('https:\/\/www.predsjednik.hr\/wp-content\/uploads\/2025\/04\/DSC_8727-768x432.jpg')\"><\/a>\n            <!--end single-->\n                    <!--single-->\n            <a data-no-swup class=\"c-lightbox-gallery__single js-lightbox-single\"\n               href=\"https:\/\/www.predsjednik.hr\/wp-content\/uploads\/2025\/04\/DSC_8646-1024x732.jpg\"\n               style=\"background-image: url('https:\/\/www.predsjednik.hr\/wp-content\/uploads\/2025\/04\/DSC_8646-768x549.jpg')\"><\/a>\n            <!--end single-->\n                    <!--single-->\n            <a data-no-swup class=\"c-lightbox-gallery__single js-lightbox-single\"\n               href=\"https:\/\/www.predsjednik.hr\/wp-content\/uploads\/2025\/04\/DSC_8625-1024x576.jpg\"\n               style=\"background-image: url('https:\/\/www.predsjednik.hr\/wp-content\/uploads\/2025\/04\/DSC_8625-768x432.jpg')\"><\/a>\n            <!--end single-->\n                    <!--single-->\n            <a data-no-swup class=\"c-lightbox-gallery__single js-lightbox-single\"\n               href=\"https:\/\/www.predsjednik.hr\/wp-content\/uploads\/2025\/04\/DSC_8597-1024x576.jpg\"\n               style=\"background-image: url('https:\/\/www.predsjednik.hr\/wp-content\/uploads\/2025\/04\/DSC_8597-768x432.jpg')\"><\/a>\n            <!--end single-->\n                    <!--single-->\n            <a data-no-swup class=\"c-lightbox-gallery__single js-lightbox-single\"\n               href=\"https:\/\/www.predsjednik.hr\/wp-content\/uploads\/2025\/04\/DSC_8465-1024x576.jpg\"\n               style=\"background-image: url('https:\/\/www.predsjednik.hr\/wp-content\/uploads\/2025\/04\/DSC_8465-768x432.jpg')\"><\/a>\n            <!--end single-->\n                    <!--single-->\n            <a data-no-swup class=\"c-lightbox-gallery__single js-lightbox-single\"\n               href=\"https:\/\/www.predsjednik.hr\/wp-content\/uploads\/2025\/04\/DSC_8383-1024x576.jpg\"\n               style=\"background-image: url('https:\/\/www.predsjednik.hr\/wp-content\/uploads\/2025\/04\/DSC_8383-768x432.jpg')\"><\/a>\n            <!--end single-->\n                    <!--single-->\n            <a data-no-swup class=\"c-lightbox-gallery__single js-lightbox-single\"\n               href=\"https:\/\/www.predsjednik.hr\/wp-content\/uploads\/2025\/04\/DSC_8208-1024x576.jpg\"\n               style=\"background-image: url('https:\/\/www.predsjednik.hr\/wp-content\/uploads\/2025\/04\/DSC_8208-768x432.jpg')\"><\/a>\n            <!--end single-->\n                    <!--single-->\n            <a data-no-swup class=\"c-lightbox-gallery__single js-lightbox-single\"\n               href=\"https:\/\/www.predsjednik.hr\/wp-content\/uploads\/2025\/04\/DSC_8174-1024x576.jpg\"\n               style=\"background-image: url('https:\/\/www.predsjednik.hr\/wp-content\/uploads\/2025\/04\/DSC_8174-768x432.jpg')\"><\/a>\n            <!--end single-->\n                    <!--single-->\n            <a data-no-swup class=\"c-lightbox-gallery__single js-lightbox-single\"\n               href=\"https:\/\/www.predsjednik.hr\/wp-content\/uploads\/2025\/04\/DSC_7990-1024x576.jpg\"\n               style=\"background-image: url('https:\/\/www.predsjednik.hr\/wp-content\/uploads\/2025\/04\/DSC_7990-768x432.jpg')\"><\/a>\n            <!--end single-->\n        <\/div>\n<!--end GALLERY BLOCK-->\n\n\n\n<p>PHOTO: Office of the President of the Republic of Croatia \/ Marko Beljan<\/p>\n","protected":false},"excerpt":{"rendered":"<p>The President of the Republic of Croatia Zoran Milanovi\u0107 took part today in Livno in the commemoration of the 33rd anniversary of the defense of Livno. On that occasion, he presented a decoration to the Petar Kre\u0161imir IV Brigade of Livno.<\/p>\n","protected":false},"featured_media":37184,"template":"","news-cat":[12],"class_list":["post-37203","news","type-news","status-publish","has-post-thumbnail","hentry","news-cat-news"],"acf":[],"yoast_head":"<!-- This site is optimized with the Yoast SEO plugin v27.4 - https:\/\/yoast.com\/product\/yoast-seo-wordpress\/ -->\n<title>President Milanovi\u0107: The defense of Livno was of immense importance for the defense of Croatia - President of the Republic of Croatia - Zoran Milanovi\u0107<\/title>\n<meta name=\"robots\" content=\"index, follow, max-snippet:-1, max-image-preview:large, max-video-preview:-1\" \/>\n<link rel=\"canonical\" href=\"https:\/\/www.predsjednik.hr\/en\/news\/president-milanovic-the-defense-of-livno-was-of-immense-importance-for-the-defense-of-croatia\/\" \/>\n<meta property=\"og:locale\" content=\"en_US\" \/>\n<meta property=\"og:type\" content=\"article\" \/>\n<meta property=\"og:title\" content=\"President Milanovi\u0107: The defense of Livno was of immense importance for the defense of Croatia - President of the Republic of Croatia - Zoran Milanovi\u0107\" \/>\n<meta property=\"og:description\" content=\"The President of the Republic of Croatia Zoran Milanovi\u0107 took part today in Livno in the commemoration of the 33rd anniversary of the defense of Livno. On that occasion, he presented a decoration to the Petar Kre\u0161imir IV Brigade of Livno.\" \/>\n<meta property=\"og:url\" content=\"https:\/\/www.predsjednik.hr\/en\/news\/president-milanovic-the-defense-of-livno-was-of-immense-importance-for-the-defense-of-croatia\/\" \/>\n<meta property=\"og:site_name\" content=\"President of the Republic of Croatia - Zoran Milanovi\u0107\" \/>\n<meta property=\"og:image\" content=\"https:\/\/www.predsjednik.hr\/wp-content\/uploads\/2025\/04\/DSC_8646-1024x732.jpg\" \/>\n\t<meta property=\"og:image:width\" content=\"1024\" \/>\n\t<meta property=\"og:image:height\" content=\"732\" \/>\n\t<meta property=\"og:image:type\" content=\"image\/jpeg\" \/>\n<meta name=\"twitter:card\" content=\"summary_large_image\" \/>\n<meta name=\"twitter:label1\" content=\"Est. reading time\" \/>\n\t<meta name=\"twitter:data1\" content=\"3 minutes\" \/>\n<script type=\"application\/ld+json\" class=\"yoast-schema-graph\">{\"@context\":\"https:\\\/\\\/schema.org\",\"@graph\":[{\"@type\":\"WebPage\",\"@id\":\"https:\\\/\\\/www.predsjednik.hr\\\/en\\\/news\\\/president-milanovic-the-defense-of-livno-was-of-immense-importance-for-the-defense-of-croatia\\\/\",\"url\":\"https:\\\/\\\/www.predsjednik.hr\\\/en\\\/news\\\/president-milanovic-the-defense-of-livno-was-of-immense-importance-for-the-defense-of-croatia\\\/\",\"name\":\"President Milanovi\u0107: The defense of Livno was of immense importance for the defense of Croatia - President of the Republic of Croatia - Zoran Milanovi\u0107\",\"isPartOf\":{\"@id\":\"https:\\\/\\\/www.predsjednik.hr\\\/en\\\/#website\"},\"primaryImageOfPage\":{\"@id\":\"https:\\\/\\\/www.predsjednik.hr\\\/en\\\/news\\\/president-milanovic-the-defense-of-livno-was-of-immense-importance-for-the-defense-of-croatia\\\/#primaryimage\"},\"image\":{\"@id\":\"https:\\\/\\\/www.predsjednik.hr\\\/en\\\/news\\\/president-milanovic-the-defense-of-livno-was-of-immense-importance-for-the-defense-of-croatia\\\/#primaryimage\"},\"thumbnailUrl\":\"https:\\\/\\\/www.predsjednik.hr\\\/wp-content\\\/uploads\\\/2025\\\/04\\\/DSC_8646.jpg\",\"datePublished\":\"2025-04-23T13:42:09+00:00\",\"breadcrumb\":{\"@id\":\"https:\\\/\\\/www.predsjednik.hr\\\/en\\\/news\\\/president-milanovic-the-defense-of-livno-was-of-immense-importance-for-the-defense-of-croatia\\\/#breadcrumb\"},\"inLanguage\":\"en-US\",\"potentialAction\":[{\"@type\":\"ReadAction\",\"target\":[\"https:\\\/\\\/www.predsjednik.hr\\\/en\\\/news\\\/president-milanovic-the-defense-of-livno-was-of-immense-importance-for-the-defense-of-croatia\\\/\"]}]},{\"@type\":\"ImageObject\",\"inLanguage\":\"en-US\",\"@id\":\"https:\\\/\\\/www.predsjednik.hr\\\/en\\\/news\\\/president-milanovic-the-defense-of-livno-was-of-immense-importance-for-the-defense-of-croatia\\\/#primaryimage\",\"url\":\"https:\\\/\\\/www.predsjednik.hr\\\/wp-content\\\/uploads\\\/2025\\\/04\\\/DSC_8646.jpg\",\"contentUrl\":\"https:\\\/\\\/www.predsjednik.hr\\\/wp-content\\\/uploads\\\/2025\\\/04\\\/DSC_8646.jpg\",\"width\":2738,\"height\":1956},{\"@type\":\"BreadcrumbList\",\"@id\":\"https:\\\/\\\/www.predsjednik.hr\\\/en\\\/news\\\/president-milanovic-the-defense-of-livno-was-of-immense-importance-for-the-defense-of-croatia\\\/#breadcrumb\",\"itemListElement\":[{\"@type\":\"ListItem\",\"position\":1,\"name\":\"Home\",\"item\":\"https:\\\/\\\/www.predsjednik.hr\\\/en\\\/\"},{\"@type\":\"ListItem\",\"position\":2,\"name\":\"Vijesti\",\"item\":\"https:\\\/\\\/www.predsjednik.hr\\\/en\\\/news\\\/\"},{\"@type\":\"ListItem\",\"position\":3,\"name\":\"President Milanovi\u0107: The defense of Livno was of immense importance for the defense of Croatia\"}]},{\"@type\":\"WebSite\",\"@id\":\"https:\\\/\\\/www.predsjednik.hr\\\/en\\\/#website\",\"url\":\"https:\\\/\\\/www.predsjednik.hr\\\/en\\\/\",\"name\":\"President of the Republic of Croatia - Zoran Milanovi\u0107\",\"description\":\"Just another WordPress site\",\"potentialAction\":[{\"@type\":\"SearchAction\",\"target\":{\"@type\":\"EntryPoint\",\"urlTemplate\":\"https:\\\/\\\/www.predsjednik.hr\\\/en\\\/?s={search_term_string}\"},\"query-input\":{\"@type\":\"PropertyValueSpecification\",\"valueRequired\":true,\"valueName\":\"search_term_string\"}}],\"inLanguage\":\"en-US\"}]}<\/script>\n<!-- \/ Yoast SEO plugin. -->","yoast_head_json":{"title":"President Milanovi\u0107: The defense of Livno was of immense importance for the defense of Croatia - President of the Republic of Croatia - Zoran Milanovi\u0107","robots":{"index":"index","follow":"follow","max-snippet":"max-snippet:-1","max-image-preview":"max-image-preview:large","max-video-preview":"max-video-preview:-1"},"canonical":"https:\/\/www.predsjednik.hr\/en\/news\/president-milanovic-the-defense-of-livno-was-of-immense-importance-for-the-defense-of-croatia\/","og_locale":"en_US","og_type":"article","og_title":"President Milanovi\u0107: The defense of Livno was of immense importance for the defense of Croatia - President of the Republic of Croatia - Zoran Milanovi\u0107","og_description":"The President of the Republic of Croatia Zoran Milanovi\u0107 took part today in Livno in the commemoration of the 33rd anniversary of the defense of Livno. On that occasion, he presented a decoration to the Petar Kre\u0161imir IV Brigade of Livno.","og_url":"https:\/\/www.predsjednik.hr\/en\/news\/president-milanovic-the-defense-of-livno-was-of-immense-importance-for-the-defense-of-croatia\/","og_site_name":"President of the Republic of Croatia - Zoran Milanovi\u0107","og_image":[{"width":1024,"height":732,"url":"https:\/\/www.predsjednik.hr\/wp-content\/uploads\/2025\/04\/DSC_8646-1024x732.jpg","type":"image\/jpeg"}],"twitter_card":"summary_large_image","twitter_misc":{"Est. reading time":"3 minutes"},"schema":{"@context":"https:\/\/schema.org","@graph":[{"@type":"WebPage","@id":"https:\/\/www.predsjednik.hr\/en\/news\/president-milanovic-the-defense-of-livno-was-of-immense-importance-for-the-defense-of-croatia\/","url":"https:\/\/www.predsjednik.hr\/en\/news\/president-milanovic-the-defense-of-livno-was-of-immense-importance-for-the-defense-of-croatia\/","name":"President Milanovi\u0107: The defense of Livno was of immense importance for the defense of Croatia - President of the Republic of Croatia - Zoran Milanovi\u0107","isPartOf":{"@id":"https:\/\/www.predsjednik.hr\/en\/#website"},"primaryImageOfPage":{"@id":"https:\/\/www.predsjednik.hr\/en\/news\/president-milanovic-the-defense-of-livno-was-of-immense-importance-for-the-defense-of-croatia\/#primaryimage"},"image":{"@id":"https:\/\/www.predsjednik.hr\/en\/news\/president-milanovic-the-defense-of-livno-was-of-immense-importance-for-the-defense-of-croatia\/#primaryimage"},"thumbnailUrl":"https:\/\/www.predsjednik.hr\/wp-content\/uploads\/2025\/04\/DSC_8646.jpg","datePublished":"2025-04-23T13:42:09+00:00","breadcrumb":{"@id":"https:\/\/www.predsjednik.hr\/en\/news\/president-milanovic-the-defense-of-livno-was-of-immense-importance-for-the-defense-of-croatia\/#breadcrumb"},"inLanguage":"en-US","potentialAction":[{"@type":"ReadAction","target":["https:\/\/www.predsjednik.hr\/en\/news\/president-milanovic-the-defense-of-livno-was-of-immense-importance-for-the-defense-of-croatia\/"]}]},{"@type":"ImageObject","inLanguage":"en-US","@id":"https:\/\/www.predsjednik.hr\/en\/news\/president-milanovic-the-defense-of-livno-was-of-immense-importance-for-the-defense-of-croatia\/#primaryimage","url":"https:\/\/www.predsjednik.hr\/wp-content\/uploads\/2025\/04\/DSC_8646.jpg","contentUrl":"https:\/\/www.predsjednik.hr\/wp-content\/uploads\/2025\/04\/DSC_8646.jpg","width":2738,"height":1956},{"@type":"BreadcrumbList","@id":"https:\/\/www.predsjednik.hr\/en\/news\/president-milanovic-the-defense-of-livno-was-of-immense-importance-for-the-defense-of-croatia\/#breadcrumb","itemListElement":[{"@type":"ListItem","position":1,"name":"Home","item":"https:\/\/www.predsjednik.hr\/en\/"},{"@type":"ListItem","position":2,"name":"Vijesti","item":"https:\/\/www.predsjednik.hr\/en\/news\/"},{"@type":"ListItem","position":3,"name":"President Milanovi\u0107: The defense of Livno was of immense importance for the defense of Croatia"}]},{"@type":"WebSite","@id":"https:\/\/www.predsjednik.hr\/en\/#website","url":"https:\/\/www.predsjednik.hr\/en\/","name":"President of the Republic of Croatia - Zoran Milanovi\u0107","description":"Just another WordPress site","potentialAction":[{"@type":"SearchAction","target":{"@type":"EntryPoint","urlTemplate":"https:\/\/www.predsjednik.hr\/en\/?s={search_term_string}"},"query-input":{"@type":"PropertyValueSpecification","valueRequired":true,"valueName":"search_term_string"}}],"inLanguage":"en-US"}]}},"_links":{"self":[{"href":"https:\/\/www.predsjednik.hr\/en\/wp-json\/wp\/v2\/news\/37203","targetHints":{"allow":["GET"]}}],"collection":[{"href":"https:\/\/www.predsjednik.hr\/en\/wp-json\/wp\/v2\/news"}],"about":[{"href":"https:\/\/www.predsjednik.hr\/en\/wp-json\/wp\/v2\/types\/news"}],"wp:featuredmedia":[{"embeddable":true,"href":"https:\/\/www.predsjednik.hr\/en\/wp-json\/wp\/v2\/media\/37184"}],"wp:attachment":[{"href":"https:\/\/www.predsjednik.hr\/en\/wp-json\/wp\/v2\/media?parent=37203"}],"wp:term":[{"taxonomy":"news-cat","embeddable":true,"href":"https:\/\/www.predsjednik.hr\/en\/wp-json\/wp\/v2\/news-cat?post=37203"}],"curies":[{"name":"wp","href":"https:\/\/api.w.org\/{rel}","templated":true}]}}