{"id":37533,"date":"2025-05-12T15:42:26","date_gmt":"2025-05-12T13:42:26","guid":{"rendered":"https:\/\/www.predsjednik.hr\/?post_type=news&#038;p=37533"},"modified":"2025-05-12T15:42:27","modified_gmt":"2025-05-12T13:42:27","slug":"president-milanovic-receives-delegation-of-european-specialist-nurses-organisation","status":"publish","type":"news","link":"https:\/\/www.predsjednik.hr\/en\/news\/president-milanovic-receives-delegation-of-european-specialist-nurses-organisation\/","title":{"rendered":"President Milanovi\u0107 Receives Delegation of European Specialist Nurses Organisation"},"content":{"rendered":"\n<p>The President of the Republic Zoran Milanovi\u0107 received today a delegation of the European Specialist Nurses Organisation (ESNO) on the occasion of International Nurses Day, which is observed on 12 May. They informed him of preparations for the 7<sup>th<\/sup> International Congress entitled \u201cGreen Future, Health Workplace \u2013 Specialist Nurses Leading the Way\u201c, which ESNO is organizing from 29 to 31 May in Zagreb.<\/p>\n\n\n\n<p>The Congress is co-organized with the Croatian National Nursing Association and the Croatian Society of Anaesthesia, Resuscitation, Intensive Care and Transfusion Nurses, and in cooperation with many faculties and nursing associations in the Republic of Croatia, under the auspices of the President of the Republic. The European Specialist Nurses Organization is an organization that brings together federations of specialist nurses operating in Europe. According to the Organisation\u2019s President, Adrian Friganovi\u0107, the Congress is expected to attract around 200 participants from almost 30 European states.<\/p>\n\n\n\n<p>At the meeting with President Milanovi\u0107, in addition to the Congress, they also discussed the position of the medical profession in Croatia and Europe. It was emphasised that Croatia is still experiencing a problem of nursing shortage in health institutions; they are no longer going abroad as much as they used to, but are rather leaving the health system for other jobs. The main reasons for nurses leaving the health system were cited as insufficient salaries and non-recognition of their educational level.<\/p>\n\n\n\n<p>Attending the meeting in the Office of the President of the Republic apart from the president of the European Specialist Nurses Organisation were the executive director of the European Specialist Nurses Organisation Ber Oomen; the chair of the Scientific Committee Vedrana Vejzovi\u0107; &nbsp;as well as Snje\u017eana \u010cukljek, Sandra Bo\u0161kovi\u0107, Ana Br\u010dina, Cecilija Rotim, Marin Repusti\u0107, Ana Joka, Vesna Konjevoda, Ru\u017eica Marini\u0107, Josip Brusi\u0107, Gordana Mi\u0161kulin, Marica Jerlekovi\u0107, Danijela Rac, Gloria Be\u0161ker, Romana Pali\u0107 and medical technician, Boris Ili\u0107.<\/p>\n\n\n\n<p>Alongside President Milanovi\u0107 was the Adviser to the President for Education Jadranka \u017darkovi\u0107.<\/p>\n\n\n<!--GALLERY BLOCK-->\n<div class=\"c-lightbox-gallery js-lightbox\">\n                <!--single-->\n            <a data-no-swup class=\"c-lightbox-gallery__single js-lightbox-single\"\n               href=\"https:\/\/www.predsjednik.hr\/wp-content\/uploads\/2025\/05\/DSC_3591-1024x576.jpg\"\n               style=\"background-image: url('https:\/\/www.predsjednik.hr\/wp-content\/uploads\/2025\/05\/DSC_3591-768x432.jpg')\"><\/a>\n            <!--end single-->\n                    <!--single-->\n            <a data-no-swup class=\"c-lightbox-gallery__single js-lightbox-single\"\n               href=\"https:\/\/www.predsjednik.hr\/wp-content\/uploads\/2025\/05\/DSC_3617-1024x576.jpg\"\n               style=\"background-image: url('https:\/\/www.predsjednik.hr\/wp-content\/uploads\/2025\/05\/DSC_3617-768x432.jpg')\"><\/a>\n            <!--end single-->\n                    <!--single-->\n            <a data-no-swup class=\"c-lightbox-gallery__single js-lightbox-single\"\n               href=\"https:\/\/www.predsjednik.hr\/wp-content\/uploads\/2025\/05\/DSC_3657-1024x576.jpg\"\n               style=\"background-image: url('https:\/\/www.predsjednik.hr\/wp-content\/uploads\/2025\/05\/DSC_3657-768x432.jpg')\"><\/a>\n            <!--end single-->\n                    <!--single-->\n            <a data-no-swup class=\"c-lightbox-gallery__single js-lightbox-single\"\n               href=\"https:\/\/www.predsjednik.hr\/wp-content\/uploads\/2025\/05\/DSC_3672-1024x576.jpg\"\n               style=\"background-image: url('https:\/\/www.predsjednik.hr\/wp-content\/uploads\/2025\/05\/DSC_3672-768x432.jpg')\"><\/a>\n            <!--end single-->\n        <\/div>\n<!--end GALLERY BLOCK-->\n\n\n\n<p>PHOTO: Office of the President of the Republic of Croatia \/ Dario Andri\u0161ek<\/p>\n","protected":false},"excerpt":{"rendered":"<p>The President of the Republic Zoran Milanovi\u0107 received today a delegation of the European Specialist Nurses Organisation (ESNO) on the occasion of International Nurses Day, which is observed on 12 May. They informed him of preparations for the 7th International Congress entitled \u201cGreen Future, Health Workplace \u2013 Specialist Nurses Leading the Way\u201c, which ESNO is organizing from 29 to 31 May in Zagreb.<\/p>\n","protected":false},"featured_media":37519,"template":"","news-cat":[12],"class_list":["post-37533","news","type-news","status-publish","has-post-thumbnail","hentry","news-cat-news"],"acf":[],"yoast_head":"<!-- This site is optimized with the Yoast SEO plugin v27.4 - https:\/\/yoast.com\/product\/yoast-seo-wordpress\/ -->\n<title>President Milanovi\u0107 Receives Delegation of European Specialist Nurses Organisation - President of the Republic of Croatia - Zoran Milanovi\u0107<\/title>\n<meta name=\"robots\" content=\"index, follow, max-snippet:-1, max-image-preview:large, max-video-preview:-1\" \/>\n<link rel=\"canonical\" href=\"https:\/\/www.predsjednik.hr\/en\/news\/president-milanovic-receives-delegation-of-european-specialist-nurses-organisation\/\" \/>\n<meta property=\"og:locale\" content=\"en_US\" \/>\n<meta property=\"og:type\" content=\"article\" \/>\n<meta property=\"og:title\" content=\"President Milanovi\u0107 Receives Delegation of European Specialist Nurses Organisation - President of the Republic of Croatia - Zoran Milanovi\u0107\" \/>\n<meta property=\"og:description\" content=\"The President of the Republic Zoran Milanovi\u0107 received today a delegation of the European Specialist Nurses Organisation (ESNO) on the occasion of International Nurses Day, which is observed on 12 May. They informed him of preparations for the 7th International Congress entitled \u201cGreen Future, Health Workplace \u2013 Specialist Nurses Leading the Way\u201c, which ESNO is organizing from 29 to 31 May in Zagreb.\" \/>\n<meta property=\"og:url\" content=\"https:\/\/www.predsjednik.hr\/en\/news\/president-milanovic-receives-delegation-of-european-specialist-nurses-organisation\/\" \/>\n<meta property=\"og:site_name\" content=\"President of the Republic of Croatia - Zoran Milanovi\u0107\" \/>\n<meta property=\"article:modified_time\" content=\"2025-05-12T13:42:27+00:00\" \/>\n<meta property=\"og:image\" content=\"https:\/\/www.predsjednik.hr\/wp-content\/uploads\/2025\/05\/DSC_3617.jpg\" \/>\n\t<meta property=\"og:image:width\" content=\"4807\" \/>\n\t<meta property=\"og:image:height\" content=\"2704\" \/>\n\t<meta property=\"og:image:type\" content=\"image\/jpeg\" \/>\n<meta name=\"twitter:card\" content=\"summary_large_image\" \/>\n<meta name=\"twitter:label1\" content=\"Est. reading time\" \/>\n\t<meta name=\"twitter:data1\" content=\"2 minutes\" \/>\n<script type=\"application\/ld+json\" class=\"yoast-schema-graph\">{\"@context\":\"https:\\\/\\\/schema.org\",\"@graph\":[{\"@type\":\"WebPage\",\"@id\":\"https:\\\/\\\/www.predsjednik.hr\\\/en\\\/news\\\/president-milanovic-receives-delegation-of-european-specialist-nurses-organisation\\\/\",\"url\":\"https:\\\/\\\/www.predsjednik.hr\\\/en\\\/news\\\/president-milanovic-receives-delegation-of-european-specialist-nurses-organisation\\\/\",\"name\":\"President Milanovi\u0107 Receives Delegation of European Specialist Nurses Organisation - President of the Republic of Croatia - Zoran Milanovi\u0107\",\"isPartOf\":{\"@id\":\"https:\\\/\\\/www.predsjednik.hr\\\/en\\\/#website\"},\"primaryImageOfPage\":{\"@id\":\"https:\\\/\\\/www.predsjednik.hr\\\/en\\\/news\\\/president-milanovic-receives-delegation-of-european-specialist-nurses-organisation\\\/#primaryimage\"},\"image\":{\"@id\":\"https:\\\/\\\/www.predsjednik.hr\\\/en\\\/news\\\/president-milanovic-receives-delegation-of-european-specialist-nurses-organisation\\\/#primaryimage\"},\"thumbnailUrl\":\"https:\\\/\\\/www.predsjednik.hr\\\/wp-content\\\/uploads\\\/2025\\\/05\\\/DSC_3617.jpg\",\"datePublished\":\"2025-05-12T13:42:26+00:00\",\"dateModified\":\"2025-05-12T13:42:27+00:00\",\"breadcrumb\":{\"@id\":\"https:\\\/\\\/www.predsjednik.hr\\\/en\\\/news\\\/president-milanovic-receives-delegation-of-european-specialist-nurses-organisation\\\/#breadcrumb\"},\"inLanguage\":\"en-US\",\"potentialAction\":[{\"@type\":\"ReadAction\",\"target\":[\"https:\\\/\\\/www.predsjednik.hr\\\/en\\\/news\\\/president-milanovic-receives-delegation-of-european-specialist-nurses-organisation\\\/\"]}]},{\"@type\":\"ImageObject\",\"inLanguage\":\"en-US\",\"@id\":\"https:\\\/\\\/www.predsjednik.hr\\\/en\\\/news\\\/president-milanovic-receives-delegation-of-european-specialist-nurses-organisation\\\/#primaryimage\",\"url\":\"https:\\\/\\\/www.predsjednik.hr\\\/wp-content\\\/uploads\\\/2025\\\/05\\\/DSC_3617.jpg\",\"contentUrl\":\"https:\\\/\\\/www.predsjednik.hr\\\/wp-content\\\/uploads\\\/2025\\\/05\\\/DSC_3617.jpg\",\"width\":4807,\"height\":2704,\"caption\":\"The President of the Republic Zoran Milanovi\u0107 received today a delegation of the European Specialist Nurses Organisation (ESNO) on the occasion of International Nurses Day, which is observed on 12 May. They informed him of preparations for the 7th International Congress entitled \u201cGreen Future, Health Workplace \u2013 Specialist Nurses Leading the Way\u201c, which ESNO is organizing from 29 to 31 May in Zagreb.\"},{\"@type\":\"BreadcrumbList\",\"@id\":\"https:\\\/\\\/www.predsjednik.hr\\\/en\\\/news\\\/president-milanovic-receives-delegation-of-european-specialist-nurses-organisation\\\/#breadcrumb\",\"itemListElement\":[{\"@type\":\"ListItem\",\"position\":1,\"name\":\"Home\",\"item\":\"https:\\\/\\\/www.predsjednik.hr\\\/en\\\/\"},{\"@type\":\"ListItem\",\"position\":2,\"name\":\"Vijesti\",\"item\":\"https:\\\/\\\/www.predsjednik.hr\\\/en\\\/news\\\/\"},{\"@type\":\"ListItem\",\"position\":3,\"name\":\"President Milanovi\u0107 Receives Delegation of European Specialist Nurses Organisation\"}]},{\"@type\":\"WebSite\",\"@id\":\"https:\\\/\\\/www.predsjednik.hr\\\/en\\\/#website\",\"url\":\"https:\\\/\\\/www.predsjednik.hr\\\/en\\\/\",\"name\":\"President of the Republic of Croatia - Zoran Milanovi\u0107\",\"description\":\"Just another WordPress site\",\"potentialAction\":[{\"@type\":\"SearchAction\",\"target\":{\"@type\":\"EntryPoint\",\"urlTemplate\":\"https:\\\/\\\/www.predsjednik.hr\\\/en\\\/?s={search_term_string}\"},\"query-input\":{\"@type\":\"PropertyValueSpecification\",\"valueRequired\":true,\"valueName\":\"search_term_string\"}}],\"inLanguage\":\"en-US\"}]}<\/script>\n<!-- \/ Yoast SEO plugin. -->","yoast_head_json":{"title":"President Milanovi\u0107 Receives Delegation of European Specialist Nurses Organisation - President of the Republic of Croatia - Zoran Milanovi\u0107","robots":{"index":"index","follow":"follow","max-snippet":"max-snippet:-1","max-image-preview":"max-image-preview:large","max-video-preview":"max-video-preview:-1"},"canonical":"https:\/\/www.predsjednik.hr\/en\/news\/president-milanovic-receives-delegation-of-european-specialist-nurses-organisation\/","og_locale":"en_US","og_type":"article","og_title":"President Milanovi\u0107 Receives Delegation of European Specialist Nurses Organisation - President of the Republic of Croatia - Zoran Milanovi\u0107","og_description":"The President of the Republic Zoran Milanovi\u0107 received today a delegation of the European Specialist Nurses Organisation (ESNO) on the occasion of International Nurses Day, which is observed on 12 May. They informed him of preparations for the 7th International Congress entitled \u201cGreen Future, Health Workplace \u2013 Specialist Nurses Leading the Way\u201c, which ESNO is organizing from 29 to 31 May in Zagreb.","og_url":"https:\/\/www.predsjednik.hr\/en\/news\/president-milanovic-receives-delegation-of-european-specialist-nurses-organisation\/","og_site_name":"President of the Republic of Croatia - Zoran Milanovi\u0107","article_modified_time":"2025-05-12T13:42:27+00:00","og_image":[{"width":4807,"height":2704,"url":"https:\/\/www.predsjednik.hr\/wp-content\/uploads\/2025\/05\/DSC_3617.jpg","type":"image\/jpeg"}],"twitter_card":"summary_large_image","twitter_misc":{"Est. reading time":"2 minutes"},"schema":{"@context":"https:\/\/schema.org","@graph":[{"@type":"WebPage","@id":"https:\/\/www.predsjednik.hr\/en\/news\/president-milanovic-receives-delegation-of-european-specialist-nurses-organisation\/","url":"https:\/\/www.predsjednik.hr\/en\/news\/president-milanovic-receives-delegation-of-european-specialist-nurses-organisation\/","name":"President Milanovi\u0107 Receives Delegation of European Specialist Nurses Organisation - President of the Republic of Croatia - Zoran Milanovi\u0107","isPartOf":{"@id":"https:\/\/www.predsjednik.hr\/en\/#website"},"primaryImageOfPage":{"@id":"https:\/\/www.predsjednik.hr\/en\/news\/president-milanovic-receives-delegation-of-european-specialist-nurses-organisation\/#primaryimage"},"image":{"@id":"https:\/\/www.predsjednik.hr\/en\/news\/president-milanovic-receives-delegation-of-european-specialist-nurses-organisation\/#primaryimage"},"thumbnailUrl":"https:\/\/www.predsjednik.hr\/wp-content\/uploads\/2025\/05\/DSC_3617.jpg","datePublished":"2025-05-12T13:42:26+00:00","dateModified":"2025-05-12T13:42:27+00:00","breadcrumb":{"@id":"https:\/\/www.predsjednik.hr\/en\/news\/president-milanovic-receives-delegation-of-european-specialist-nurses-organisation\/#breadcrumb"},"inLanguage":"en-US","potentialAction":[{"@type":"ReadAction","target":["https:\/\/www.predsjednik.hr\/en\/news\/president-milanovic-receives-delegation-of-european-specialist-nurses-organisation\/"]}]},{"@type":"ImageObject","inLanguage":"en-US","@id":"https:\/\/www.predsjednik.hr\/en\/news\/president-milanovic-receives-delegation-of-european-specialist-nurses-organisation\/#primaryimage","url":"https:\/\/www.predsjednik.hr\/wp-content\/uploads\/2025\/05\/DSC_3617.jpg","contentUrl":"https:\/\/www.predsjednik.hr\/wp-content\/uploads\/2025\/05\/DSC_3617.jpg","width":4807,"height":2704,"caption":"The President of the Republic Zoran Milanovi\u0107 received today a delegation of the European Specialist Nurses Organisation (ESNO) on the occasion of International Nurses Day, which is observed on 12 May. They informed him of preparations for the 7th International Congress entitled \u201cGreen Future, Health Workplace \u2013 Specialist Nurses Leading the Way\u201c, which ESNO is organizing from 29 to 31 May in Zagreb."},{"@type":"BreadcrumbList","@id":"https:\/\/www.predsjednik.hr\/en\/news\/president-milanovic-receives-delegation-of-european-specialist-nurses-organisation\/#breadcrumb","itemListElement":[{"@type":"ListItem","position":1,"name":"Home","item":"https:\/\/www.predsjednik.hr\/en\/"},{"@type":"ListItem","position":2,"name":"Vijesti","item":"https:\/\/www.predsjednik.hr\/en\/news\/"},{"@type":"ListItem","position":3,"name":"President Milanovi\u0107 Receives Delegation of European Specialist Nurses Organisation"}]},{"@type":"WebSite","@id":"https:\/\/www.predsjednik.hr\/en\/#website","url":"https:\/\/www.predsjednik.hr\/en\/","name":"President of the Republic of Croatia - Zoran Milanovi\u0107","description":"Just another WordPress site","potentialAction":[{"@type":"SearchAction","target":{"@type":"EntryPoint","urlTemplate":"https:\/\/www.predsjednik.hr\/en\/?s={search_term_string}"},"query-input":{"@type":"PropertyValueSpecification","valueRequired":true,"valueName":"search_term_string"}}],"inLanguage":"en-US"}]}},"_links":{"self":[{"href":"https:\/\/www.predsjednik.hr\/en\/wp-json\/wp\/v2\/news\/37533","targetHints":{"allow":["GET"]}}],"collection":[{"href":"https:\/\/www.predsjednik.hr\/en\/wp-json\/wp\/v2\/news"}],"about":[{"href":"https:\/\/www.predsjednik.hr\/en\/wp-json\/wp\/v2\/types\/news"}],"wp:featuredmedia":[{"embeddable":true,"href":"https:\/\/www.predsjednik.hr\/en\/wp-json\/wp\/v2\/media\/37519"}],"wp:attachment":[{"href":"https:\/\/www.predsjednik.hr\/en\/wp-json\/wp\/v2\/media?parent=37533"}],"wp:term":[{"taxonomy":"news-cat","embeddable":true,"href":"https:\/\/www.predsjednik.hr\/en\/wp-json\/wp\/v2\/news-cat?post=37533"}],"curies":[{"name":"wp","href":"https:\/\/api.w.org\/{rel}","templated":true}]}}