{"id":37971,"date":"2025-05-29T16:30:00","date_gmt":"2025-05-29T14:30:00","guid":{"rendered":"https:\/\/www.predsjednik.hr\/?post_type=news&#038;p=37971"},"modified":"2025-06-02T11:32:09","modified_gmt":"2025-06-02T09:32:09","slug":"president-milanovic-the-european-union-will-never-be-a-state","status":"publish","type":"news","link":"https:\/\/www.predsjednik.hr\/en\/news\/president-milanovic-the-european-union-will-never-be-a-state\/","title":{"rendered":"President Milanovi\u0107: the European Union will never be a state"},"content":{"rendered":"\n<p>\u201cThe European Union will never be a state, and let&#8217;s not get carried away that it is a state, because the differences between the member states are indescribable. The EU can never be a nation or a state, no matter how much bureaucrats preach about it. However, we should be as good as possible to our neighbours,\u201d the President of the Republic Zoran Milanovi\u0107 said in \u010cakovec today, where he participated in Municipality Day celebrations.<\/p>\n\n\n\n<p>Congratulating the leadership of the City of \u010cakovec on Municipality Day and wishing them the next four successful years in governing the city, President Milanovi\u0107 in his address told them to prepare well and apply for European funds. \u201cCollect as much as possible because it is our money. As a state, we have given and given up a lot from our natural, original, state right to be a member of the European Union. We no longer conduct many policies at all, which is not good, but the benefits still outweigh them,\u201d President Milanovi\u0107 believes.<\/p>\n\n\n\n<p>&#8220;Nations are a miracle, states are created in extraordinary circumstances. Unfortunately, very often in tragic and difficult circumstances, and Croatia has paid its price, more than any modern European nation in the last fifty years. This should be respected and constantly remembered,\u201d the President emphasized.<\/p>\n\n\n\n<p>Finally, President Milanovi\u0107 said that the successes, results of work and the state in which \u010cakovec finds itself are self-evident. \u201cEverything is functioning excellently, getting better and better and there is no reason not to continue like this. But Me\u0111imurje has always fascinated me as a Croatian synthesis. \u010cakovec and Me\u0111imurje are like a synthesis of the south and north of Croatia,\u201d said the President, explaining that he was referring to the role of the Croatian nobles Zrinski, who ruled in \u010cakovec, and who originally came from the heart of Dalmatia.<\/p>\n\n\n\n<p>Speaking at the ceremony in addition to President Milanovi\u0107 were the president of \u010cakovec City Council in the previous session Josip Varga, the mayor of \u010cakovec Ljerka Cividini, member of the Croatian Parliament and mayor of Koprivnica Mi\u0161el Jak\u0161i\u0107, and Me\u0111imurje County-Prefect Matija Posavec. &nbsp;Annual public recognitions were presented to the most deserving individuals and organizations for their contribution to the development of the city.<\/p>\n\n\n\n<p>After \u010cakovec, President Milanovi\u0107 visited Vara\u017edin where he held a working meeting with the mayor of the City of Vara\u017edin Neven Bosilj and deputy mayor Miroslav Markovi\u0107 and, in the company of representatives of the city administration, he toured the renovated City Council chamber.<\/p>\n\n\n\n<p>Alongside President Milanovi\u0107 was the Adviser to the President for Human Rights and Civil Society Melita Muli\u0107.<\/p>\n\n\n<!--GALLERY BLOCK-->\n<div class=\"c-lightbox-gallery js-lightbox\">\n                <!--single-->\n            <a data-no-swup class=\"c-lightbox-gallery__single js-lightbox-single\"\n               href=\"https:\/\/www.predsjednik.hr\/wp-content\/uploads\/2025\/05\/DSC_0390-3-1024x576.jpg\"\n               style=\"background-image: url('https:\/\/www.predsjednik.hr\/wp-content\/uploads\/2025\/05\/DSC_0390-3-768x432.jpg')\"><\/a>\n            <!--end single-->\n                    <!--single-->\n            <a data-no-swup class=\"c-lightbox-gallery__single js-lightbox-single\"\n               href=\"https:\/\/www.predsjednik.hr\/wp-content\/uploads\/2025\/05\/DSC_0436-1024x576.jpg\"\n               style=\"background-image: url('https:\/\/www.predsjednik.hr\/wp-content\/uploads\/2025\/05\/DSC_0436-768x432.jpg')\"><\/a>\n            <!--end single-->\n                    <!--single-->\n            <a data-no-swup class=\"c-lightbox-gallery__single js-lightbox-single\"\n               href=\"https:\/\/www.predsjednik.hr\/wp-content\/uploads\/2025\/05\/DSC_0480-1024x576.jpg\"\n               style=\"background-image: url('https:\/\/www.predsjednik.hr\/wp-content\/uploads\/2025\/05\/DSC_0480-768x432.jpg')\"><\/a>\n            <!--end single-->\n                    <!--single-->\n            <a data-no-swup class=\"c-lightbox-gallery__single js-lightbox-single\"\n               href=\"https:\/\/www.predsjednik.hr\/wp-content\/uploads\/2025\/05\/DSC_0501-2-1024x576.jpg\"\n               style=\"background-image: url('https:\/\/www.predsjednik.hr\/wp-content\/uploads\/2025\/05\/DSC_0501-2-768x432.jpg')\"><\/a>\n            <!--end single-->\n                    <!--single-->\n            <a data-no-swup class=\"c-lightbox-gallery__single js-lightbox-single\"\n               href=\"https:\/\/www.predsjednik.hr\/wp-content\/uploads\/2025\/05\/DSC_0542-1024x576.jpg\"\n               style=\"background-image: url('https:\/\/www.predsjednik.hr\/wp-content\/uploads\/2025\/05\/DSC_0542-768x432.jpg')\"><\/a>\n            <!--end single-->\n                    <!--single-->\n            <a data-no-swup class=\"c-lightbox-gallery__single js-lightbox-single\"\n               href=\"https:\/\/www.predsjednik.hr\/wp-content\/uploads\/2025\/05\/DSC_0612-1024x576.jpg\"\n               style=\"background-image: url('https:\/\/www.predsjednik.hr\/wp-content\/uploads\/2025\/05\/DSC_0612-768x432.jpg')\"><\/a>\n            <!--end single-->\n                    <!--single-->\n            <a data-no-swup class=\"c-lightbox-gallery__single js-lightbox-single\"\n               href=\"https:\/\/www.predsjednik.hr\/wp-content\/uploads\/2025\/05\/DSC_0642-1024x576.jpg\"\n               style=\"background-image: url('https:\/\/www.predsjednik.hr\/wp-content\/uploads\/2025\/05\/DSC_0642-768x432.jpg')\"><\/a>\n            <!--end single-->\n                    <!--single-->\n            <a data-no-swup class=\"c-lightbox-gallery__single js-lightbox-single\"\n               href=\"https:\/\/www.predsjednik.hr\/wp-content\/uploads\/2025\/05\/DSC_0737-1-1024x576.jpg\"\n               style=\"background-image: url('https:\/\/www.predsjednik.hr\/wp-content\/uploads\/2025\/05\/DSC_0737-1-768x432.jpg')\"><\/a>\n            <!--end single-->\n                    <!--single-->\n            <a data-no-swup class=\"c-lightbox-gallery__single js-lightbox-single\"\n               href=\"https:\/\/www.predsjednik.hr\/wp-content\/uploads\/2025\/05\/DSC_0742-1024x576.jpg\"\n               style=\"background-image: url('https:\/\/www.predsjednik.hr\/wp-content\/uploads\/2025\/05\/DSC_0742-768x432.jpg')\"><\/a>\n            <!--end single-->\n                    <!--single-->\n            <a data-no-swup class=\"c-lightbox-gallery__single js-lightbox-single\"\n               href=\"https:\/\/www.predsjednik.hr\/wp-content\/uploads\/2025\/05\/DSC_0756-1-1024x576.jpg\"\n               style=\"background-image: url('https:\/\/www.predsjednik.hr\/wp-content\/uploads\/2025\/05\/DSC_0756-1-768x432.jpg')\"><\/a>\n            <!--end single-->\n        <\/div>\n<!--end GALLERY BLOCK-->\n\n\n\n<p>PHOTO: Office of the President of the Republic of Croatia \/ Filip Glas<\/p>\n","protected":false},"excerpt":{"rendered":"<p>\u201cThe European Union will never be a state, and let&#8217;s not get carried away that it is a state, because the differences between the member states are indescribable. The EU can never be a nation or a state, no matter how much bureaucrats preach about it. However, we should be as good as possible to our neighbours,\u201d the President of the Republic Zoran Milanovi\u0107 said in \u010cakovec today, where he participated in Municipality Day celebrations.<\/p>\n","protected":false},"featured_media":37940,"template":"","news-cat":[12],"class_list":["post-37971","news","type-news","status-publish","has-post-thumbnail","hentry","news-cat-news"],"acf":[],"yoast_head":"<!-- This site is optimized with the Yoast SEO plugin v27.4 - https:\/\/yoast.com\/product\/yoast-seo-wordpress\/ -->\n<title>President Milanovi\u0107: the European Union will never be a state - President of the Republic of Croatia - Zoran Milanovi\u0107<\/title>\n<meta name=\"robots\" content=\"index, follow, max-snippet:-1, max-image-preview:large, max-video-preview:-1\" \/>\n<link rel=\"canonical\" href=\"https:\/\/www.predsjednik.hr\/en\/news\/president-milanovic-the-european-union-will-never-be-a-state\/\" \/>\n<meta property=\"og:locale\" content=\"en_US\" \/>\n<meta property=\"og:type\" content=\"article\" \/>\n<meta property=\"og:title\" content=\"President Milanovi\u0107: the European Union will never be a state - President of the Republic of Croatia - Zoran Milanovi\u0107\" \/>\n<meta property=\"og:description\" content=\"\u201cThe European Union will never be a state, and let&#039;s not get carried away that it is a state, because the differences between the member states are indescribable. The EU can never be a nation or a state, no matter how much bureaucrats preach about it. However, we should be as good as possible to our neighbours,\u201d the President of the Republic Zoran Milanovi\u0107 said in \u010cakovec today, where he participated in Municipality Day celebrations.\" \/>\n<meta property=\"og:url\" content=\"https:\/\/www.predsjednik.hr\/en\/news\/president-milanovic-the-european-union-will-never-be-a-state\/\" \/>\n<meta property=\"og:site_name\" content=\"President of the Republic of Croatia - Zoran Milanovi\u0107\" \/>\n<meta property=\"article:modified_time\" content=\"2025-06-02T09:32:09+00:00\" \/>\n<meta property=\"og:image\" content=\"https:\/\/www.predsjednik.hr\/wp-content\/uploads\/2025\/05\/DSC_0436.jpg\" \/>\n\t<meta property=\"og:image:width\" content=\"3239\" \/>\n\t<meta property=\"og:image:height\" content=\"1822\" \/>\n\t<meta property=\"og:image:type\" content=\"image\/jpeg\" \/>\n<meta name=\"twitter:card\" content=\"summary_large_image\" \/>\n<meta name=\"twitter:label1\" content=\"Est. reading time\" \/>\n\t<meta name=\"twitter:data1\" content=\"2 minutes\" \/>\n<script type=\"application\/ld+json\" class=\"yoast-schema-graph\">{\"@context\":\"https:\\\/\\\/schema.org\",\"@graph\":[{\"@type\":\"WebPage\",\"@id\":\"https:\\\/\\\/www.predsjednik.hr\\\/en\\\/news\\\/president-milanovic-the-european-union-will-never-be-a-state\\\/\",\"url\":\"https:\\\/\\\/www.predsjednik.hr\\\/en\\\/news\\\/president-milanovic-the-european-union-will-never-be-a-state\\\/\",\"name\":\"President Milanovi\u0107: the European Union will never be a state - President of the Republic of Croatia - Zoran Milanovi\u0107\",\"isPartOf\":{\"@id\":\"https:\\\/\\\/www.predsjednik.hr\\\/en\\\/#website\"},\"primaryImageOfPage\":{\"@id\":\"https:\\\/\\\/www.predsjednik.hr\\\/en\\\/news\\\/president-milanovic-the-european-union-will-never-be-a-state\\\/#primaryimage\"},\"image\":{\"@id\":\"https:\\\/\\\/www.predsjednik.hr\\\/en\\\/news\\\/president-milanovic-the-european-union-will-never-be-a-state\\\/#primaryimage\"},\"thumbnailUrl\":\"https:\\\/\\\/www.predsjednik.hr\\\/wp-content\\\/uploads\\\/2025\\\/05\\\/DSC_0436.jpg\",\"datePublished\":\"2025-05-29T14:30:00+00:00\",\"dateModified\":\"2025-06-02T09:32:09+00:00\",\"breadcrumb\":{\"@id\":\"https:\\\/\\\/www.predsjednik.hr\\\/en\\\/news\\\/president-milanovic-the-european-union-will-never-be-a-state\\\/#breadcrumb\"},\"inLanguage\":\"en-US\",\"potentialAction\":[{\"@type\":\"ReadAction\",\"target\":[\"https:\\\/\\\/www.predsjednik.hr\\\/en\\\/news\\\/president-milanovic-the-european-union-will-never-be-a-state\\\/\"]}]},{\"@type\":\"ImageObject\",\"inLanguage\":\"en-US\",\"@id\":\"https:\\\/\\\/www.predsjednik.hr\\\/en\\\/news\\\/president-milanovic-the-european-union-will-never-be-a-state\\\/#primaryimage\",\"url\":\"https:\\\/\\\/www.predsjednik.hr\\\/wp-content\\\/uploads\\\/2025\\\/05\\\/DSC_0436.jpg\",\"contentUrl\":\"https:\\\/\\\/www.predsjednik.hr\\\/wp-content\\\/uploads\\\/2025\\\/05\\\/DSC_0436.jpg\",\"width\":3239,\"height\":1822},{\"@type\":\"BreadcrumbList\",\"@id\":\"https:\\\/\\\/www.predsjednik.hr\\\/en\\\/news\\\/president-milanovic-the-european-union-will-never-be-a-state\\\/#breadcrumb\",\"itemListElement\":[{\"@type\":\"ListItem\",\"position\":1,\"name\":\"Home\",\"item\":\"https:\\\/\\\/www.predsjednik.hr\\\/en\\\/\"},{\"@type\":\"ListItem\",\"position\":2,\"name\":\"Vijesti\",\"item\":\"https:\\\/\\\/www.predsjednik.hr\\\/en\\\/news\\\/\"},{\"@type\":\"ListItem\",\"position\":3,\"name\":\"President Milanovi\u0107: the European Union will never be a state\"}]},{\"@type\":\"WebSite\",\"@id\":\"https:\\\/\\\/www.predsjednik.hr\\\/en\\\/#website\",\"url\":\"https:\\\/\\\/www.predsjednik.hr\\\/en\\\/\",\"name\":\"President of the Republic of Croatia - Zoran Milanovi\u0107\",\"description\":\"Just another WordPress site\",\"potentialAction\":[{\"@type\":\"SearchAction\",\"target\":{\"@type\":\"EntryPoint\",\"urlTemplate\":\"https:\\\/\\\/www.predsjednik.hr\\\/en\\\/?s={search_term_string}\"},\"query-input\":{\"@type\":\"PropertyValueSpecification\",\"valueRequired\":true,\"valueName\":\"search_term_string\"}}],\"inLanguage\":\"en-US\"}]}<\/script>\n<!-- \/ Yoast SEO plugin. -->","yoast_head_json":{"title":"President Milanovi\u0107: the European Union will never be a state - President of the Republic of Croatia - Zoran Milanovi\u0107","robots":{"index":"index","follow":"follow","max-snippet":"max-snippet:-1","max-image-preview":"max-image-preview:large","max-video-preview":"max-video-preview:-1"},"canonical":"https:\/\/www.predsjednik.hr\/en\/news\/president-milanovic-the-european-union-will-never-be-a-state\/","og_locale":"en_US","og_type":"article","og_title":"President Milanovi\u0107: the European Union will never be a state - President of the Republic of Croatia - Zoran Milanovi\u0107","og_description":"\u201cThe European Union will never be a state, and let's not get carried away that it is a state, because the differences between the member states are indescribable. The EU can never be a nation or a state, no matter how much bureaucrats preach about it. However, we should be as good as possible to our neighbours,\u201d the President of the Republic Zoran Milanovi\u0107 said in \u010cakovec today, where he participated in Municipality Day celebrations.","og_url":"https:\/\/www.predsjednik.hr\/en\/news\/president-milanovic-the-european-union-will-never-be-a-state\/","og_site_name":"President of the Republic of Croatia - Zoran Milanovi\u0107","article_modified_time":"2025-06-02T09:32:09+00:00","og_image":[{"width":3239,"height":1822,"url":"https:\/\/www.predsjednik.hr\/wp-content\/uploads\/2025\/05\/DSC_0436.jpg","type":"image\/jpeg"}],"twitter_card":"summary_large_image","twitter_misc":{"Est. reading time":"2 minutes"},"schema":{"@context":"https:\/\/schema.org","@graph":[{"@type":"WebPage","@id":"https:\/\/www.predsjednik.hr\/en\/news\/president-milanovic-the-european-union-will-never-be-a-state\/","url":"https:\/\/www.predsjednik.hr\/en\/news\/president-milanovic-the-european-union-will-never-be-a-state\/","name":"President Milanovi\u0107: the European Union will never be a state - President of the Republic of Croatia - Zoran Milanovi\u0107","isPartOf":{"@id":"https:\/\/www.predsjednik.hr\/en\/#website"},"primaryImageOfPage":{"@id":"https:\/\/www.predsjednik.hr\/en\/news\/president-milanovic-the-european-union-will-never-be-a-state\/#primaryimage"},"image":{"@id":"https:\/\/www.predsjednik.hr\/en\/news\/president-milanovic-the-european-union-will-never-be-a-state\/#primaryimage"},"thumbnailUrl":"https:\/\/www.predsjednik.hr\/wp-content\/uploads\/2025\/05\/DSC_0436.jpg","datePublished":"2025-05-29T14:30:00+00:00","dateModified":"2025-06-02T09:32:09+00:00","breadcrumb":{"@id":"https:\/\/www.predsjednik.hr\/en\/news\/president-milanovic-the-european-union-will-never-be-a-state\/#breadcrumb"},"inLanguage":"en-US","potentialAction":[{"@type":"ReadAction","target":["https:\/\/www.predsjednik.hr\/en\/news\/president-milanovic-the-european-union-will-never-be-a-state\/"]}]},{"@type":"ImageObject","inLanguage":"en-US","@id":"https:\/\/www.predsjednik.hr\/en\/news\/president-milanovic-the-european-union-will-never-be-a-state\/#primaryimage","url":"https:\/\/www.predsjednik.hr\/wp-content\/uploads\/2025\/05\/DSC_0436.jpg","contentUrl":"https:\/\/www.predsjednik.hr\/wp-content\/uploads\/2025\/05\/DSC_0436.jpg","width":3239,"height":1822},{"@type":"BreadcrumbList","@id":"https:\/\/www.predsjednik.hr\/en\/news\/president-milanovic-the-european-union-will-never-be-a-state\/#breadcrumb","itemListElement":[{"@type":"ListItem","position":1,"name":"Home","item":"https:\/\/www.predsjednik.hr\/en\/"},{"@type":"ListItem","position":2,"name":"Vijesti","item":"https:\/\/www.predsjednik.hr\/en\/news\/"},{"@type":"ListItem","position":3,"name":"President Milanovi\u0107: the European Union will never be a state"}]},{"@type":"WebSite","@id":"https:\/\/www.predsjednik.hr\/en\/#website","url":"https:\/\/www.predsjednik.hr\/en\/","name":"President of the Republic of Croatia - Zoran Milanovi\u0107","description":"Just another WordPress site","potentialAction":[{"@type":"SearchAction","target":{"@type":"EntryPoint","urlTemplate":"https:\/\/www.predsjednik.hr\/en\/?s={search_term_string}"},"query-input":{"@type":"PropertyValueSpecification","valueRequired":true,"valueName":"search_term_string"}}],"inLanguage":"en-US"}]}},"_links":{"self":[{"href":"https:\/\/www.predsjednik.hr\/en\/wp-json\/wp\/v2\/news\/37971","targetHints":{"allow":["GET"]}}],"collection":[{"href":"https:\/\/www.predsjednik.hr\/en\/wp-json\/wp\/v2\/news"}],"about":[{"href":"https:\/\/www.predsjednik.hr\/en\/wp-json\/wp\/v2\/types\/news"}],"wp:featuredmedia":[{"embeddable":true,"href":"https:\/\/www.predsjednik.hr\/en\/wp-json\/wp\/v2\/media\/37940"}],"wp:attachment":[{"href":"https:\/\/www.predsjednik.hr\/en\/wp-json\/wp\/v2\/media?parent=37971"}],"wp:term":[{"taxonomy":"news-cat","embeddable":true,"href":"https:\/\/www.predsjednik.hr\/en\/wp-json\/wp\/v2\/news-cat?post=37971"}],"curies":[{"name":"wp","href":"https:\/\/api.w.org\/{rel}","templated":true}]}}