{"id":3900,"date":"2020-05-14T18:15:00","date_gmt":"2020-05-14T16:15:00","guid":{"rendered":"https:\/\/www.predsjednik.hr\/?post_type=news&#038;p=3900"},"modified":"2020-07-16T15:28:19","modified_gmt":"2020-07-16T13:28:19","slug":"president-of-the-republic-receives-delegation-of-alka-knights-society-of-sinj","status":"publish","type":"news","link":"https:\/\/www.predsjednik.hr\/en\/news\/president-of-the-republic-receives-delegation-of-alka-knights-society-of-sinj\/","title":{"rendered":"President of the Republic Receives Delegation of Alka Knights Society of Sinj"},"content":{"rendered":"\n<p>The President of the Republic Zoran Milanovi\u0107 received a delegation of the Alka Knights Sociey of Sinj (VAD). As patron of the 305th Alka of Sinj knightly tournament, the Society\u2019s representatives informed the President of the Republic of preparations for this year\u2019s Alka competition scheduled for 9th August in Sinj.<\/p>\n\n\n\n<p>The representatives of the VAD thanked the President of the Republic for his patronage and announced that the 305th Alka of Sinj will take place. They underlined the importance of the Alka of Sinj tournament for the town of Sinj and for the development of tourism in the entire Sinj area.<\/p>\n\n\n\n<p>Attending the meeting with the President of the Republic besides the president of the Alka Knights Society of Sinj Stipe Juki\u0107 were the mayor of the town of Sinj Kristina Kri\u017eanac, the guardian of the Sanctuary of the Miraculous Lady of Sinj friar Ante \u010covo, the vice-president of the Alka Knights Society of Sinj Dinko Bo\u0161njak, the Alka duke Bo\u0161ko Ramljak, the Society\u2019s secretary Ivan Nasi\u0107, the chieftain Ivo Vukasovi\u0107, the president of the Court of Honour Bo\u0161ko Vladovi\u0107 and a member of the Court of Honour Tomislav \u017dupi\u0107.<\/p>\n\n\n\n<p><\/p>\n\n\n<!--GALLERY BLOCK-->\n<div class=\"c-lightbox-gallery js-lightbox\">\n                <!--single-->\n            <a data-no-swup class=\"c-lightbox-gallery__single js-lightbox-single\"\n               href=\"https:\/\/www.predsjednik.hr\/wp-content\/uploads\/2020\/05\/alkari-3-1024x576.jpg\"\n               style=\"background-image: url('https:\/\/www.predsjednik.hr\/wp-content\/uploads\/2020\/05\/alkari-3-768x432.jpg')\"><\/a>\n            <!--end single-->\n                    <!--single-->\n            <a data-no-swup class=\"c-lightbox-gallery__single js-lightbox-single\"\n               href=\"https:\/\/www.predsjednik.hr\/wp-content\/uploads\/2020\/05\/alkari-2-1024x576.jpg\"\n               style=\"background-image: url('https:\/\/www.predsjednik.hr\/wp-content\/uploads\/2020\/05\/alkari-2-768x432.jpg')\"><\/a>\n            <!--end single-->\n                    <!--single-->\n            <a data-no-swup class=\"c-lightbox-gallery__single js-lightbox-single\"\n               href=\"https:\/\/www.predsjednik.hr\/wp-content\/uploads\/2020\/05\/alkari-1-1024x576.jpg\"\n               style=\"background-image: url('https:\/\/www.predsjednik.hr\/wp-content\/uploads\/2020\/05\/alkari-1-768x432.jpg')\"><\/a>\n            <!--end single-->\n                    <!--single-->\n            <a data-no-swup class=\"c-lightbox-gallery__single js-lightbox-single\"\n               href=\"https:\/\/www.predsjednik.hr\/wp-content\/uploads\/2020\/05\/alkari-5-1024x731.jpg\"\n               style=\"background-image: url('https:\/\/www.predsjednik.hr\/wp-content\/uploads\/2020\/05\/alkari-5-768x548.jpg')\"><\/a>\n            <!--end single-->\n                    <!--single-->\n            <a data-no-swup class=\"c-lightbox-gallery__single js-lightbox-single\"\n               href=\"https:\/\/www.predsjednik.hr\/wp-content\/uploads\/2020\/05\/alkari-4-1024x683.jpg\"\n               style=\"background-image: url('https:\/\/www.predsjednik.hr\/wp-content\/uploads\/2020\/05\/alkari-4-768x512.jpg')\"><\/a>\n            <!--end single-->\n        <\/div>\n<!--end GALLERY BLOCK-->\n","protected":false},"excerpt":{"rendered":"<p>The President of the Republic Zoran Milanovi\u0107 received a delegation of the Alka Knights Sociey of Sinj (VAD). As patron of the 305th Alka of Sinj knightly tournament, the Society\u2019s representatives informed the President of the Republic of preparations for this year\u2019s Alka competition scheduled for 9th August in Sinj.<\/p>\n","protected":false},"featured_media":2304,"template":"","news-cat":[12],"class_list":["post-3900","news","type-news","status-publish","has-post-thumbnail","hentry","news-cat-news"],"acf":[],"yoast_head":"<!-- This site is optimized with the Yoast SEO plugin v27.4 - https:\/\/yoast.com\/product\/yoast-seo-wordpress\/ -->\n<title>President of the Republic Receives Delegation of Alka Knights Society of Sinj - President of the Republic of Croatia - Zoran Milanovi\u0107<\/title>\n<meta name=\"robots\" content=\"index, follow, max-snippet:-1, max-image-preview:large, max-video-preview:-1\" \/>\n<link rel=\"canonical\" href=\"https:\/\/www.predsjednik.hr\/en\/news\/president-of-the-republic-receives-delegation-of-alka-knights-society-of-sinj\/\" \/>\n<meta property=\"og:locale\" content=\"en_US\" \/>\n<meta property=\"og:type\" content=\"article\" \/>\n<meta property=\"og:title\" content=\"President of the Republic Receives Delegation of Alka Knights Society of Sinj - President of the Republic of Croatia - Zoran Milanovi\u0107\" \/>\n<meta property=\"og:description\" content=\"The President of the Republic Zoran Milanovi\u0107 received a delegation of the Alka Knights Sociey of Sinj (VAD). As patron of the 305th Alka of Sinj knightly tournament, the Society\u2019s representatives informed the President of the Republic of preparations for this year\u2019s Alka competition scheduled for 9th August in Sinj.\" \/>\n<meta property=\"og:url\" content=\"https:\/\/www.predsjednik.hr\/en\/news\/president-of-the-republic-receives-delegation-of-alka-knights-society-of-sinj\/\" \/>\n<meta property=\"og:site_name\" content=\"President of the Republic of Croatia - Zoran Milanovi\u0107\" \/>\n<meta property=\"article:modified_time\" content=\"2020-07-16T13:28:19+00:00\" \/>\n<meta property=\"og:image\" content=\"https:\/\/www.predsjednik.hr\/wp-content\/uploads\/2020\/05\/alkari-1.jpg\" \/>\n\t<meta property=\"og:image:width\" content=\"2560\" \/>\n\t<meta property=\"og:image:height\" content=\"1440\" \/>\n\t<meta property=\"og:image:type\" content=\"image\/jpeg\" \/>\n<meta name=\"twitter:card\" content=\"summary_large_image\" \/>\n<meta name=\"twitter:label1\" content=\"Est. reading time\" \/>\n\t<meta name=\"twitter:data1\" content=\"1 minute\" \/>\n<script type=\"application\/ld+json\" class=\"yoast-schema-graph\">{\"@context\":\"https:\\\/\\\/schema.org\",\"@graph\":[{\"@type\":\"WebPage\",\"@id\":\"https:\\\/\\\/www.predsjednik.hr\\\/en\\\/news\\\/president-of-the-republic-receives-delegation-of-alka-knights-society-of-sinj\\\/\",\"url\":\"https:\\\/\\\/www.predsjednik.hr\\\/en\\\/news\\\/president-of-the-republic-receives-delegation-of-alka-knights-society-of-sinj\\\/\",\"name\":\"President of the Republic Receives Delegation of Alka Knights Society of Sinj - President of the Republic of Croatia - Zoran Milanovi\u0107\",\"isPartOf\":{\"@id\":\"https:\\\/\\\/www.predsjednik.hr\\\/en\\\/#website\"},\"primaryImageOfPage\":{\"@id\":\"https:\\\/\\\/www.predsjednik.hr\\\/en\\\/news\\\/president-of-the-republic-receives-delegation-of-alka-knights-society-of-sinj\\\/#primaryimage\"},\"image\":{\"@id\":\"https:\\\/\\\/www.predsjednik.hr\\\/en\\\/news\\\/president-of-the-republic-receives-delegation-of-alka-knights-society-of-sinj\\\/#primaryimage\"},\"thumbnailUrl\":\"https:\\\/\\\/www.predsjednik.hr\\\/wp-content\\\/uploads\\\/2020\\\/05\\\/alkari-1.jpg\",\"datePublished\":\"2020-05-14T16:15:00+00:00\",\"dateModified\":\"2020-07-16T13:28:19+00:00\",\"breadcrumb\":{\"@id\":\"https:\\\/\\\/www.predsjednik.hr\\\/en\\\/news\\\/president-of-the-republic-receives-delegation-of-alka-knights-society-of-sinj\\\/#breadcrumb\"},\"inLanguage\":\"en-US\",\"potentialAction\":[{\"@type\":\"ReadAction\",\"target\":[\"https:\\\/\\\/www.predsjednik.hr\\\/en\\\/news\\\/president-of-the-republic-receives-delegation-of-alka-knights-society-of-sinj\\\/\"]}]},{\"@type\":\"ImageObject\",\"inLanguage\":\"en-US\",\"@id\":\"https:\\\/\\\/www.predsjednik.hr\\\/en\\\/news\\\/president-of-the-republic-receives-delegation-of-alka-knights-society-of-sinj\\\/#primaryimage\",\"url\":\"https:\\\/\\\/www.predsjednik.hr\\\/wp-content\\\/uploads\\\/2020\\\/05\\\/alkari-1.jpg\",\"contentUrl\":\"https:\\\/\\\/www.predsjednik.hr\\\/wp-content\\\/uploads\\\/2020\\\/05\\\/alkari-1.jpg\",\"width\":2560,\"height\":1440},{\"@type\":\"BreadcrumbList\",\"@id\":\"https:\\\/\\\/www.predsjednik.hr\\\/en\\\/news\\\/president-of-the-republic-receives-delegation-of-alka-knights-society-of-sinj\\\/#breadcrumb\",\"itemListElement\":[{\"@type\":\"ListItem\",\"position\":1,\"name\":\"Home\",\"item\":\"https:\\\/\\\/www.predsjednik.hr\\\/en\\\/\"},{\"@type\":\"ListItem\",\"position\":2,\"name\":\"Vijesti\",\"item\":\"https:\\\/\\\/www.predsjednik.hr\\\/en\\\/news\\\/\"},{\"@type\":\"ListItem\",\"position\":3,\"name\":\"President of the Republic Receives Delegation of Alka Knights Society of Sinj\"}]},{\"@type\":\"WebSite\",\"@id\":\"https:\\\/\\\/www.predsjednik.hr\\\/en\\\/#website\",\"url\":\"https:\\\/\\\/www.predsjednik.hr\\\/en\\\/\",\"name\":\"President of the Republic of Croatia - Zoran Milanovi\u0107\",\"description\":\"Just another WordPress site\",\"potentialAction\":[{\"@type\":\"SearchAction\",\"target\":{\"@type\":\"EntryPoint\",\"urlTemplate\":\"https:\\\/\\\/www.predsjednik.hr\\\/en\\\/?s={search_term_string}\"},\"query-input\":{\"@type\":\"PropertyValueSpecification\",\"valueRequired\":true,\"valueName\":\"search_term_string\"}}],\"inLanguage\":\"en-US\"}]}<\/script>\n<!-- \/ Yoast SEO plugin. -->","yoast_head_json":{"title":"President of the Republic Receives Delegation of Alka Knights Society of Sinj - President of the Republic of Croatia - Zoran Milanovi\u0107","robots":{"index":"index","follow":"follow","max-snippet":"max-snippet:-1","max-image-preview":"max-image-preview:large","max-video-preview":"max-video-preview:-1"},"canonical":"https:\/\/www.predsjednik.hr\/en\/news\/president-of-the-republic-receives-delegation-of-alka-knights-society-of-sinj\/","og_locale":"en_US","og_type":"article","og_title":"President of the Republic Receives Delegation of Alka Knights Society of Sinj - President of the Republic of Croatia - Zoran Milanovi\u0107","og_description":"The President of the Republic Zoran Milanovi\u0107 received a delegation of the Alka Knights Sociey of Sinj (VAD). As patron of the 305th Alka of Sinj knightly tournament, the Society\u2019s representatives informed the President of the Republic of preparations for this year\u2019s Alka competition scheduled for 9th August in Sinj.","og_url":"https:\/\/www.predsjednik.hr\/en\/news\/president-of-the-republic-receives-delegation-of-alka-knights-society-of-sinj\/","og_site_name":"President of the Republic of Croatia - Zoran Milanovi\u0107","article_modified_time":"2020-07-16T13:28:19+00:00","og_image":[{"width":2560,"height":1440,"url":"https:\/\/www.predsjednik.hr\/wp-content\/uploads\/2020\/05\/alkari-1.jpg","type":"image\/jpeg"}],"twitter_card":"summary_large_image","twitter_misc":{"Est. reading time":"1 minute"},"schema":{"@context":"https:\/\/schema.org","@graph":[{"@type":"WebPage","@id":"https:\/\/www.predsjednik.hr\/en\/news\/president-of-the-republic-receives-delegation-of-alka-knights-society-of-sinj\/","url":"https:\/\/www.predsjednik.hr\/en\/news\/president-of-the-republic-receives-delegation-of-alka-knights-society-of-sinj\/","name":"President of the Republic Receives Delegation of Alka Knights Society of Sinj - President of the Republic of Croatia - Zoran Milanovi\u0107","isPartOf":{"@id":"https:\/\/www.predsjednik.hr\/en\/#website"},"primaryImageOfPage":{"@id":"https:\/\/www.predsjednik.hr\/en\/news\/president-of-the-republic-receives-delegation-of-alka-knights-society-of-sinj\/#primaryimage"},"image":{"@id":"https:\/\/www.predsjednik.hr\/en\/news\/president-of-the-republic-receives-delegation-of-alka-knights-society-of-sinj\/#primaryimage"},"thumbnailUrl":"https:\/\/www.predsjednik.hr\/wp-content\/uploads\/2020\/05\/alkari-1.jpg","datePublished":"2020-05-14T16:15:00+00:00","dateModified":"2020-07-16T13:28:19+00:00","breadcrumb":{"@id":"https:\/\/www.predsjednik.hr\/en\/news\/president-of-the-republic-receives-delegation-of-alka-knights-society-of-sinj\/#breadcrumb"},"inLanguage":"en-US","potentialAction":[{"@type":"ReadAction","target":["https:\/\/www.predsjednik.hr\/en\/news\/president-of-the-republic-receives-delegation-of-alka-knights-society-of-sinj\/"]}]},{"@type":"ImageObject","inLanguage":"en-US","@id":"https:\/\/www.predsjednik.hr\/en\/news\/president-of-the-republic-receives-delegation-of-alka-knights-society-of-sinj\/#primaryimage","url":"https:\/\/www.predsjednik.hr\/wp-content\/uploads\/2020\/05\/alkari-1.jpg","contentUrl":"https:\/\/www.predsjednik.hr\/wp-content\/uploads\/2020\/05\/alkari-1.jpg","width":2560,"height":1440},{"@type":"BreadcrumbList","@id":"https:\/\/www.predsjednik.hr\/en\/news\/president-of-the-republic-receives-delegation-of-alka-knights-society-of-sinj\/#breadcrumb","itemListElement":[{"@type":"ListItem","position":1,"name":"Home","item":"https:\/\/www.predsjednik.hr\/en\/"},{"@type":"ListItem","position":2,"name":"Vijesti","item":"https:\/\/www.predsjednik.hr\/en\/news\/"},{"@type":"ListItem","position":3,"name":"President of the Republic Receives Delegation of Alka Knights Society of Sinj"}]},{"@type":"WebSite","@id":"https:\/\/www.predsjednik.hr\/en\/#website","url":"https:\/\/www.predsjednik.hr\/en\/","name":"President of the Republic of Croatia - Zoran Milanovi\u0107","description":"Just another WordPress site","potentialAction":[{"@type":"SearchAction","target":{"@type":"EntryPoint","urlTemplate":"https:\/\/www.predsjednik.hr\/en\/?s={search_term_string}"},"query-input":{"@type":"PropertyValueSpecification","valueRequired":true,"valueName":"search_term_string"}}],"inLanguage":"en-US"}]}},"_links":{"self":[{"href":"https:\/\/www.predsjednik.hr\/en\/wp-json\/wp\/v2\/news\/3900","targetHints":{"allow":["GET"]}}],"collection":[{"href":"https:\/\/www.predsjednik.hr\/en\/wp-json\/wp\/v2\/news"}],"about":[{"href":"https:\/\/www.predsjednik.hr\/en\/wp-json\/wp\/v2\/types\/news"}],"wp:featuredmedia":[{"embeddable":true,"href":"https:\/\/www.predsjednik.hr\/en\/wp-json\/wp\/v2\/media\/2304"}],"wp:attachment":[{"href":"https:\/\/www.predsjednik.hr\/en\/wp-json\/wp\/v2\/media?parent=3900"}],"wp:term":[{"taxonomy":"news-cat","embeddable":true,"href":"https:\/\/www.predsjednik.hr\/en\/wp-json\/wp\/v2\/news-cat?post=3900"}],"curies":[{"name":"wp","href":"https:\/\/api.w.org\/{rel}","templated":true}]}}