{"id":39214,"date":"2025-08-27T14:14:55","date_gmt":"2025-08-27T12:14:55","guid":{"rendered":"https:\/\/www.predsjednik.hr\/?post_type=news&#038;p=39214"},"modified":"2025-08-27T14:14:56","modified_gmt":"2025-08-27T12:14:56","slug":"president-milanovic-is-calling-on-the-government-of-the-republic-of-croatia-to-initiate-the-procedure-to-recognize-palestine-in-the-croatian-parliament","status":"publish","type":"news","link":"https:\/\/www.predsjednik.hr\/en\/news\/president-milanovic-is-calling-on-the-government-of-the-republic-of-croatia-to-initiate-the-procedure-to-recognize-palestine-in-the-croatian-parliament\/","title":{"rendered":"President Milanovi\u0107 Is Calling on the Government of the Republic of Croatia to Initiate the Procedure to Recognize Palestine in the Croatian Parliament"},"content":{"rendered":"\n<p>The President of the Republic Zoran Milanovi\u0107 received today the Minister of State for Foreign Affairs and Expatriates of Palestine Varsen Aghabekian, who is on an official visit to Zagreb.&nbsp;<\/p>\n\n\n\n<p>At the meeting in the Office of the President of the Republic, they discussed the situation in Gaza, which for months, and especially in recent days, has been exposed to brutal attacks by the Israeli army. President Milanovi\u0107 has most strongly condemned the Israeli army\u2019s attacks on civilians in Gaza and the announced action of military seizure and occupation of Gaza. President Milanovi\u0107 indicated that the occupation of Gaza cannot be justified under any circumstances. As the constitutional co-creator of Croatian foreign policy, he conveyed his view to Minister Aghabekian that the only just solution for the war in Gaza is the recognition of the two states: Israel and Palestine.<\/p>\n\n\n\n<p>\u201cCroatia should recognize Palestine as a step towards ending the war and the human catastrophe in Gaza. Recognizing the rights of the Palestinian people to their own state is the only way to establish lasting peace in the Middle East\u201d, President Milanovi\u0107 told Minister Aghabekian at the meeting. President Milanovi\u0107 announced that, in the scope of his constitutional powers, he will advocate strongly for Croatia to recognize Palestine as soon as possible and is calling upon the Government of the Republic of Croatia to initiate the procedure to recognize Palestine in the Croatian Parliament.&nbsp;&nbsp;&nbsp;<\/p>\n\n\n\n<p>Attending the meeting in the Office of the President of the Republic alongside the Minister of State for Foreign Affairs and Expatriates of Palestine Varsen Aghabekian were the Representative of Palestine to the Republic of Croatia, with residence in Vienna, Salahaldin H. M. Abdalshafi, the Director of the Directorate for Europe in the Ministry of Foreign Affairs of Palestine Adel Atieh, the Head of the Cabinet of the Minister Ameed Abdalrahim and the Minister Counsellor in the Representative Office of Palestine in Vienna Ihab AlGhoul.<\/p>\n\n\n\n<p>Alongside President Milanovi\u0107 were the Head of the Office of the President of the Republic Orsat Miljeni\u0107, the representative of the Republic of Croatia to Palestine Tomislav Bo\u0161njak, the Head of the Cabinet of the President Bartol \u0160imuni\u0107, the Adviser to the President of the Republic for Foreign and European Policy Neven Pelicari\u0107 and the Assistant Adviser to the President of the Republic for Foreign and European Policy Ivan Mutavd\u017ei\u0107.<\/p>\n\n\n<!--GALLERY BLOCK-->\n<div class=\"c-lightbox-gallery js-lightbox\">\n                <!--single-->\n            <a data-no-swup class=\"c-lightbox-gallery__single js-lightbox-single\"\n               href=\"https:\/\/www.predsjednik.hr\/wp-content\/uploads\/2025\/08\/DSC_2520-1024x683.jpg\"\n               style=\"background-image: url('https:\/\/www.predsjednik.hr\/wp-content\/uploads\/2025\/08\/DSC_2520-768x512.jpg')\"><\/a>\n            <!--end single-->\n                    <!--single-->\n            <a data-no-swup class=\"c-lightbox-gallery__single js-lightbox-single\"\n               href=\"https:\/\/www.predsjednik.hr\/wp-content\/uploads\/2025\/08\/DSC_2548-1024x542.jpg\"\n               style=\"background-image: url('https:\/\/www.predsjednik.hr\/wp-content\/uploads\/2025\/08\/DSC_2548-768x407.jpg')\"><\/a>\n            <!--end single-->\n                    <!--single-->\n            <a data-no-swup class=\"c-lightbox-gallery__single js-lightbox-single\"\n               href=\"https:\/\/www.predsjednik.hr\/wp-content\/uploads\/2025\/08\/DSC_5712-1024x576.jpg\"\n               style=\"background-image: url('https:\/\/www.predsjednik.hr\/wp-content\/uploads\/2025\/08\/DSC_5712-768x432.jpg')\"><\/a>\n            <!--end single-->\n                    <!--single-->\n            <a data-no-swup class=\"c-lightbox-gallery__single js-lightbox-single\"\n               href=\"https:\/\/www.predsjednik.hr\/wp-content\/uploads\/2025\/08\/DSC_5723-1024x576.jpg\"\n               style=\"background-image: url('https:\/\/www.predsjednik.hr\/wp-content\/uploads\/2025\/08\/DSC_5723-768x432.jpg')\"><\/a>\n            <!--end single-->\n                    <!--single-->\n            <a data-no-swup class=\"c-lightbox-gallery__single js-lightbox-single\"\n               href=\"https:\/\/www.predsjednik.hr\/wp-content\/uploads\/2025\/08\/DSC_2631-1024x576.jpg\"\n               style=\"background-image: url('https:\/\/www.predsjednik.hr\/wp-content\/uploads\/2025\/08\/DSC_2631-768x432.jpg')\"><\/a>\n            <!--end single-->\n                    <!--single-->\n            <a data-no-swup class=\"c-lightbox-gallery__single js-lightbox-single\"\n               href=\"https:\/\/www.predsjednik.hr\/wp-content\/uploads\/2025\/08\/DSC_2659-1024x576.jpg\"\n               style=\"background-image: url('https:\/\/www.predsjednik.hr\/wp-content\/uploads\/2025\/08\/DSC_2659-768x432.jpg')\"><\/a>\n            <!--end single-->\n        <\/div>\n<!--end GALLERY BLOCK-->\n\n\n\n<p>PHOTO: Office of the President of the Republic of Croatia \/ Tomislav Bu\u0161ljeta<\/p>\n","protected":false},"excerpt":{"rendered":"<p>\u201cCroatia should recognize Palestine as a step towards ending the war and the human catastrophe in Gaza. Recognizing the rights of the Palestinian people to their own state is the only way to establish lasting peace in the Middle East\u201d, President Milanovi\u0107 told Minister Aghabekian at the meeting. President Milanovi\u0107 announced that, in the scope of his constitutional powers, he will advocate strongly for Croatia to recognize Palestine as soon as possible and is calling upon the Government of the Republic of Croatia to initiate the procedure to recognize Palestine in the Croatian Parliament.    <\/p>\n","protected":false},"featured_media":39208,"template":"","news-cat":[12],"class_list":["post-39214","news","type-news","status-publish","has-post-thumbnail","hentry","news-cat-news"],"acf":[],"yoast_head":"<!-- This site is optimized with the Yoast SEO plugin v27.5 - https:\/\/yoast.com\/product\/yoast-seo-wordpress\/ -->\n<title>President Milanovi\u0107 Is Calling on the Government of the Republic of Croatia to Initiate the Procedure to Recognize Palestine in the Croatian Parliament - President of the Republic of Croatia - Zoran Milanovi\u0107<\/title>\n<meta name=\"robots\" content=\"index, follow, max-snippet:-1, max-image-preview:large, max-video-preview:-1\" \/>\n<link rel=\"canonical\" href=\"https:\/\/www.predsjednik.hr\/en\/news\/president-milanovic-is-calling-on-the-government-of-the-republic-of-croatia-to-initiate-the-procedure-to-recognize-palestine-in-the-croatian-parliament\/\" \/>\n<meta property=\"og:locale\" content=\"en_US\" \/>\n<meta property=\"og:type\" content=\"article\" \/>\n<meta property=\"og:title\" content=\"President Milanovi\u0107 Is Calling on the Government of the Republic of Croatia to Initiate the Procedure to Recognize Palestine in the Croatian Parliament - President of the Republic of Croatia - Zoran Milanovi\u0107\" \/>\n<meta property=\"og:description\" content=\"\u201cCroatia should recognize Palestine as a step towards ending the war and the human catastrophe in Gaza. Recognizing the rights of the Palestinian people to their own state is the only way to establish lasting peace in the Middle East\u201d, President Milanovi\u0107 told Minister Aghabekian at the meeting. President Milanovi\u0107 announced that, in the scope of his constitutional powers, he will advocate strongly for Croatia to recognize Palestine as soon as possible and is calling upon the Government of the Republic of Croatia to initiate the procedure to recognize Palestine in the Croatian Parliament.\" \/>\n<meta property=\"og:url\" content=\"https:\/\/www.predsjednik.hr\/en\/news\/president-milanovic-is-calling-on-the-government-of-the-republic-of-croatia-to-initiate-the-procedure-to-recognize-palestine-in-the-croatian-parliament\/\" \/>\n<meta property=\"og:site_name\" content=\"President of the Republic of Croatia - Zoran Milanovi\u0107\" \/>\n<meta property=\"article:modified_time\" content=\"2025-08-27T12:14:56+00:00\" \/>\n<meta property=\"og:image\" content=\"https:\/\/www.predsjednik.hr\/wp-content\/uploads\/2025\/08\/DSC_5723.jpg\" \/>\n\t<meta property=\"og:image:width\" content=\"4643\" \/>\n\t<meta property=\"og:image:height\" content=\"2612\" \/>\n\t<meta property=\"og:image:type\" content=\"image\/jpeg\" \/>\n<meta name=\"twitter:card\" content=\"summary_large_image\" \/>\n<meta name=\"twitter:label1\" content=\"Est. reading time\" \/>\n\t<meta name=\"twitter:data1\" content=\"2 minutes\" \/>\n<script type=\"application\/ld+json\" class=\"yoast-schema-graph\">{\"@context\":\"https:\\\/\\\/schema.org\",\"@graph\":[{\"@type\":\"WebPage\",\"@id\":\"https:\\\/\\\/www.predsjednik.hr\\\/en\\\/news\\\/president-milanovic-is-calling-on-the-government-of-the-republic-of-croatia-to-initiate-the-procedure-to-recognize-palestine-in-the-croatian-parliament\\\/\",\"url\":\"https:\\\/\\\/www.predsjednik.hr\\\/en\\\/news\\\/president-milanovic-is-calling-on-the-government-of-the-republic-of-croatia-to-initiate-the-procedure-to-recognize-palestine-in-the-croatian-parliament\\\/\",\"name\":\"President Milanovi\u0107 Is Calling on the Government of the Republic of Croatia to Initiate the Procedure to Recognize Palestine in the Croatian Parliament - President of the Republic of Croatia - Zoran Milanovi\u0107\",\"isPartOf\":{\"@id\":\"https:\\\/\\\/www.predsjednik.hr\\\/en\\\/#website\"},\"primaryImageOfPage\":{\"@id\":\"https:\\\/\\\/www.predsjednik.hr\\\/en\\\/news\\\/president-milanovic-is-calling-on-the-government-of-the-republic-of-croatia-to-initiate-the-procedure-to-recognize-palestine-in-the-croatian-parliament\\\/#primaryimage\"},\"image\":{\"@id\":\"https:\\\/\\\/www.predsjednik.hr\\\/en\\\/news\\\/president-milanovic-is-calling-on-the-government-of-the-republic-of-croatia-to-initiate-the-procedure-to-recognize-palestine-in-the-croatian-parliament\\\/#primaryimage\"},\"thumbnailUrl\":\"https:\\\/\\\/www.predsjednik.hr\\\/wp-content\\\/uploads\\\/2025\\\/08\\\/DSC_5723.jpg\",\"datePublished\":\"2025-08-27T12:14:55+00:00\",\"dateModified\":\"2025-08-27T12:14:56+00:00\",\"breadcrumb\":{\"@id\":\"https:\\\/\\\/www.predsjednik.hr\\\/en\\\/news\\\/president-milanovic-is-calling-on-the-government-of-the-republic-of-croatia-to-initiate-the-procedure-to-recognize-palestine-in-the-croatian-parliament\\\/#breadcrumb\"},\"inLanguage\":\"en-US\",\"potentialAction\":[{\"@type\":\"ReadAction\",\"target\":[\"https:\\\/\\\/www.predsjednik.hr\\\/en\\\/news\\\/president-milanovic-is-calling-on-the-government-of-the-republic-of-croatia-to-initiate-the-procedure-to-recognize-palestine-in-the-croatian-parliament\\\/\"]}]},{\"@type\":\"ImageObject\",\"inLanguage\":\"en-US\",\"@id\":\"https:\\\/\\\/www.predsjednik.hr\\\/en\\\/news\\\/president-milanovic-is-calling-on-the-government-of-the-republic-of-croatia-to-initiate-the-procedure-to-recognize-palestine-in-the-croatian-parliament\\\/#primaryimage\",\"url\":\"https:\\\/\\\/www.predsjednik.hr\\\/wp-content\\\/uploads\\\/2025\\\/08\\\/DSC_5723.jpg\",\"contentUrl\":\"https:\\\/\\\/www.predsjednik.hr\\\/wp-content\\\/uploads\\\/2025\\\/08\\\/DSC_5723.jpg\",\"width\":4643,\"height\":2612,\"caption\":\"The President of the Republic Zoran Milanovi\u0107 received on Wednesday, 27 August 2025 the Minister of State for Foreign Affairs and Expatriates of Palestine Varsen Aghabekian.\"},{\"@type\":\"BreadcrumbList\",\"@id\":\"https:\\\/\\\/www.predsjednik.hr\\\/en\\\/news\\\/president-milanovic-is-calling-on-the-government-of-the-republic-of-croatia-to-initiate-the-procedure-to-recognize-palestine-in-the-croatian-parliament\\\/#breadcrumb\",\"itemListElement\":[{\"@type\":\"ListItem\",\"position\":1,\"name\":\"Home\",\"item\":\"https:\\\/\\\/www.predsjednik.hr\\\/en\\\/\"},{\"@type\":\"ListItem\",\"position\":2,\"name\":\"Vijesti\",\"item\":\"https:\\\/\\\/www.predsjednik.hr\\\/en\\\/news\\\/\"},{\"@type\":\"ListItem\",\"position\":3,\"name\":\"President Milanovi\u0107 Is Calling on the Government of the Republic of Croatia to Initiate the Procedure to Recognize Palestine in the Croatian Parliament\"}]},{\"@type\":\"WebSite\",\"@id\":\"https:\\\/\\\/www.predsjednik.hr\\\/en\\\/#website\",\"url\":\"https:\\\/\\\/www.predsjednik.hr\\\/en\\\/\",\"name\":\"President of the Republic of Croatia - Zoran Milanovi\u0107\",\"description\":\"Just another WordPress site\",\"potentialAction\":[{\"@type\":\"SearchAction\",\"target\":{\"@type\":\"EntryPoint\",\"urlTemplate\":\"https:\\\/\\\/www.predsjednik.hr\\\/en\\\/?s={search_term_string}\"},\"query-input\":{\"@type\":\"PropertyValueSpecification\",\"valueRequired\":true,\"valueName\":\"search_term_string\"}}],\"inLanguage\":\"en-US\"}]}<\/script>\n<!-- \/ Yoast SEO plugin. -->","yoast_head_json":{"title":"President Milanovi\u0107 Is Calling on the Government of the Republic of Croatia to Initiate the Procedure to Recognize Palestine in the Croatian Parliament - President of the Republic of Croatia - Zoran Milanovi\u0107","robots":{"index":"index","follow":"follow","max-snippet":"max-snippet:-1","max-image-preview":"max-image-preview:large","max-video-preview":"max-video-preview:-1"},"canonical":"https:\/\/www.predsjednik.hr\/en\/news\/president-milanovic-is-calling-on-the-government-of-the-republic-of-croatia-to-initiate-the-procedure-to-recognize-palestine-in-the-croatian-parliament\/","og_locale":"en_US","og_type":"article","og_title":"President Milanovi\u0107 Is Calling on the Government of the Republic of Croatia to Initiate the Procedure to Recognize Palestine in the Croatian Parliament - President of the Republic of Croatia - Zoran Milanovi\u0107","og_description":"\u201cCroatia should recognize Palestine as a step towards ending the war and the human catastrophe in Gaza. Recognizing the rights of the Palestinian people to their own state is the only way to establish lasting peace in the Middle East\u201d, President Milanovi\u0107 told Minister Aghabekian at the meeting. President Milanovi\u0107 announced that, in the scope of his constitutional powers, he will advocate strongly for Croatia to recognize Palestine as soon as possible and is calling upon the Government of the Republic of Croatia to initiate the procedure to recognize Palestine in the Croatian Parliament.","og_url":"https:\/\/www.predsjednik.hr\/en\/news\/president-milanovic-is-calling-on-the-government-of-the-republic-of-croatia-to-initiate-the-procedure-to-recognize-palestine-in-the-croatian-parliament\/","og_site_name":"President of the Republic of Croatia - Zoran Milanovi\u0107","article_modified_time":"2025-08-27T12:14:56+00:00","og_image":[{"width":4643,"height":2612,"url":"https:\/\/www.predsjednik.hr\/wp-content\/uploads\/2025\/08\/DSC_5723.jpg","type":"image\/jpeg"}],"twitter_card":"summary_large_image","twitter_misc":{"Est. reading time":"2 minutes"},"schema":{"@context":"https:\/\/schema.org","@graph":[{"@type":"WebPage","@id":"https:\/\/www.predsjednik.hr\/en\/news\/president-milanovic-is-calling-on-the-government-of-the-republic-of-croatia-to-initiate-the-procedure-to-recognize-palestine-in-the-croatian-parliament\/","url":"https:\/\/www.predsjednik.hr\/en\/news\/president-milanovic-is-calling-on-the-government-of-the-republic-of-croatia-to-initiate-the-procedure-to-recognize-palestine-in-the-croatian-parliament\/","name":"President Milanovi\u0107 Is Calling on the Government of the Republic of Croatia to Initiate the Procedure to Recognize Palestine in the Croatian Parliament - President of the Republic of Croatia - Zoran Milanovi\u0107","isPartOf":{"@id":"https:\/\/www.predsjednik.hr\/en\/#website"},"primaryImageOfPage":{"@id":"https:\/\/www.predsjednik.hr\/en\/news\/president-milanovic-is-calling-on-the-government-of-the-republic-of-croatia-to-initiate-the-procedure-to-recognize-palestine-in-the-croatian-parliament\/#primaryimage"},"image":{"@id":"https:\/\/www.predsjednik.hr\/en\/news\/president-milanovic-is-calling-on-the-government-of-the-republic-of-croatia-to-initiate-the-procedure-to-recognize-palestine-in-the-croatian-parliament\/#primaryimage"},"thumbnailUrl":"https:\/\/www.predsjednik.hr\/wp-content\/uploads\/2025\/08\/DSC_5723.jpg","datePublished":"2025-08-27T12:14:55+00:00","dateModified":"2025-08-27T12:14:56+00:00","breadcrumb":{"@id":"https:\/\/www.predsjednik.hr\/en\/news\/president-milanovic-is-calling-on-the-government-of-the-republic-of-croatia-to-initiate-the-procedure-to-recognize-palestine-in-the-croatian-parliament\/#breadcrumb"},"inLanguage":"en-US","potentialAction":[{"@type":"ReadAction","target":["https:\/\/www.predsjednik.hr\/en\/news\/president-milanovic-is-calling-on-the-government-of-the-republic-of-croatia-to-initiate-the-procedure-to-recognize-palestine-in-the-croatian-parliament\/"]}]},{"@type":"ImageObject","inLanguage":"en-US","@id":"https:\/\/www.predsjednik.hr\/en\/news\/president-milanovic-is-calling-on-the-government-of-the-republic-of-croatia-to-initiate-the-procedure-to-recognize-palestine-in-the-croatian-parliament\/#primaryimage","url":"https:\/\/www.predsjednik.hr\/wp-content\/uploads\/2025\/08\/DSC_5723.jpg","contentUrl":"https:\/\/www.predsjednik.hr\/wp-content\/uploads\/2025\/08\/DSC_5723.jpg","width":4643,"height":2612,"caption":"The President of the Republic Zoran Milanovi\u0107 received on Wednesday, 27 August 2025 the Minister of State for Foreign Affairs and Expatriates of Palestine Varsen Aghabekian."},{"@type":"BreadcrumbList","@id":"https:\/\/www.predsjednik.hr\/en\/news\/president-milanovic-is-calling-on-the-government-of-the-republic-of-croatia-to-initiate-the-procedure-to-recognize-palestine-in-the-croatian-parliament\/#breadcrumb","itemListElement":[{"@type":"ListItem","position":1,"name":"Home","item":"https:\/\/www.predsjednik.hr\/en\/"},{"@type":"ListItem","position":2,"name":"Vijesti","item":"https:\/\/www.predsjednik.hr\/en\/news\/"},{"@type":"ListItem","position":3,"name":"President Milanovi\u0107 Is Calling on the Government of the Republic of Croatia to Initiate the Procedure to Recognize Palestine in the Croatian Parliament"}]},{"@type":"WebSite","@id":"https:\/\/www.predsjednik.hr\/en\/#website","url":"https:\/\/www.predsjednik.hr\/en\/","name":"President of the Republic of Croatia - Zoran Milanovi\u0107","description":"Just another WordPress site","potentialAction":[{"@type":"SearchAction","target":{"@type":"EntryPoint","urlTemplate":"https:\/\/www.predsjednik.hr\/en\/?s={search_term_string}"},"query-input":{"@type":"PropertyValueSpecification","valueRequired":true,"valueName":"search_term_string"}}],"inLanguage":"en-US"}]}},"_links":{"self":[{"href":"https:\/\/www.predsjednik.hr\/en\/wp-json\/wp\/v2\/news\/39214","targetHints":{"allow":["GET"]}}],"collection":[{"href":"https:\/\/www.predsjednik.hr\/en\/wp-json\/wp\/v2\/news"}],"about":[{"href":"https:\/\/www.predsjednik.hr\/en\/wp-json\/wp\/v2\/types\/news"}],"wp:featuredmedia":[{"embeddable":true,"href":"https:\/\/www.predsjednik.hr\/en\/wp-json\/wp\/v2\/media\/39208"}],"wp:attachment":[{"href":"https:\/\/www.predsjednik.hr\/en\/wp-json\/wp\/v2\/media?parent=39214"}],"wp:term":[{"taxonomy":"news-cat","embeddable":true,"href":"https:\/\/www.predsjednik.hr\/en\/wp-json\/wp\/v2\/news-cat?post=39214"}],"curies":[{"name":"wp","href":"https:\/\/api.w.org\/{rel}","templated":true}]}}