{"id":39889,"date":"2025-09-28T13:14:00","date_gmt":"2025-09-28T11:14:00","guid":{"rendered":"https:\/\/www.predsjednik.hr\/?post_type=news&#038;p=39889"},"modified":"2025-09-29T11:16:27","modified_gmt":"2025-09-29T09:16:27","slug":"president-milanovic-cooperation-between-the-minnesota-national-guard-and-the-croatian-army-has-become-especially-important-following-our-acquisition-of-bradleys-and-black-hawks","status":"publish","type":"news","link":"https:\/\/www.predsjednik.hr\/en\/news\/president-milanovic-cooperation-between-the-minnesota-national-guard-and-the-croatian-army-has-become-especially-important-following-our-acquisition-of-bradleys-and-black-hawks\/","title":{"rendered":"President Milanovi\u0107: Cooperation between the Minnesota National Guard and the Croatian Army has become especially important following our acquisition of Bradleys and Black Hawks"},"content":{"rendered":"\n<p>\u201cThe military cooperation between the Minnesota National Guard and the Croatian Army is very important. It was important 29 years ago, it was important 12 years ago when I first considered the possibility of coming here as Prime Minister, and it remains important today because of the connection, camaraderie, and shared spirit of effort and purpose. We have recently acquired equipment that we did not previously have, such as Bradley vehicles and Black Hawk helicopters. Their maintenance and supply chains are crucial for us. This visit to the military base and the demonstration of the Minnesota National Guard\u2019s capabilities serves precisely that purpose,\u201d said the President of the Republic and Commander in Chief of the Croatian Armed Forces Zoran Milanovi\u0107 during a tour of Minnesota National Guard units at Camp Ripley, the largest military camp in Minnesota.<\/p>\n\n\n\n<p>Reflecting on the experience of cooperation between the Minnesota National Guard and the Croatian Army, President Milanovi\u0107 said: \u201cWhat I know as Commander in Chief is that our people are proud of this cooperation. Here, they gain knowledge, organization, and experience, especially younger soldiers. The older generation of Croatian soldiers are the only soldiers in Europe with real combat experience from 30 years ago. Our Chief of the General Staff and his senior associates are all people with dangerous and demanding war experience.\u201d<\/p>\n\n\n\n<p>Accompanied by the Commander of the Minnesota National Guard, Major General Shawn P. Manke, President Milanovi\u0107 toured Camp Ripley, where he was introduced to weapons systems, simulators, and maintenance facilities for Black Hawk helicopters as well as Bradley and Abrams armoured vehicles.<\/p>\n\n\n\n<p>The Minnesota National Guard is part of the reserve forces of the US National Guard in Minnesota and consists of 13,000 personnel from the US Army and Air Force. The Republic of Croatia has actively cooperated with the Minnesota National Guard for 29 years through the State Partnership Program, which has significantly contributed to the development and modernization of the Croatian Armed Forces.<\/p>\n\n\n\n<p>The procurement of the Bradley infantry fighting vehicle and the modernization of the Croatian Armed Forces through the acquisition of Black Hawk multi-purpose helicopters create opportunities for further development of long-term, close cooperation between the Croatian Armed Forces and the Minnesota National Guard, as the US side operates all of these combat systems.<\/p>\n\n\n\n<p>The Camp Ripley Regional Training Center is located near Little Falls, Minnesota, on an area of 53,000 acres. Ripley serves as the primary training center for Minnesota National Guard units and, with numerous ranges and state-of-the-art facilities, provides the resources, services, and facilities necessary for essential military training. President Milanovi\u0107 concluded his working visit to the United States with a tour of Minnesota National Guard units and Camp Ripley.<\/p>\n\n\n\n<p>President Milanovi\u0107 was accompanied by Orsat Miljeni\u0107, Head of the Office of the President; Pjer \u0160imunovi\u0107, Ambassador of the Republic of Croatia to the United States; Bartol \u0160imuni\u0107, Head of the Cabinet of the President; Neven Pelicari\u0107, Adviser to the President for Foreign and European Policy; Ivica Oluji\u0107, Adviser to the President for Defense; and Lieutenant Commander Ivan Rivarolli, Assistant Defense Attach\u00e9 to the United States.<\/p>\n\n\n<!--GALLERY BLOCK-->\n<div class=\"c-lightbox-gallery js-lightbox\">\n                <!--single-->\n            <a data-no-swup class=\"c-lightbox-gallery__single js-lightbox-single\"\n               href=\"https:\/\/www.predsjednik.hr\/wp-content\/uploads\/2025\/09\/DSC_9220-1024x731.jpg\"\n               style=\"background-image: url('https:\/\/www.predsjednik.hr\/wp-content\/uploads\/2025\/09\/DSC_9220-768x548.jpg')\"><\/a>\n            <!--end single-->\n                    <!--single-->\n            <a data-no-swup class=\"c-lightbox-gallery__single js-lightbox-single\"\n               href=\"https:\/\/www.predsjednik.hr\/wp-content\/uploads\/2025\/09\/DSC_6431-1024x576.jpg\"\n               style=\"background-image: url('https:\/\/www.predsjednik.hr\/wp-content\/uploads\/2025\/09\/DSC_6431-768x432.jpg')\"><\/a>\n            <!--end single-->\n                    <!--single-->\n            <a data-no-swup class=\"c-lightbox-gallery__single js-lightbox-single\"\n               href=\"https:\/\/www.predsjednik.hr\/wp-content\/uploads\/2025\/09\/DSC_6549_1-1024x576.jpg\"\n               style=\"background-image: url('https:\/\/www.predsjednik.hr\/wp-content\/uploads\/2025\/09\/DSC_6549_1-768x432.jpg')\"><\/a>\n            <!--end single-->\n                    <!--single-->\n            <a data-no-swup class=\"c-lightbox-gallery__single js-lightbox-single\"\n               href=\"https:\/\/www.predsjednik.hr\/wp-content\/uploads\/2025\/09\/DSC_6578-1024x576.jpg\"\n               style=\"background-image: url('https:\/\/www.predsjednik.hr\/wp-content\/uploads\/2025\/09\/DSC_6578-768x432.jpg')\"><\/a>\n            <!--end single-->\n                    <!--single-->\n            <a data-no-swup class=\"c-lightbox-gallery__single js-lightbox-single\"\n               href=\"https:\/\/www.predsjednik.hr\/wp-content\/uploads\/2025\/09\/DSC_6608-1024x576.jpg\"\n               style=\"background-image: url('https:\/\/www.predsjednik.hr\/wp-content\/uploads\/2025\/09\/DSC_6608-768x432.jpg')\"><\/a>\n            <!--end single-->\n                    <!--single-->\n            <a data-no-swup class=\"c-lightbox-gallery__single js-lightbox-single\"\n               href=\"https:\/\/www.predsjednik.hr\/wp-content\/uploads\/2025\/09\/DSC_8085-1024x576.jpg\"\n               style=\"background-image: url('https:\/\/www.predsjednik.hr\/wp-content\/uploads\/2025\/09\/DSC_8085-768x432.jpg')\"><\/a>\n            <!--end single-->\n                    <!--single-->\n            <a data-no-swup class=\"c-lightbox-gallery__single js-lightbox-single\"\n               href=\"https:\/\/www.predsjednik.hr\/wp-content\/uploads\/2025\/09\/DSC_8203-1024x576.jpg\"\n               style=\"background-image: url('https:\/\/www.predsjednik.hr\/wp-content\/uploads\/2025\/09\/DSC_8203-768x432.jpg')\"><\/a>\n            <!--end single-->\n                    <!--single-->\n            <a data-no-swup class=\"c-lightbox-gallery__single js-lightbox-single\"\n               href=\"https:\/\/www.predsjednik.hr\/wp-content\/uploads\/2025\/09\/DSC_8228-1024x731.jpg\"\n               style=\"background-image: url('https:\/\/www.predsjednik.hr\/wp-content\/uploads\/2025\/09\/DSC_8228-768x548.jpg')\"><\/a>\n            <!--end single-->\n                    <!--single-->\n            <a data-no-swup class=\"c-lightbox-gallery__single js-lightbox-single\"\n               href=\"https:\/\/www.predsjednik.hr\/wp-content\/uploads\/2025\/09\/DSC_8230-1024x732.jpg\"\n               style=\"background-image: url('https:\/\/www.predsjednik.hr\/wp-content\/uploads\/2025\/09\/DSC_8230-768x549.jpg')\"><\/a>\n            <!--end single-->\n                    <!--single-->\n            <a data-no-swup class=\"c-lightbox-gallery__single js-lightbox-single\"\n               href=\"https:\/\/www.predsjednik.hr\/wp-content\/uploads\/2025\/09\/DSC_8250-1-1024x731.jpg\"\n               style=\"background-image: url('https:\/\/www.predsjednik.hr\/wp-content\/uploads\/2025\/09\/DSC_8250-1-768x549.jpg')\"><\/a>\n            <!--end single-->\n                    <!--single-->\n            <a data-no-swup class=\"c-lightbox-gallery__single js-lightbox-single\"\n               href=\"https:\/\/www.predsjednik.hr\/wp-content\/uploads\/2025\/09\/DSC_8353-1024x576.jpg\"\n               style=\"background-image: url('https:\/\/www.predsjednik.hr\/wp-content\/uploads\/2025\/09\/DSC_8353-768x432.jpg')\"><\/a>\n            <!--end single-->\n                    <!--single-->\n            <a data-no-swup class=\"c-lightbox-gallery__single js-lightbox-single\"\n               href=\"https:\/\/www.predsjednik.hr\/wp-content\/uploads\/2025\/09\/DSC_8678-1024x732.jpg\"\n               style=\"background-image: url('https:\/\/www.predsjednik.hr\/wp-content\/uploads\/2025\/09\/DSC_8678-768x549.jpg')\"><\/a>\n            <!--end single-->\n                    <!--single-->\n            <a data-no-swup class=\"c-lightbox-gallery__single js-lightbox-single\"\n               href=\"https:\/\/www.predsjednik.hr\/wp-content\/uploads\/2025\/09\/DSC_8688-1024x732.jpg\"\n               style=\"background-image: url('https:\/\/www.predsjednik.hr\/wp-content\/uploads\/2025\/09\/DSC_8688-768x549.jpg')\"><\/a>\n            <!--end single-->\n                    <!--single-->\n            <a data-no-swup class=\"c-lightbox-gallery__single js-lightbox-single\"\n               href=\"https:\/\/www.predsjednik.hr\/wp-content\/uploads\/2025\/09\/DSC_8788-1024x576.jpg\"\n               style=\"background-image: url('https:\/\/www.predsjednik.hr\/wp-content\/uploads\/2025\/09\/DSC_8788-768x432.jpg')\"><\/a>\n            <!--end single-->\n                    <!--single-->\n            <a data-no-swup class=\"c-lightbox-gallery__single js-lightbox-single\"\n               href=\"https:\/\/www.predsjednik.hr\/wp-content\/uploads\/2025\/09\/DSC_8811-1024x731.jpg\"\n               style=\"background-image: url('https:\/\/www.predsjednik.hr\/wp-content\/uploads\/2025\/09\/DSC_8811-768x548.jpg')\"><\/a>\n            <!--end single-->\n                    <!--single-->\n            <a data-no-swup class=\"c-lightbox-gallery__single js-lightbox-single\"\n               href=\"https:\/\/www.predsjednik.hr\/wp-content\/uploads\/2025\/09\/DSC_8967-1024x576.jpg\"\n               style=\"background-image: url('https:\/\/www.predsjednik.hr\/wp-content\/uploads\/2025\/09\/DSC_8967-768x432.jpg')\"><\/a>\n            <!--end single-->\n        <\/div>\n<!--end GALLERY BLOCK-->\n\n\n\n<p>PHOTO: Office of the President of the Republic of Croatia \/ Marko Beljan<\/p>\n","protected":false},"excerpt":{"rendered":"<p>\u201cThe military cooperation between the Minnesota National Guard and the Croatian Army is very important. It was important 29 years ago, it was important 12 years ago when I first considered the possibility of coming here as Prime Minister, and it remains important today because of the connection, camaraderie, and shared spirit of effort and purpose. We have recently acquired equipment that we did not previously have, such as Bradley vehicles and Black Hawk helicopters. Their maintenance and supply chains are crucial for us. This visit to the military base and the demonstration of the Minnesota National Guard\u2019s capabilities serves precisely that purpose,\u201d said the President of the Republic and Commander in Chief of the Croatian Armed Forces Zoran Milanovi\u0107 during a tour of Minnesota National Guard units at Camp Ripley, the largest military camp in Minnesota.<\/p>\n","protected":false},"featured_media":39863,"template":"","news-cat":[12],"class_list":["post-39889","news","type-news","status-publish","has-post-thumbnail","hentry","news-cat-news"],"acf":[],"yoast_head":"<!-- This site is optimized with the Yoast SEO plugin v27.5 - https:\/\/yoast.com\/product\/yoast-seo-wordpress\/ -->\n<title>President Milanovi\u0107: Cooperation between the Minnesota National Guard and the Croatian Army has become especially important following our acquisition of Bradleys and Black Hawks - President of the Republic of Croatia - Zoran Milanovi\u0107<\/title>\n<meta name=\"robots\" content=\"index, follow, max-snippet:-1, max-image-preview:large, max-video-preview:-1\" \/>\n<link rel=\"canonical\" href=\"https:\/\/www.predsjednik.hr\/en\/news\/president-milanovic-cooperation-between-the-minnesota-national-guard-and-the-croatian-army-has-become-especially-important-following-our-acquisition-of-bradleys-and-black-hawks\/\" \/>\n<meta property=\"og:locale\" content=\"en_US\" \/>\n<meta property=\"og:type\" content=\"article\" \/>\n<meta property=\"og:title\" content=\"President Milanovi\u0107: Cooperation between the Minnesota National Guard and the Croatian Army has become especially important following our acquisition of Bradleys and Black Hawks - President of the Republic of Croatia - Zoran Milanovi\u0107\" \/>\n<meta property=\"og:description\" content=\"\u201cThe military cooperation between the Minnesota National Guard and the Croatian Army is very important. It was important 29 years ago, it was important 12 years ago when I first considered the possibility of coming here as Prime Minister, and it remains important today because of the connection, camaraderie, and shared spirit of effort and purpose. We have recently acquired equipment that we did not previously have, such as Bradley vehicles and Black Hawk helicopters. Their maintenance and supply chains are crucial for us. This visit to the military base and the demonstration of the Minnesota National Guard\u2019s capabilities serves precisely that purpose,\u201d said the President of the Republic and Commander in Chief of the Croatian Armed Forces Zoran Milanovi\u0107 during a tour of Minnesota National Guard units at Camp Ripley, the largest military camp in Minnesota.\" \/>\n<meta property=\"og:url\" content=\"https:\/\/www.predsjednik.hr\/en\/news\/president-milanovic-cooperation-between-the-minnesota-national-guard-and-the-croatian-army-has-become-especially-important-following-our-acquisition-of-bradleys-and-black-hawks\/\" \/>\n<meta property=\"og:site_name\" content=\"President of the Republic of Croatia - Zoran Milanovi\u0107\" \/>\n<meta property=\"article:modified_time\" content=\"2025-09-29T09:16:27+00:00\" \/>\n<meta property=\"og:image\" content=\"https:\/\/www.predsjednik.hr\/wp-content\/uploads\/2025\/09\/DSC_6608.jpg\" \/>\n\t<meta property=\"og:image:width\" content=\"3043\" \/>\n\t<meta property=\"og:image:height\" content=\"1712\" \/>\n\t<meta property=\"og:image:type\" content=\"image\/jpeg\" \/>\n<meta name=\"twitter:card\" content=\"summary_large_image\" \/>\n<meta name=\"twitter:label1\" content=\"Est. reading time\" \/>\n\t<meta name=\"twitter:data1\" content=\"3 minutes\" \/>\n<script type=\"application\/ld+json\" class=\"yoast-schema-graph\">{\"@context\":\"https:\\\/\\\/schema.org\",\"@graph\":[{\"@type\":\"WebPage\",\"@id\":\"https:\\\/\\\/www.predsjednik.hr\\\/en\\\/news\\\/president-milanovic-cooperation-between-the-minnesota-national-guard-and-the-croatian-army-has-become-especially-important-following-our-acquisition-of-bradleys-and-black-hawks\\\/\",\"url\":\"https:\\\/\\\/www.predsjednik.hr\\\/en\\\/news\\\/president-milanovic-cooperation-between-the-minnesota-national-guard-and-the-croatian-army-has-become-especially-important-following-our-acquisition-of-bradleys-and-black-hawks\\\/\",\"name\":\"President Milanovi\u0107: Cooperation between the Minnesota National Guard and the Croatian Army has become especially important following our acquisition of Bradleys and Black Hawks - President of the Republic of Croatia - Zoran Milanovi\u0107\",\"isPartOf\":{\"@id\":\"https:\\\/\\\/www.predsjednik.hr\\\/en\\\/#website\"},\"primaryImageOfPage\":{\"@id\":\"https:\\\/\\\/www.predsjednik.hr\\\/en\\\/news\\\/president-milanovic-cooperation-between-the-minnesota-national-guard-and-the-croatian-army-has-become-especially-important-following-our-acquisition-of-bradleys-and-black-hawks\\\/#primaryimage\"},\"image\":{\"@id\":\"https:\\\/\\\/www.predsjednik.hr\\\/en\\\/news\\\/president-milanovic-cooperation-between-the-minnesota-national-guard-and-the-croatian-army-has-become-especially-important-following-our-acquisition-of-bradleys-and-black-hawks\\\/#primaryimage\"},\"thumbnailUrl\":\"https:\\\/\\\/www.predsjednik.hr\\\/wp-content\\\/uploads\\\/2025\\\/09\\\/DSC_6608.jpg\",\"datePublished\":\"2025-09-28T11:14:00+00:00\",\"dateModified\":\"2025-09-29T09:16:27+00:00\",\"breadcrumb\":{\"@id\":\"https:\\\/\\\/www.predsjednik.hr\\\/en\\\/news\\\/president-milanovic-cooperation-between-the-minnesota-national-guard-and-the-croatian-army-has-become-especially-important-following-our-acquisition-of-bradleys-and-black-hawks\\\/#breadcrumb\"},\"inLanguage\":\"en-US\",\"potentialAction\":[{\"@type\":\"ReadAction\",\"target\":[\"https:\\\/\\\/www.predsjednik.hr\\\/en\\\/news\\\/president-milanovic-cooperation-between-the-minnesota-national-guard-and-the-croatian-army-has-become-especially-important-following-our-acquisition-of-bradleys-and-black-hawks\\\/\"]}]},{\"@type\":\"ImageObject\",\"inLanguage\":\"en-US\",\"@id\":\"https:\\\/\\\/www.predsjednik.hr\\\/en\\\/news\\\/president-milanovic-cooperation-between-the-minnesota-national-guard-and-the-croatian-army-has-become-especially-important-following-our-acquisition-of-bradleys-and-black-hawks\\\/#primaryimage\",\"url\":\"https:\\\/\\\/www.predsjednik.hr\\\/wp-content\\\/uploads\\\/2025\\\/09\\\/DSC_6608.jpg\",\"contentUrl\":\"https:\\\/\\\/www.predsjednik.hr\\\/wp-content\\\/uploads\\\/2025\\\/09\\\/DSC_6608.jpg\",\"width\":3043,\"height\":1712},{\"@type\":\"BreadcrumbList\",\"@id\":\"https:\\\/\\\/www.predsjednik.hr\\\/en\\\/news\\\/president-milanovic-cooperation-between-the-minnesota-national-guard-and-the-croatian-army-has-become-especially-important-following-our-acquisition-of-bradleys-and-black-hawks\\\/#breadcrumb\",\"itemListElement\":[{\"@type\":\"ListItem\",\"position\":1,\"name\":\"Home\",\"item\":\"https:\\\/\\\/www.predsjednik.hr\\\/en\\\/\"},{\"@type\":\"ListItem\",\"position\":2,\"name\":\"Vijesti\",\"item\":\"https:\\\/\\\/www.predsjednik.hr\\\/en\\\/news\\\/\"},{\"@type\":\"ListItem\",\"position\":3,\"name\":\"President Milanovi\u0107: Cooperation between the Minnesota National Guard and the Croatian Army has become especially important following our acquisition of Bradleys and Black Hawks\"}]},{\"@type\":\"WebSite\",\"@id\":\"https:\\\/\\\/www.predsjednik.hr\\\/en\\\/#website\",\"url\":\"https:\\\/\\\/www.predsjednik.hr\\\/en\\\/\",\"name\":\"President of the Republic of Croatia - Zoran Milanovi\u0107\",\"description\":\"Just another WordPress site\",\"potentialAction\":[{\"@type\":\"SearchAction\",\"target\":{\"@type\":\"EntryPoint\",\"urlTemplate\":\"https:\\\/\\\/www.predsjednik.hr\\\/en\\\/?s={search_term_string}\"},\"query-input\":{\"@type\":\"PropertyValueSpecification\",\"valueRequired\":true,\"valueName\":\"search_term_string\"}}],\"inLanguage\":\"en-US\"}]}<\/script>\n<!-- \/ Yoast SEO plugin. -->","yoast_head_json":{"title":"President Milanovi\u0107: Cooperation between the Minnesota National Guard and the Croatian Army has become especially important following our acquisition of Bradleys and Black Hawks - President of the Republic of Croatia - Zoran Milanovi\u0107","robots":{"index":"index","follow":"follow","max-snippet":"max-snippet:-1","max-image-preview":"max-image-preview:large","max-video-preview":"max-video-preview:-1"},"canonical":"https:\/\/www.predsjednik.hr\/en\/news\/president-milanovic-cooperation-between-the-minnesota-national-guard-and-the-croatian-army-has-become-especially-important-following-our-acquisition-of-bradleys-and-black-hawks\/","og_locale":"en_US","og_type":"article","og_title":"President Milanovi\u0107: Cooperation between the Minnesota National Guard and the Croatian Army has become especially important following our acquisition of Bradleys and Black Hawks - President of the Republic of Croatia - Zoran Milanovi\u0107","og_description":"\u201cThe military cooperation between the Minnesota National Guard and the Croatian Army is very important. It was important 29 years ago, it was important 12 years ago when I first considered the possibility of coming here as Prime Minister, and it remains important today because of the connection, camaraderie, and shared spirit of effort and purpose. We have recently acquired equipment that we did not previously have, such as Bradley vehicles and Black Hawk helicopters. Their maintenance and supply chains are crucial for us. This visit to the military base and the demonstration of the Minnesota National Guard\u2019s capabilities serves precisely that purpose,\u201d said the President of the Republic and Commander in Chief of the Croatian Armed Forces Zoran Milanovi\u0107 during a tour of Minnesota National Guard units at Camp Ripley, the largest military camp in Minnesota.","og_url":"https:\/\/www.predsjednik.hr\/en\/news\/president-milanovic-cooperation-between-the-minnesota-national-guard-and-the-croatian-army-has-become-especially-important-following-our-acquisition-of-bradleys-and-black-hawks\/","og_site_name":"President of the Republic of Croatia - Zoran Milanovi\u0107","article_modified_time":"2025-09-29T09:16:27+00:00","og_image":[{"width":3043,"height":1712,"url":"https:\/\/www.predsjednik.hr\/wp-content\/uploads\/2025\/09\/DSC_6608.jpg","type":"image\/jpeg"}],"twitter_card":"summary_large_image","twitter_misc":{"Est. reading time":"3 minutes"},"schema":{"@context":"https:\/\/schema.org","@graph":[{"@type":"WebPage","@id":"https:\/\/www.predsjednik.hr\/en\/news\/president-milanovic-cooperation-between-the-minnesota-national-guard-and-the-croatian-army-has-become-especially-important-following-our-acquisition-of-bradleys-and-black-hawks\/","url":"https:\/\/www.predsjednik.hr\/en\/news\/president-milanovic-cooperation-between-the-minnesota-national-guard-and-the-croatian-army-has-become-especially-important-following-our-acquisition-of-bradleys-and-black-hawks\/","name":"President Milanovi\u0107: Cooperation between the Minnesota National Guard and the Croatian Army has become especially important following our acquisition of Bradleys and Black Hawks - President of the Republic of Croatia - Zoran Milanovi\u0107","isPartOf":{"@id":"https:\/\/www.predsjednik.hr\/en\/#website"},"primaryImageOfPage":{"@id":"https:\/\/www.predsjednik.hr\/en\/news\/president-milanovic-cooperation-between-the-minnesota-national-guard-and-the-croatian-army-has-become-especially-important-following-our-acquisition-of-bradleys-and-black-hawks\/#primaryimage"},"image":{"@id":"https:\/\/www.predsjednik.hr\/en\/news\/president-milanovic-cooperation-between-the-minnesota-national-guard-and-the-croatian-army-has-become-especially-important-following-our-acquisition-of-bradleys-and-black-hawks\/#primaryimage"},"thumbnailUrl":"https:\/\/www.predsjednik.hr\/wp-content\/uploads\/2025\/09\/DSC_6608.jpg","datePublished":"2025-09-28T11:14:00+00:00","dateModified":"2025-09-29T09:16:27+00:00","breadcrumb":{"@id":"https:\/\/www.predsjednik.hr\/en\/news\/president-milanovic-cooperation-between-the-minnesota-national-guard-and-the-croatian-army-has-become-especially-important-following-our-acquisition-of-bradleys-and-black-hawks\/#breadcrumb"},"inLanguage":"en-US","potentialAction":[{"@type":"ReadAction","target":["https:\/\/www.predsjednik.hr\/en\/news\/president-milanovic-cooperation-between-the-minnesota-national-guard-and-the-croatian-army-has-become-especially-important-following-our-acquisition-of-bradleys-and-black-hawks\/"]}]},{"@type":"ImageObject","inLanguage":"en-US","@id":"https:\/\/www.predsjednik.hr\/en\/news\/president-milanovic-cooperation-between-the-minnesota-national-guard-and-the-croatian-army-has-become-especially-important-following-our-acquisition-of-bradleys-and-black-hawks\/#primaryimage","url":"https:\/\/www.predsjednik.hr\/wp-content\/uploads\/2025\/09\/DSC_6608.jpg","contentUrl":"https:\/\/www.predsjednik.hr\/wp-content\/uploads\/2025\/09\/DSC_6608.jpg","width":3043,"height":1712},{"@type":"BreadcrumbList","@id":"https:\/\/www.predsjednik.hr\/en\/news\/president-milanovic-cooperation-between-the-minnesota-national-guard-and-the-croatian-army-has-become-especially-important-following-our-acquisition-of-bradleys-and-black-hawks\/#breadcrumb","itemListElement":[{"@type":"ListItem","position":1,"name":"Home","item":"https:\/\/www.predsjednik.hr\/en\/"},{"@type":"ListItem","position":2,"name":"Vijesti","item":"https:\/\/www.predsjednik.hr\/en\/news\/"},{"@type":"ListItem","position":3,"name":"President Milanovi\u0107: Cooperation between the Minnesota National Guard and the Croatian Army has become especially important following our acquisition of Bradleys and Black Hawks"}]},{"@type":"WebSite","@id":"https:\/\/www.predsjednik.hr\/en\/#website","url":"https:\/\/www.predsjednik.hr\/en\/","name":"President of the Republic of Croatia - Zoran Milanovi\u0107","description":"Just another WordPress site","potentialAction":[{"@type":"SearchAction","target":{"@type":"EntryPoint","urlTemplate":"https:\/\/www.predsjednik.hr\/en\/?s={search_term_string}"},"query-input":{"@type":"PropertyValueSpecification","valueRequired":true,"valueName":"search_term_string"}}],"inLanguage":"en-US"}]}},"_links":{"self":[{"href":"https:\/\/www.predsjednik.hr\/en\/wp-json\/wp\/v2\/news\/39889","targetHints":{"allow":["GET"]}}],"collection":[{"href":"https:\/\/www.predsjednik.hr\/en\/wp-json\/wp\/v2\/news"}],"about":[{"href":"https:\/\/www.predsjednik.hr\/en\/wp-json\/wp\/v2\/types\/news"}],"wp:featuredmedia":[{"embeddable":true,"href":"https:\/\/www.predsjednik.hr\/en\/wp-json\/wp\/v2\/media\/39863"}],"wp:attachment":[{"href":"https:\/\/www.predsjednik.hr\/en\/wp-json\/wp\/v2\/media?parent=39889"}],"wp:term":[{"taxonomy":"news-cat","embeddable":true,"href":"https:\/\/www.predsjednik.hr\/en\/wp-json\/wp\/v2\/news-cat?post=39889"}],"curies":[{"name":"wp","href":"https:\/\/api.w.org\/{rel}","templated":true}]}}