{"id":40000,"date":"2025-09-29T20:21:00","date_gmt":"2025-09-29T18:21:00","guid":{"rendered":"https:\/\/www.predsjednik.hr\/?post_type=news&#038;p=40000"},"modified":"2025-09-30T11:24:33","modified_gmt":"2025-09-30T09:24:33","slug":"president-milanovic-decorates-retired-and-active-interior-ministry-members-and-tells-them-in-important-matters-we-must-be-firm-self-interested-and-not-think-about-what-third-parties-say","status":"publish","type":"news","link":"https:\/\/www.predsjednik.hr\/en\/news\/president-milanovic-decorates-retired-and-active-interior-ministry-members-and-tells-them-in-important-matters-we-must-be-firm-self-interested-and-not-think-about-what-third-parties-say\/","title":{"rendered":"President Milanovi\u0107 Decorates Retired and Active Interior Ministry Members and Tells Them: In important matters, we must be firm, self-interested, and not think about what third parties say"},"content":{"rendered":"\n<p>On the occasion of Police Day, marked today, President Zoran Milanovi\u0107 presented retired and active members of the Ministry of the Interior (MUP) with decorations and honorary ranks. Among the recipients were former Minister of the Interior Ivan Jarnjak, former commander of the MUP Special Forces Mladen Marka\u010d, and the late commander of the Osijek police Josip Reihl-Kir, who was decorated posthumously.<\/p>\n\n\n\n<p>Congratulating the officials of the Ministry of the Interior on Police Day, President Milanovi\u0107, in his address, first congratulated those who were decorated today. \u201cIt is difficult to say that some decorations are regular and others extraordinary, because in your work there is hardly anything regular. It is an extraordinary job \u2014 in its demands, in its challenges, and in its very nature. Those who deserved this long ago are receiving it today, and that is thanks to Mr. Jarnjak,\u201d said President Milanovi\u0107.<\/p>\n\n\n\n<p>The President also spoke about current proposals to introduce data controls in the name of security. \u201cThese are times when it has always been convenient and fitting for the powerful to strike at human rights and tell people what is good and safe for them, what is permitted and what is not. And that is always the challenge in democratic societies: freedom or security? To what extent can you \u2014 without undermining the architecture and stability of the entire building \u2014 encroach on human freedoms, and to what extent can you, and is it wise, to allow complete freedom that turns into disorder, chaos, and outright abuse?\u201d said President Milanovi\u0107, adding that this is a major issue that we will have to discuss among ourselves, because \u201cthis is not a solution that artificial intelligence \u2014 which is itself one of the challenges \u2014 can offer.\u201d<\/p>\n\n\n\n<p>\u201cThe impression I brought back from America, from what I saw there, is one of disarray, something I had not seen before. And in that world, in that Europe, we live. We know where we belong, what our roots are, and what the Croatian police and army fought for thirty years ago \u2014 in a war and in conditions unprecedented in Europe, because no one else was left on their own, and Croatia was almost the entire time. There is little chance that something like what Croatia went through could happen again, and we must be aware of that in order to value ourselves,\u201d said the President.<\/p>\n\n\n\n<p>In that sense, he emphasized that Croatia, as a member of the European Union and NATO, knows where it belongs, but that in all important, internal, and sensitive matters it will first and foremost have to consult itself, not artificial intelligence. \u201cWe cannot run these policies on autopilot. And yes, in some matters we must be firm and self-interested, without thinking about what a third party has said, because we have no other bosses here,\u201d concluded President Milanovi\u0107.<\/p>\n\n\n\n<p>Former Minister Ivan Jarnjak was awarded the Grand Order of King Petar Kre\u0161imir IV with Sash and Star, for his exceptional contribution to the creation of war strategy and military doctrine, his role in organizing the police units of the Republic of Croatia, and his notable achievements in their leadership and command. Mladen Marka\u010d and Davorin Pavlovi\u0107 were awarded the Order of Duke Branimir with Ribbon, for special merit in promoting the international standing and reputation of the Republic of Croatia and its relations with other states.<\/p>\n\n\n\n<p>The Order of Duke Domagoj with Ribbon, for demonstrated courage and heroism in the Homeland War, was awarded to Marijan Benko, Ivan Bu\u010dak, \u0110urica Franjo \u2013 posthumously, Ladislav Fruk \u2013 posthumously, Jo\u0161ko Mori\u0107, Josip Reihl-Kir \u2013 posthumously, Smiljan Relji\u0107, Stipo Rimac, \u017deljko Sa\u010di\u0107 and Nikola Vuko\u0161i\u0107. For acts of heroism in the Homeland War, the Order of Nikola \u0160ubi\u0107 Zrinski was awarded to Ivan Babi\u0107, Ivan Juki\u0107, Stjepan Krpi\u010dak, Marijan Tomurad and Boris Ton\u010dini\u0107.<\/p>\n\n\n\n<p>The Order of Ante Star\u010devi\u0107, for contributions to the preservation and development of the Croatian state-building idea and to the establishment and construction of a sovereign Croatian state, was awarded to Borislav Ban \u2013 posthumously, Vjekoslav Brajovi\u0107, Zdenko Gru\u0161kovnjak, Mile Peri\u0107, Antun Troha, Franjo Vugrinec \u2013 posthumously, Stipe Zrili\u0107, Momir Zubovi\u0107 and Zdravko \u017didovec.<\/p>\n\n\n\n<p>The Order of the Croatian Trefoil, for outstanding service to the Republic of Croatia during the war, was awarded to Tomislav Buterin, Tihomir Gor\u0161e, Marijan Kirin, Ivan Na\u0111, Joso Neki\u0107, \u0110uro Matovina, Zvonko Obrovac, \u0110uro Rukavina, \u017deljko Sugneti\u0107, Zvonimir Vnu\u010dec and Ivan \u017ditnjak.<\/p>\n\n\n\n<p>The Order of the Croatian Interlace, for exceptional contributions to the development and reputation of the Republic of Croatia and the well-being of its citizens, was awarded to Dako Buli\u0107 \u2013 posthumously, Ivan Marinko \u010cajsa, Neboj\u0161a \u0106ukovi\u0107, Ivan Dasovi\u0107, Darko Dundovi\u0107, \u017deljko Ga\u0161parovi\u0107, Perica Juri\u010d, Bo\u017eo Guvo, Robert Kralj \u2013 posthumously, Zvonimir Kraja\u010di\u0107, Ivan Lisac, \u0110uro Lubura, Zdenko Lugonji\u0107, Zdravko Novak, Silvano Mari\u0107, Slavko Mari\u0107, Ivan Mr\u0111en, Drago Petrovi\u0107 \u2013 posthumously, Edo Prodan \u2013 posthumously, Miroslav Pu\u017e, Zvonko Romanovi\u0107 \u2013 posthumously, Tomislav Stani\u0107, Mijo \u0160por\u010di\u0107, Ivan \u0160tajduhar, \u0110eno \u0160timac, Marinko Tro\u0161elj and Sini\u0161a \u017darkovi\u0107.<\/p>\n\n\n\n<p>The Homeland War Memorial Medal, for participation in the Homeland War, was awarded to Petar Fatori\u0107 \u2013 posthumously, Branko Kijurko and Ljubica Kova\u010devi\u0107 \u0106orkovi\u0107.<\/p>\n\n\n\n<p>For outstanding service in the Homeland War, the President of the Republic awarded \u017deljko Sa\u010di\u0107 and Slavko Butorac the honorary rank of Brigadier General.<\/p>\n\n\n\n<p>President Milanovi\u0107 also decorated active police officers of the Ministry of the Interior as well as seven police stations. The Order of Duke Domagoj with Ribbon, for demonstrated courage and heroism in the Homeland War, was awarded to Denis Herceg and Stjepan Milkovi\u0107. The Order of Nikola \u0160ubi\u0107 Zrinski, for a heroic act in the Homeland War, was awarded to Veljko \u0160triga.<\/p>\n\n\n\n<p>In addition, the Order of Nikola \u0160ubi\u0107 Zrinski, for the heroism shown by their members in the Homeland War, was awarded by the President of the Republic to the Dubrovnik Police Station, the \u0110akovo Police Station, the Hrvatska Kostajnica Border Police Station, the Nova Gradi\u0161ka Police Station, the Slatina Police Station, the Slunj Police Station and the Valpovo Police Station.<\/p>\n\n\n\n<p>The Order of the Croatian Trefoil, for special services performed for the Republic of Croatia during the war, in direct war danger, and in exceptional circumstances in peace, was awarded to Dragan Zovko, and the Order of the Croatian Interlace, for exceptional contributions to the development and reputation of the Republic of Croatia and the well-being of its citizens, was awarded to Ivica Porubi\u0107.<\/p>\n\n\n\n<p>On the occasion of Police Day, the President of the Republic, on the basis of his constitutional and legal authority, issued Decisions on the award of decorations, by which, for participation in the Homeland War, the Homeland War Memorial Medal was awarded to 48 police officers of the Ministry of the Interior, and for honourable and exemplary service, the Homeland Gratitude Memorial Medal was awarded to 151 police officers of the Ministry of the Interior of the Republic of Croatia.<\/p>\n\n\n\n<p>In addition to President Milanovi\u0107, Police Day was also marked with congratulations from the Deputy Prime Minister and Minister of the Interior of the Republic of Croatia, Davor Bo\u017einovi\u0107.<\/p>\n\n\n\n<p>\u201cToday we mainly reflected on the past year, and we rewarded many police officers who showed exceptional courage this year. We presented data that can be very encouraging when we talk about the efficiency of the Croatian police. For the fifth year in a row, it has maintained an average crime-solving rate of more than 70 percent, which is among the highest in Europe and beyond. By many measures, we are doing a very good job. However, we are aware of the challenges we face, especially those of a new era, such as the impact of social networks. We gave this special emphasis today, because it is clear to us that we will have to deal appropriately with these risks to the safety of our citizens, our guests, and above all our children, when it comes to social networks, in the period ahead,\u201d said Minister Bo\u017einovi\u0107, concluding: \u201cWe are here on this occasion to thank all those who laid the foundations of the Croatian police, including the many veterans who came from its ranks.\u201d<\/p>\n\n\n\n<p>On behalf of the decorated officials of the Ministry of the Interior, former Minister of the Interior Ivan Jarnjak expressed his gratitude. \u201cThank you for this recognition! It means a great deal to us. It means a lot because in this way we still feel worthy of what we created in the Homeland War,\u201d said Mr. Jarnjak, recalling that 760 members of the Ministry of the Interior were killed in the Homeland War, and that 20 are still listed as missing. \u201cThat is a very large number! No police force in the world has fought a war. At the beginning of the war, the police were the only armed and organized force \u2014 unprepared, physically and mentally, for waging war. And that is why we suffered more casualties at the very beginning,\u201d said the wartime Minister of the Interior.<\/p>\n\n\n\n<p>\u201cI led the people I am proud of. I am proud of you as people, as police officers, as warriors, and today as retirees who were gladdened by this decoration. I urge all of you not to stop here. There are still many people who deserve it, who are not with us today, who have not received decorations but earned them through their work, and who should receive them,\u201d concluded Mr. Jarnjak.<\/p>\n\n\n\n<p>In addition to Deputy Prime Minister and Minister of the Interior Davor Bo\u017einovi\u0107, the ceremony marking Police Day and the awarding of decorations at the Office of the President of the Republic was attended by the envoy of the Speaker of the Croatian Parliament, MP Ante Deur; the envoy of the Deputy Prime Minister and Minister of Croatian Veterans, State Secretary at the Ministry of Croatian Veterans Zlatan Ba\u0161i\u0107; Deputy Director of the Security and Intelligence Agency Hrvoje Omr\u010danin; Head of the Office of the National Security Council Valentino Franji\u0107; Chief Fire Commander Slavko Tucakovi\u0107; Chief of the General Staff of the Croatian Armed Forces Lieutenant General Tihomir Kundid; Commander of the Croatian Army Major General Bla\u017e Beretin; Commander of the Dr. Franjo Tu\u0111man Croatian Defense Academy Major General Slaven Zdilar; Commander of the Operations Command Brigadier General \u017deljko Ljubas; Vicar General and envoy of the Military Bishop Mons. Ilija Jakovljevi\u0107; officials of the Ministry of the Interior; former Ministers of the Interior; Director General of the Police Nikola Milina, together with members of the Collegium of the Director General of the Police and heads of police departments; former Directors General of the Police; Croatian veterans and representatives of associations stemming from the Homeland War; as well as the organizers and winners of the \u201cShield of the Homeland 2025\u201d competition for the fittest police officers.<\/p>\n\n\n<!--GALLERY BLOCK-->\n<div class=\"c-lightbox-gallery js-lightbox\">\n                <!--single-->\n            <a data-no-swup class=\"c-lightbox-gallery__single js-lightbox-single\"\n               href=\"https:\/\/www.predsjednik.hr\/wp-content\/uploads\/2025\/09\/1-1-Copy-Copy-1024x576.jpg\"\n               style=\"background-image: url('https:\/\/www.predsjednik.hr\/wp-content\/uploads\/2025\/09\/1-1-Copy-Copy-768x432.jpg')\"><\/a>\n            <!--end single-->\n                    <!--single-->\n            <a data-no-swup class=\"c-lightbox-gallery__single js-lightbox-single\"\n               href=\"https:\/\/www.predsjednik.hr\/wp-content\/uploads\/2025\/09\/2-1-Copy-Copy-1024x576.jpg\"\n               style=\"background-image: url('https:\/\/www.predsjednik.hr\/wp-content\/uploads\/2025\/09\/2-1-Copy-Copy-768x432.jpg')\"><\/a>\n            <!--end single-->\n                    <!--single-->\n            <a data-no-swup class=\"c-lightbox-gallery__single js-lightbox-single\"\n               href=\"https:\/\/www.predsjednik.hr\/wp-content\/uploads\/2025\/09\/3-1-Copy-Copy-1024x576.jpg\"\n               style=\"background-image: url('https:\/\/www.predsjednik.hr\/wp-content\/uploads\/2025\/09\/3-1-Copy-Copy-768x432.jpg')\"><\/a>\n            <!--end single-->\n                    <!--single-->\n            <a data-no-swup class=\"c-lightbox-gallery__single js-lightbox-single\"\n               href=\"https:\/\/www.predsjednik.hr\/wp-content\/uploads\/2025\/09\/4-1-Copy-Copy-1024x576.jpg\"\n               style=\"background-image: url('https:\/\/www.predsjednik.hr\/wp-content\/uploads\/2025\/09\/4-1-Copy-Copy-768x432.jpg')\"><\/a>\n            <!--end single-->\n                    <!--single-->\n            <a data-no-swup class=\"c-lightbox-gallery__single js-lightbox-single\"\n               href=\"https:\/\/www.predsjednik.hr\/wp-content\/uploads\/2025\/09\/5-1-Copy-Copy-1024x576.jpg\"\n               style=\"background-image: url('https:\/\/www.predsjednik.hr\/wp-content\/uploads\/2025\/09\/5-1-Copy-Copy-768x432.jpg')\"><\/a>\n            <!--end single-->\n                    <!--single-->\n            <a data-no-swup class=\"c-lightbox-gallery__single js-lightbox-single\"\n               href=\"https:\/\/www.predsjednik.hr\/wp-content\/uploads\/2025\/09\/6-1-Copy-Copy-1024x576.jpg\"\n               style=\"background-image: url('https:\/\/www.predsjednik.hr\/wp-content\/uploads\/2025\/09\/6-1-Copy-Copy-768x432.jpg')\"><\/a>\n            <!--end single-->\n                    <!--single-->\n            <a data-no-swup class=\"c-lightbox-gallery__single js-lightbox-single\"\n               href=\"https:\/\/www.predsjednik.hr\/wp-content\/uploads\/2025\/09\/7-1-Copy-Copy-1024x576.jpg\"\n               style=\"background-image: url('https:\/\/www.predsjednik.hr\/wp-content\/uploads\/2025\/09\/7-1-Copy-Copy-768x432.jpg')\"><\/a>\n            <!--end single-->\n                    <!--single-->\n            <a data-no-swup class=\"c-lightbox-gallery__single js-lightbox-single\"\n               href=\"https:\/\/www.predsjednik.hr\/wp-content\/uploads\/2025\/09\/8-1-Copy-Copy-1024x576.jpg\"\n               style=\"background-image: url('https:\/\/www.predsjednik.hr\/wp-content\/uploads\/2025\/09\/8-1-Copy-Copy-768x432.jpg')\"><\/a>\n            <!--end single-->\n                    <!--single-->\n            <a data-no-swup class=\"c-lightbox-gallery__single js-lightbox-single\"\n               href=\"https:\/\/www.predsjednik.hr\/wp-content\/uploads\/2025\/09\/9-2-Copy-Copy-1024x576.jpg\"\n               style=\"background-image: url('https:\/\/www.predsjednik.hr\/wp-content\/uploads\/2025\/09\/9-2-Copy-Copy-768x432.jpg')\"><\/a>\n            <!--end single-->\n                    <!--single-->\n            <a data-no-swup class=\"c-lightbox-gallery__single js-lightbox-single\"\n               href=\"https:\/\/www.predsjednik.hr\/wp-content\/uploads\/2025\/09\/10-1-Copy-Copy-1024x576.jpg\"\n               style=\"background-image: url('https:\/\/www.predsjednik.hr\/wp-content\/uploads\/2025\/09\/10-1-Copy-Copy-768x432.jpg')\"><\/a>\n            <!--end single-->\n                    <!--single-->\n            <a data-no-swup class=\"c-lightbox-gallery__single js-lightbox-single\"\n               href=\"https:\/\/www.predsjednik.hr\/wp-content\/uploads\/2025\/09\/11-1-Copy-Copy-1024x576.jpg\"\n               style=\"background-image: url('https:\/\/www.predsjednik.hr\/wp-content\/uploads\/2025\/09\/11-1-Copy-Copy-768x432.jpg')\"><\/a>\n            <!--end single-->\n                    <!--single-->\n            <a data-no-swup class=\"c-lightbox-gallery__single js-lightbox-single\"\n               href=\"https:\/\/www.predsjednik.hr\/wp-content\/uploads\/2025\/09\/12-1-Copy-Copy-1024x576.jpg\"\n               style=\"background-image: url('https:\/\/www.predsjednik.hr\/wp-content\/uploads\/2025\/09\/12-1-Copy-Copy-768x432.jpg')\"><\/a>\n            <!--end single-->\n                    <!--single-->\n            <a data-no-swup class=\"c-lightbox-gallery__single js-lightbox-single\"\n               href=\"https:\/\/www.predsjednik.hr\/wp-content\/uploads\/2025\/09\/13-1-Copy-Copy-1024x576.jpg\"\n               style=\"background-image: url('https:\/\/www.predsjednik.hr\/wp-content\/uploads\/2025\/09\/13-1-Copy-Copy-768x432.jpg')\"><\/a>\n            <!--end single-->\n                    <!--single-->\n            <a data-no-swup class=\"c-lightbox-gallery__single js-lightbox-single\"\n               href=\"https:\/\/www.predsjednik.hr\/wp-content\/uploads\/2025\/09\/14-1-Copy-Copy-1024x576.jpg\"\n               style=\"background-image: url('https:\/\/www.predsjednik.hr\/wp-content\/uploads\/2025\/09\/14-1-Copy-Copy-768x432.jpg')\"><\/a>\n            <!--end single-->\n                    <!--single-->\n            <a data-no-swup class=\"c-lightbox-gallery__single js-lightbox-single\"\n               href=\"https:\/\/www.predsjednik.hr\/wp-content\/uploads\/2025\/09\/15-1-Copy-Copy-1024x576.jpg\"\n               style=\"background-image: url('https:\/\/www.predsjednik.hr\/wp-content\/uploads\/2025\/09\/15-1-Copy-Copy-768x432.jpg')\"><\/a>\n            <!--end single-->\n                    <!--single-->\n            <a data-no-swup class=\"c-lightbox-gallery__single js-lightbox-single\"\n               href=\"https:\/\/www.predsjednik.hr\/wp-content\/uploads\/2025\/09\/16-1-Copy-Copy-1024x576.jpg\"\n               style=\"background-image: url('https:\/\/www.predsjednik.hr\/wp-content\/uploads\/2025\/09\/16-1-Copy-Copy-768x432.jpg')\"><\/a>\n            <!--end single-->\n                    <!--single-->\n            <a data-no-swup class=\"c-lightbox-gallery__single js-lightbox-single\"\n               href=\"https:\/\/www.predsjednik.hr\/wp-content\/uploads\/2025\/09\/17-2-Copy-Copy-1024x576.jpg\"\n               style=\"background-image: url('https:\/\/www.predsjednik.hr\/wp-content\/uploads\/2025\/09\/17-2-Copy-Copy-768x432.jpg')\"><\/a>\n            <!--end single-->\n                    <!--single-->\n            <a data-no-swup class=\"c-lightbox-gallery__single js-lightbox-single\"\n               href=\"https:\/\/www.predsjednik.hr\/wp-content\/uploads\/2025\/09\/18-2-Copy-Copy-1024x576.jpg\"\n               style=\"background-image: url('https:\/\/www.predsjednik.hr\/wp-content\/uploads\/2025\/09\/18-2-Copy-Copy-768x432.jpg')\"><\/a>\n            <!--end single-->\n                    <!--single-->\n            <a data-no-swup class=\"c-lightbox-gallery__single js-lightbox-single\"\n               href=\"https:\/\/www.predsjednik.hr\/wp-content\/uploads\/2025\/09\/18-3-Copy-1024x576.jpg\"\n               style=\"background-image: url('https:\/\/www.predsjednik.hr\/wp-content\/uploads\/2025\/09\/18-3-Copy-768x432.jpg')\"><\/a>\n            <!--end single-->\n                    <!--single-->\n            <a data-no-swup class=\"c-lightbox-gallery__single js-lightbox-single\"\n               href=\"https:\/\/www.predsjednik.hr\/wp-content\/uploads\/2025\/09\/19-3-Copy-1024x576.jpg\"\n               style=\"background-image: url('https:\/\/www.predsjednik.hr\/wp-content\/uploads\/2025\/09\/19-3-Copy-768x432.jpg')\"><\/a>\n            <!--end single-->\n                    <!--single-->\n            <a data-no-swup class=\"c-lightbox-gallery__single js-lightbox-single\"\n               href=\"https:\/\/www.predsjednik.hr\/wp-content\/uploads\/2025\/09\/20-2-Copy-1024x576.jpg\"\n               style=\"background-image: url('https:\/\/www.predsjednik.hr\/wp-content\/uploads\/2025\/09\/20-2-Copy-768x432.jpg')\"><\/a>\n            <!--end single-->\n                    <!--single-->\n            <a data-no-swup class=\"c-lightbox-gallery__single js-lightbox-single\"\n               href=\"https:\/\/www.predsjednik.hr\/wp-content\/uploads\/2025\/09\/21-1-Copy-1024x576.jpg\"\n               style=\"background-image: url('https:\/\/www.predsjednik.hr\/wp-content\/uploads\/2025\/09\/21-1-Copy-768x432.jpg')\"><\/a>\n            <!--end single-->\n                    <!--single-->\n            <a data-no-swup class=\"c-lightbox-gallery__single js-lightbox-single\"\n               href=\"https:\/\/www.predsjednik.hr\/wp-content\/uploads\/2025\/09\/22-1-Copy-1024x576.jpg\"\n               style=\"background-image: url('https:\/\/www.predsjednik.hr\/wp-content\/uploads\/2025\/09\/22-1-Copy-768x432.jpg')\"><\/a>\n            <!--end single-->\n                    <!--single-->\n            <a data-no-swup class=\"c-lightbox-gallery__single js-lightbox-single\"\n               href=\"https:\/\/www.predsjednik.hr\/wp-content\/uploads\/2025\/09\/23-1-Copy-1024x576.jpg\"\n               style=\"background-image: url('https:\/\/www.predsjednik.hr\/wp-content\/uploads\/2025\/09\/23-1-Copy-768x432.jpg')\"><\/a>\n            <!--end single-->\n                    <!--single-->\n            <a data-no-swup class=\"c-lightbox-gallery__single js-lightbox-single\"\n               href=\"https:\/\/www.predsjednik.hr\/wp-content\/uploads\/2025\/09\/24-1-Copy-1024x576.jpg\"\n               style=\"background-image: url('https:\/\/www.predsjednik.hr\/wp-content\/uploads\/2025\/09\/24-1-Copy-768x432.jpg')\"><\/a>\n            <!--end single-->\n                    <!--single-->\n            <a data-no-swup class=\"c-lightbox-gallery__single js-lightbox-single\"\n               href=\"https:\/\/www.predsjednik.hr\/wp-content\/uploads\/2025\/09\/25-1-Copy-1024x576.jpg\"\n               style=\"background-image: url('https:\/\/www.predsjednik.hr\/wp-content\/uploads\/2025\/09\/25-1-Copy-768x432.jpg')\"><\/a>\n            <!--end single-->\n                    <!--single-->\n            <a data-no-swup class=\"c-lightbox-gallery__single js-lightbox-single\"\n               href=\"https:\/\/www.predsjednik.hr\/wp-content\/uploads\/2025\/09\/26-1-Copy-1024x576.jpg\"\n               style=\"background-image: url('https:\/\/www.predsjednik.hr\/wp-content\/uploads\/2025\/09\/26-1-Copy-768x432.jpg')\"><\/a>\n            <!--end single-->\n                    <!--single-->\n            <a data-no-swup class=\"c-lightbox-gallery__single js-lightbox-single\"\n               href=\"https:\/\/www.predsjednik.hr\/wp-content\/uploads\/2025\/09\/27-1-Copy-1024x576.jpg\"\n               style=\"background-image: url('https:\/\/www.predsjednik.hr\/wp-content\/uploads\/2025\/09\/27-1-Copy-768x432.jpg')\"><\/a>\n            <!--end single-->\n                    <!--single-->\n            <a data-no-swup class=\"c-lightbox-gallery__single js-lightbox-single\"\n               href=\"https:\/\/www.predsjednik.hr\/wp-content\/uploads\/2025\/09\/28-1-Copy-1024x576.jpg\"\n               style=\"background-image: url('https:\/\/www.predsjednik.hr\/wp-content\/uploads\/2025\/09\/28-1-Copy-768x432.jpg')\"><\/a>\n            <!--end single-->\n                    <!--single-->\n            <a data-no-swup class=\"c-lightbox-gallery__single js-lightbox-single\"\n               href=\"https:\/\/www.predsjednik.hr\/wp-content\/uploads\/2025\/09\/29-1-Copy-1024x576.jpg\"\n               style=\"background-image: url('https:\/\/www.predsjednik.hr\/wp-content\/uploads\/2025\/09\/29-1-Copy-768x432.jpg')\"><\/a>\n            <!--end single-->\n                    <!--single-->\n            <a data-no-swup class=\"c-lightbox-gallery__single js-lightbox-single\"\n               href=\"https:\/\/www.predsjednik.hr\/wp-content\/uploads\/2025\/09\/30-1-Copy-1024x576.jpg\"\n               style=\"background-image: url('https:\/\/www.predsjednik.hr\/wp-content\/uploads\/2025\/09\/30-1-Copy-768x432.jpg')\"><\/a>\n            <!--end single-->\n                    <!--single-->\n            <a data-no-swup class=\"c-lightbox-gallery__single js-lightbox-single\"\n               href=\"https:\/\/www.predsjednik.hr\/wp-content\/uploads\/2025\/09\/31-1-Copy-1024x576.jpg\"\n               style=\"background-image: url('https:\/\/www.predsjednik.hr\/wp-content\/uploads\/2025\/09\/31-1-Copy-768x432.jpg')\"><\/a>\n            <!--end single-->\n                    <!--single-->\n            <a data-no-swup class=\"c-lightbox-gallery__single js-lightbox-single\"\n               href=\"https:\/\/www.predsjednik.hr\/wp-content\/uploads\/2025\/09\/32-1-Copy-1024x576.jpg\"\n               style=\"background-image: url('https:\/\/www.predsjednik.hr\/wp-content\/uploads\/2025\/09\/32-1-Copy-768x432.jpg')\"><\/a>\n            <!--end single-->\n                    <!--single-->\n            <a data-no-swup class=\"c-lightbox-gallery__single js-lightbox-single\"\n               href=\"https:\/\/www.predsjednik.hr\/wp-content\/uploads\/2025\/09\/33-1-Copy-1024x576.jpg\"\n               style=\"background-image: url('https:\/\/www.predsjednik.hr\/wp-content\/uploads\/2025\/09\/33-1-Copy-768x432.jpg')\"><\/a>\n            <!--end single-->\n                    <!--single-->\n            <a data-no-swup class=\"c-lightbox-gallery__single js-lightbox-single\"\n               href=\"https:\/\/www.predsjednik.hr\/wp-content\/uploads\/2025\/09\/34-1-Copy-1024x576.jpg\"\n               style=\"background-image: url('https:\/\/www.predsjednik.hr\/wp-content\/uploads\/2025\/09\/34-1-Copy-768x432.jpg')\"><\/a>\n            <!--end single-->\n                    <!--single-->\n            <a data-no-swup class=\"c-lightbox-gallery__single js-lightbox-single\"\n               href=\"https:\/\/www.predsjednik.hr\/wp-content\/uploads\/2025\/09\/35-1-Copy-1024x576.jpg\"\n               style=\"background-image: url('https:\/\/www.predsjednik.hr\/wp-content\/uploads\/2025\/09\/35-1-Copy-768x432.jpg')\"><\/a>\n            <!--end single-->\n                    <!--single-->\n            <a data-no-swup class=\"c-lightbox-gallery__single js-lightbox-single\"\n               href=\"https:\/\/www.predsjednik.hr\/wp-content\/uploads\/2025\/09\/36-1-Copy-1024x576.jpg\"\n               style=\"background-image: url('https:\/\/www.predsjednik.hr\/wp-content\/uploads\/2025\/09\/36-1-Copy-768x432.jpg')\"><\/a>\n            <!--end single-->\n                    <!--single-->\n            <a data-no-swup class=\"c-lightbox-gallery__single js-lightbox-single\"\n               href=\"https:\/\/www.predsjednik.hr\/wp-content\/uploads\/2025\/09\/37-1-Copy-1024x576.jpg\"\n               style=\"background-image: url('https:\/\/www.predsjednik.hr\/wp-content\/uploads\/2025\/09\/37-1-Copy-768x432.jpg')\"><\/a>\n            <!--end single-->\n                    <!--single-->\n            <a data-no-swup class=\"c-lightbox-gallery__single js-lightbox-single\"\n               href=\"https:\/\/www.predsjednik.hr\/wp-content\/uploads\/2025\/09\/38-1-Copy-1024x576.jpg\"\n               style=\"background-image: url('https:\/\/www.predsjednik.hr\/wp-content\/uploads\/2025\/09\/38-1-Copy-768x432.jpg')\"><\/a>\n            <!--end single-->\n                    <!--single-->\n            <a data-no-swup class=\"c-lightbox-gallery__single js-lightbox-single\"\n               href=\"https:\/\/www.predsjednik.hr\/wp-content\/uploads\/2025\/09\/39-1-Copy-1024x576.jpg\"\n               style=\"background-image: url('https:\/\/www.predsjednik.hr\/wp-content\/uploads\/2025\/09\/39-1-Copy-768x432.jpg')\"><\/a>\n            <!--end single-->\n                    <!--single-->\n            <a data-no-swup class=\"c-lightbox-gallery__single js-lightbox-single\"\n               href=\"https:\/\/www.predsjednik.hr\/wp-content\/uploads\/2025\/09\/40-1-Copy-1024x576.jpg\"\n               style=\"background-image: url('https:\/\/www.predsjednik.hr\/wp-content\/uploads\/2025\/09\/40-1-Copy-768x432.jpg')\"><\/a>\n            <!--end single-->\n                    <!--single-->\n            <a data-no-swup class=\"c-lightbox-gallery__single js-lightbox-single\"\n               href=\"https:\/\/www.predsjednik.hr\/wp-content\/uploads\/2025\/09\/41-1-Copy-1024x576.jpg\"\n               style=\"background-image: url('https:\/\/www.predsjednik.hr\/wp-content\/uploads\/2025\/09\/41-1-Copy-768x432.jpg')\"><\/a>\n            <!--end single-->\n                    <!--single-->\n            <a data-no-swup class=\"c-lightbox-gallery__single js-lightbox-single\"\n               href=\"https:\/\/www.predsjednik.hr\/wp-content\/uploads\/2025\/09\/42-1-Copy-1024x576.jpg\"\n               style=\"background-image: url('https:\/\/www.predsjednik.hr\/wp-content\/uploads\/2025\/09\/42-1-Copy-768x432.jpg')\"><\/a>\n            <!--end single-->\n                    <!--single-->\n            <a data-no-swup class=\"c-lightbox-gallery__single js-lightbox-single\"\n               href=\"https:\/\/www.predsjednik.hr\/wp-content\/uploads\/2025\/09\/43-1-Copy-1024x576.jpg\"\n               style=\"background-image: url('https:\/\/www.predsjednik.hr\/wp-content\/uploads\/2025\/09\/43-1-Copy-768x432.jpg')\"><\/a>\n            <!--end single-->\n                    <!--single-->\n            <a data-no-swup class=\"c-lightbox-gallery__single js-lightbox-single\"\n               href=\"https:\/\/www.predsjednik.hr\/wp-content\/uploads\/2025\/09\/44-1-Copy-1024x576.jpg\"\n               style=\"background-image: url('https:\/\/www.predsjednik.hr\/wp-content\/uploads\/2025\/09\/44-1-Copy-768x432.jpg')\"><\/a>\n            <!--end single-->\n                    <!--single-->\n            <a data-no-swup class=\"c-lightbox-gallery__single js-lightbox-single\"\n               href=\"https:\/\/www.predsjednik.hr\/wp-content\/uploads\/2025\/09\/45-1-Copy-1024x576.jpg\"\n               style=\"background-image: url('https:\/\/www.predsjednik.hr\/wp-content\/uploads\/2025\/09\/45-1-Copy-768x432.jpg')\"><\/a>\n            <!--end single-->\n                    <!--single-->\n            <a data-no-swup class=\"c-lightbox-gallery__single js-lightbox-single\"\n               href=\"https:\/\/www.predsjednik.hr\/wp-content\/uploads\/2025\/09\/46-1-Copy-1024x576.jpg\"\n               style=\"background-image: url('https:\/\/www.predsjednik.hr\/wp-content\/uploads\/2025\/09\/46-1-Copy-768x432.jpg')\"><\/a>\n            <!--end single-->\n                    <!--single-->\n            <a data-no-swup class=\"c-lightbox-gallery__single js-lightbox-single\"\n               href=\"https:\/\/www.predsjednik.hr\/wp-content\/uploads\/2025\/09\/47-Copy-1024x576.jpg\"\n               style=\"background-image: url('https:\/\/www.predsjednik.hr\/wp-content\/uploads\/2025\/09\/47-Copy-768x432.jpg')\"><\/a>\n            <!--end single-->\n                    <!--single-->\n            <a data-no-swup class=\"c-lightbox-gallery__single js-lightbox-single\"\n               href=\"https:\/\/www.predsjednik.hr\/wp-content\/uploads\/2025\/09\/48-Copy-1024x576.jpg\"\n               style=\"background-image: url('https:\/\/www.predsjednik.hr\/wp-content\/uploads\/2025\/09\/48-Copy-768x432.jpg')\"><\/a>\n            <!--end single-->\n                    <!--single-->\n            <a data-no-swup class=\"c-lightbox-gallery__single js-lightbox-single\"\n               href=\"https:\/\/www.predsjednik.hr\/wp-content\/uploads\/2025\/09\/49-Copy-1024x576.jpg\"\n               style=\"background-image: url('https:\/\/www.predsjednik.hr\/wp-content\/uploads\/2025\/09\/49-Copy-768x432.jpg')\"><\/a>\n            <!--end single-->\n                    <!--single-->\n            <a data-no-swup class=\"c-lightbox-gallery__single js-lightbox-single\"\n               href=\"https:\/\/www.predsjednik.hr\/wp-content\/uploads\/2025\/09\/50-Copy-1024x731.jpg\"\n               style=\"background-image: url('https:\/\/www.predsjednik.hr\/wp-content\/uploads\/2025\/09\/50-Copy-768x549.jpg')\"><\/a>\n            <!--end single-->\n                    <!--single-->\n            <a data-no-swup class=\"c-lightbox-gallery__single js-lightbox-single\"\n               href=\"https:\/\/www.predsjednik.hr\/wp-content\/uploads\/2025\/09\/51-1024x731.jpg\"\n               style=\"background-image: url('https:\/\/www.predsjednik.hr\/wp-content\/uploads\/2025\/09\/51-768x549.jpg')\"><\/a>\n            <!--end single-->\n                    <!--single-->\n            <a data-no-swup class=\"c-lightbox-gallery__single js-lightbox-single\"\n               href=\"https:\/\/www.predsjednik.hr\/wp-content\/uploads\/2025\/09\/52-1024x731.jpg\"\n               style=\"background-image: url('https:\/\/www.predsjednik.hr\/wp-content\/uploads\/2025\/09\/52-768x549.jpg')\"><\/a>\n            <!--end single-->\n        <\/div>\n<!--end GALLERY BLOCK-->\n\n\n\n<p>PHOTO: Office of the President of the Republic of Croatia \/ Tomislav Bu\u0161ljeta, Anamarija Kati\u0107<\/p>\n","protected":false},"excerpt":{"rendered":"<p>On the occasion of Police Day, marked today, President Zoran Milanovi\u0107 presented retired and active members of the Ministry of the Interior (MUP) with decorations and honorary ranks. Among the recipients were former Minister of the Interior Ivan Jarnjak, former commander of the MUP Special Forces Mladen Marka\u010d, and the late commander of the Osijek police Josip Reihl-Kir, who was decorated posthumously.<\/p>\n","protected":false},"featured_media":39923,"template":"","news-cat":[12],"class_list":["post-40000","news","type-news","status-publish","has-post-thumbnail","hentry","news-cat-news"],"acf":[],"yoast_head":"<!-- This site is optimized with the Yoast SEO plugin v27.5 - https:\/\/yoast.com\/product\/yoast-seo-wordpress\/ -->\n<title>President Milanovi\u0107 Decorates Retired and Active Interior Ministry Members and Tells Them: In important matters, we must be firm, self-interested, and not think about what third parties say - President of the Republic of Croatia - Zoran Milanovi\u0107<\/title>\n<meta name=\"robots\" content=\"index, follow, max-snippet:-1, max-image-preview:large, max-video-preview:-1\" \/>\n<link rel=\"canonical\" href=\"https:\/\/www.predsjednik.hr\/en\/news\/president-milanovic-decorates-retired-and-active-interior-ministry-members-and-tells-them-in-important-matters-we-must-be-firm-self-interested-and-not-think-about-what-third-parties-say\/\" \/>\n<meta property=\"og:locale\" content=\"en_US\" \/>\n<meta property=\"og:type\" content=\"article\" \/>\n<meta property=\"og:title\" content=\"President Milanovi\u0107 Decorates Retired and Active Interior Ministry Members and Tells Them: In important matters, we must be firm, self-interested, and not think about what third parties say - President of the Republic of Croatia - Zoran Milanovi\u0107\" \/>\n<meta property=\"og:description\" content=\"On the occasion of Police Day, marked today, President Zoran Milanovi\u0107 presented retired and active members of the Ministry of the Interior (MUP) with decorations and honorary ranks. Among the recipients were former Minister of the Interior Ivan Jarnjak, former commander of the MUP Special Forces Mladen Marka\u010d, and the late commander of the Osijek police Josip Reihl-Kir, who was decorated posthumously.\" \/>\n<meta property=\"og:url\" content=\"https:\/\/www.predsjednik.hr\/en\/news\/president-milanovic-decorates-retired-and-active-interior-ministry-members-and-tells-them-in-important-matters-we-must-be-firm-self-interested-and-not-think-about-what-third-parties-say\/\" \/>\n<meta property=\"og:site_name\" content=\"President of the Republic of Croatia - Zoran Milanovi\u0107\" \/>\n<meta property=\"article:modified_time\" content=\"2025-09-30T09:24:33+00:00\" \/>\n<meta property=\"og:image\" content=\"https:\/\/www.predsjednik.hr\/wp-content\/uploads\/2025\/09\/15-1-Copy-Copy.jpg\" \/>\n\t<meta property=\"og:image:width\" content=\"4336\" \/>\n\t<meta property=\"og:image:height\" content=\"2439\" \/>\n\t<meta property=\"og:image:type\" content=\"image\/jpeg\" \/>\n<meta name=\"twitter:card\" content=\"summary_large_image\" \/>\n<meta name=\"twitter:label1\" content=\"Est. reading time\" \/>\n\t<meta name=\"twitter:data1\" content=\"9 minutes\" \/>\n<script type=\"application\/ld+json\" class=\"yoast-schema-graph\">{\"@context\":\"https:\\\/\\\/schema.org\",\"@graph\":[{\"@type\":\"WebPage\",\"@id\":\"https:\\\/\\\/www.predsjednik.hr\\\/en\\\/news\\\/president-milanovic-decorates-retired-and-active-interior-ministry-members-and-tells-them-in-important-matters-we-must-be-firm-self-interested-and-not-think-about-what-third-parties-say\\\/\",\"url\":\"https:\\\/\\\/www.predsjednik.hr\\\/en\\\/news\\\/president-milanovic-decorates-retired-and-active-interior-ministry-members-and-tells-them-in-important-matters-we-must-be-firm-self-interested-and-not-think-about-what-third-parties-say\\\/\",\"name\":\"President Milanovi\u0107 Decorates Retired and Active Interior Ministry Members and Tells Them: In important matters, we must be firm, self-interested, and not think about what third parties say - President of the Republic of Croatia - Zoran Milanovi\u0107\",\"isPartOf\":{\"@id\":\"https:\\\/\\\/www.predsjednik.hr\\\/en\\\/#website\"},\"primaryImageOfPage\":{\"@id\":\"https:\\\/\\\/www.predsjednik.hr\\\/en\\\/news\\\/president-milanovic-decorates-retired-and-active-interior-ministry-members-and-tells-them-in-important-matters-we-must-be-firm-self-interested-and-not-think-about-what-third-parties-say\\\/#primaryimage\"},\"image\":{\"@id\":\"https:\\\/\\\/www.predsjednik.hr\\\/en\\\/news\\\/president-milanovic-decorates-retired-and-active-interior-ministry-members-and-tells-them-in-important-matters-we-must-be-firm-self-interested-and-not-think-about-what-third-parties-say\\\/#primaryimage\"},\"thumbnailUrl\":\"https:\\\/\\\/www.predsjednik.hr\\\/wp-content\\\/uploads\\\/2025\\\/09\\\/15-1-Copy-Copy.jpg\",\"datePublished\":\"2025-09-29T18:21:00+00:00\",\"dateModified\":\"2025-09-30T09:24:33+00:00\",\"breadcrumb\":{\"@id\":\"https:\\\/\\\/www.predsjednik.hr\\\/en\\\/news\\\/president-milanovic-decorates-retired-and-active-interior-ministry-members-and-tells-them-in-important-matters-we-must-be-firm-self-interested-and-not-think-about-what-third-parties-say\\\/#breadcrumb\"},\"inLanguage\":\"en-US\",\"potentialAction\":[{\"@type\":\"ReadAction\",\"target\":[\"https:\\\/\\\/www.predsjednik.hr\\\/en\\\/news\\\/president-milanovic-decorates-retired-and-active-interior-ministry-members-and-tells-them-in-important-matters-we-must-be-firm-self-interested-and-not-think-about-what-third-parties-say\\\/\"]}]},{\"@type\":\"ImageObject\",\"inLanguage\":\"en-US\",\"@id\":\"https:\\\/\\\/www.predsjednik.hr\\\/en\\\/news\\\/president-milanovic-decorates-retired-and-active-interior-ministry-members-and-tells-them-in-important-matters-we-must-be-firm-self-interested-and-not-think-about-what-third-parties-say\\\/#primaryimage\",\"url\":\"https:\\\/\\\/www.predsjednik.hr\\\/wp-content\\\/uploads\\\/2025\\\/09\\\/15-1-Copy-Copy.jpg\",\"contentUrl\":\"https:\\\/\\\/www.predsjednik.hr\\\/wp-content\\\/uploads\\\/2025\\\/09\\\/15-1-Copy-Copy.jpg\",\"width\":4336,\"height\":2439},{\"@type\":\"BreadcrumbList\",\"@id\":\"https:\\\/\\\/www.predsjednik.hr\\\/en\\\/news\\\/president-milanovic-decorates-retired-and-active-interior-ministry-members-and-tells-them-in-important-matters-we-must-be-firm-self-interested-and-not-think-about-what-third-parties-say\\\/#breadcrumb\",\"itemListElement\":[{\"@type\":\"ListItem\",\"position\":1,\"name\":\"Home\",\"item\":\"https:\\\/\\\/www.predsjednik.hr\\\/en\\\/\"},{\"@type\":\"ListItem\",\"position\":2,\"name\":\"Vijesti\",\"item\":\"https:\\\/\\\/www.predsjednik.hr\\\/en\\\/news\\\/\"},{\"@type\":\"ListItem\",\"position\":3,\"name\":\"President Milanovi\u0107 Decorates Retired and Active Interior Ministry Members and Tells Them: In important matters, we must be firm, self-interested, and not think about what third parties say\"}]},{\"@type\":\"WebSite\",\"@id\":\"https:\\\/\\\/www.predsjednik.hr\\\/en\\\/#website\",\"url\":\"https:\\\/\\\/www.predsjednik.hr\\\/en\\\/\",\"name\":\"President of the Republic of Croatia - Zoran Milanovi\u0107\",\"description\":\"Just another WordPress site\",\"potentialAction\":[{\"@type\":\"SearchAction\",\"target\":{\"@type\":\"EntryPoint\",\"urlTemplate\":\"https:\\\/\\\/www.predsjednik.hr\\\/en\\\/?s={search_term_string}\"},\"query-input\":{\"@type\":\"PropertyValueSpecification\",\"valueRequired\":true,\"valueName\":\"search_term_string\"}}],\"inLanguage\":\"en-US\"}]}<\/script>\n<!-- \/ Yoast SEO plugin. -->","yoast_head_json":{"title":"President Milanovi\u0107 Decorates Retired and Active Interior Ministry Members and Tells Them: In important matters, we must be firm, self-interested, and not think about what third parties say - President of the Republic of Croatia - Zoran Milanovi\u0107","robots":{"index":"index","follow":"follow","max-snippet":"max-snippet:-1","max-image-preview":"max-image-preview:large","max-video-preview":"max-video-preview:-1"},"canonical":"https:\/\/www.predsjednik.hr\/en\/news\/president-milanovic-decorates-retired-and-active-interior-ministry-members-and-tells-them-in-important-matters-we-must-be-firm-self-interested-and-not-think-about-what-third-parties-say\/","og_locale":"en_US","og_type":"article","og_title":"President Milanovi\u0107 Decorates Retired and Active Interior Ministry Members and Tells Them: In important matters, we must be firm, self-interested, and not think about what third parties say - President of the Republic of Croatia - Zoran Milanovi\u0107","og_description":"On the occasion of Police Day, marked today, President Zoran Milanovi\u0107 presented retired and active members of the Ministry of the Interior (MUP) with decorations and honorary ranks. Among the recipients were former Minister of the Interior Ivan Jarnjak, former commander of the MUP Special Forces Mladen Marka\u010d, and the late commander of the Osijek police Josip Reihl-Kir, who was decorated posthumously.","og_url":"https:\/\/www.predsjednik.hr\/en\/news\/president-milanovic-decorates-retired-and-active-interior-ministry-members-and-tells-them-in-important-matters-we-must-be-firm-self-interested-and-not-think-about-what-third-parties-say\/","og_site_name":"President of the Republic of Croatia - Zoran Milanovi\u0107","article_modified_time":"2025-09-30T09:24:33+00:00","og_image":[{"width":4336,"height":2439,"url":"https:\/\/www.predsjednik.hr\/wp-content\/uploads\/2025\/09\/15-1-Copy-Copy.jpg","type":"image\/jpeg"}],"twitter_card":"summary_large_image","twitter_misc":{"Est. reading time":"9 minutes"},"schema":{"@context":"https:\/\/schema.org","@graph":[{"@type":"WebPage","@id":"https:\/\/www.predsjednik.hr\/en\/news\/president-milanovic-decorates-retired-and-active-interior-ministry-members-and-tells-them-in-important-matters-we-must-be-firm-self-interested-and-not-think-about-what-third-parties-say\/","url":"https:\/\/www.predsjednik.hr\/en\/news\/president-milanovic-decorates-retired-and-active-interior-ministry-members-and-tells-them-in-important-matters-we-must-be-firm-self-interested-and-not-think-about-what-third-parties-say\/","name":"President Milanovi\u0107 Decorates Retired and Active Interior Ministry Members and Tells Them: In important matters, we must be firm, self-interested, and not think about what third parties say - President of the Republic of Croatia - Zoran Milanovi\u0107","isPartOf":{"@id":"https:\/\/www.predsjednik.hr\/en\/#website"},"primaryImageOfPage":{"@id":"https:\/\/www.predsjednik.hr\/en\/news\/president-milanovic-decorates-retired-and-active-interior-ministry-members-and-tells-them-in-important-matters-we-must-be-firm-self-interested-and-not-think-about-what-third-parties-say\/#primaryimage"},"image":{"@id":"https:\/\/www.predsjednik.hr\/en\/news\/president-milanovic-decorates-retired-and-active-interior-ministry-members-and-tells-them-in-important-matters-we-must-be-firm-self-interested-and-not-think-about-what-third-parties-say\/#primaryimage"},"thumbnailUrl":"https:\/\/www.predsjednik.hr\/wp-content\/uploads\/2025\/09\/15-1-Copy-Copy.jpg","datePublished":"2025-09-29T18:21:00+00:00","dateModified":"2025-09-30T09:24:33+00:00","breadcrumb":{"@id":"https:\/\/www.predsjednik.hr\/en\/news\/president-milanovic-decorates-retired-and-active-interior-ministry-members-and-tells-them-in-important-matters-we-must-be-firm-self-interested-and-not-think-about-what-third-parties-say\/#breadcrumb"},"inLanguage":"en-US","potentialAction":[{"@type":"ReadAction","target":["https:\/\/www.predsjednik.hr\/en\/news\/president-milanovic-decorates-retired-and-active-interior-ministry-members-and-tells-them-in-important-matters-we-must-be-firm-self-interested-and-not-think-about-what-third-parties-say\/"]}]},{"@type":"ImageObject","inLanguage":"en-US","@id":"https:\/\/www.predsjednik.hr\/en\/news\/president-milanovic-decorates-retired-and-active-interior-ministry-members-and-tells-them-in-important-matters-we-must-be-firm-self-interested-and-not-think-about-what-third-parties-say\/#primaryimage","url":"https:\/\/www.predsjednik.hr\/wp-content\/uploads\/2025\/09\/15-1-Copy-Copy.jpg","contentUrl":"https:\/\/www.predsjednik.hr\/wp-content\/uploads\/2025\/09\/15-1-Copy-Copy.jpg","width":4336,"height":2439},{"@type":"BreadcrumbList","@id":"https:\/\/www.predsjednik.hr\/en\/news\/president-milanovic-decorates-retired-and-active-interior-ministry-members-and-tells-them-in-important-matters-we-must-be-firm-self-interested-and-not-think-about-what-third-parties-say\/#breadcrumb","itemListElement":[{"@type":"ListItem","position":1,"name":"Home","item":"https:\/\/www.predsjednik.hr\/en\/"},{"@type":"ListItem","position":2,"name":"Vijesti","item":"https:\/\/www.predsjednik.hr\/en\/news\/"},{"@type":"ListItem","position":3,"name":"President Milanovi\u0107 Decorates Retired and Active Interior Ministry Members and Tells Them: In important matters, we must be firm, self-interested, and not think about what third parties say"}]},{"@type":"WebSite","@id":"https:\/\/www.predsjednik.hr\/en\/#website","url":"https:\/\/www.predsjednik.hr\/en\/","name":"President of the Republic of Croatia - Zoran Milanovi\u0107","description":"Just another WordPress site","potentialAction":[{"@type":"SearchAction","target":{"@type":"EntryPoint","urlTemplate":"https:\/\/www.predsjednik.hr\/en\/?s={search_term_string}"},"query-input":{"@type":"PropertyValueSpecification","valueRequired":true,"valueName":"search_term_string"}}],"inLanguage":"en-US"}]}},"_links":{"self":[{"href":"https:\/\/www.predsjednik.hr\/en\/wp-json\/wp\/v2\/news\/40000","targetHints":{"allow":["GET"]}}],"collection":[{"href":"https:\/\/www.predsjednik.hr\/en\/wp-json\/wp\/v2\/news"}],"about":[{"href":"https:\/\/www.predsjednik.hr\/en\/wp-json\/wp\/v2\/types\/news"}],"wp:featuredmedia":[{"embeddable":true,"href":"https:\/\/www.predsjednik.hr\/en\/wp-json\/wp\/v2\/media\/39923"}],"wp:attachment":[{"href":"https:\/\/www.predsjednik.hr\/en\/wp-json\/wp\/v2\/media?parent=40000"}],"wp:term":[{"taxonomy":"news-cat","embeddable":true,"href":"https:\/\/www.predsjednik.hr\/en\/wp-json\/wp\/v2\/news-cat?post=40000"}],"curies":[{"name":"wp","href":"https:\/\/api.w.org\/{rel}","templated":true}]}}