{"id":40148,"date":"2025-10-08T14:25:47","date_gmt":"2025-10-08T12:25:47","guid":{"rendered":"https:\/\/www.predsjednik.hr\/?post_type=news&#038;p=40148"},"modified":"2025-10-08T14:25:48","modified_gmt":"2025-10-08T12:25:48","slug":"president-milanovic-tells-decorated-individuals-in-culture-sciences-and-sports-you-are-a-source-of-pride-to-yourselves-and-society","status":"publish","type":"news","link":"https:\/\/www.predsjednik.hr\/en\/news\/president-milanovic-tells-decorated-individuals-in-culture-sciences-and-sports-you-are-a-source-of-pride-to-yourselves-and-society\/","title":{"rendered":"President Milanovi\u0107 tells decorated individuals in culture, sciences and sports: You are a source of pride to yourselves and society"},"content":{"rendered":"\n<p>\u201cYou represent a synthesis of Croatian society in one segment. You are not a homogenous group; you are outstanding individuals that represent a narrower scope of the pinnacle of achievement in what you do. You have been nominated with reason and will be decorated to my joy and satisfaction. Behind each and every one of you is a completely individual and unique story that cannot be fit into any mould. You are what you are \u2013 a source of pride to yourselves and society\u201c, the President of the Republic Zoran Milanovi\u0107 told the recipients of decorations and recognitions of the Republic of Croatia in culture, sciences and sports, which he presented to them today.<\/p>\n\n\n\n<p>The Order of the Croatian Star with the Effigy of Ru\u0111er Bo\u0161kovi\u0107 is bestowed on Prof. Jano\u0161 Terzi\u0107 for extraordinary merit for his scientific work in the field of biomedical research on malignant tumours and an exceptional contribution to the advancement of Croatian science at home and abroad.<\/p>\n\n\n\n<p>The Order of the Croatian Star with the Effigy of Franjo Bu\u010dar is bestowed on Slobodan Jurkovi\u0107, for his many years of dedicated coaching work in the field of Croatian women&#8217;s basketball, and a special contribution to achieving top results in national and international competitions and on Jurica Gizdi\u0107, for his many years of dedicated journalistic work in the field of national sports history, and a special contribution to the research of modern Croatian Olympism.<\/p>\n\n\n\n<p>The Order of the Croatian Star with the Effigy of Katarina Zrinska is bestowed on Vlasta Vu\u010devac-Gjurovi\u0107 for extraordinary merit in the development and advancement of palliative care in the healthcare system of the Republic of Croatia.<\/p>\n\n\n\n<p>The Order of the Croatian Interlace is bestowed on Slavko Nedi\u0107 for extraordinary merit in editing the music programme of the Croatian Catholic Radio, on the occasion of 50 years of artistic activity.<\/p>\n\n\n\n<p>The Charter of the Republic of Croatia is bestowed on Josip degl&#8217; Ivellio for special merit in the activities of the Croatian Choir Society \u201cSlavulj\u201d Petrinja, on the occasion of 30 years of conducting and artistic work, and to the \u201cJosip \u0160tolcer Slavenski\u201d Choir \u010cakovec for special contribution to the preservation of Croatian musical cultural heritage, on the occasion of 50 years of activity. The Charter is awarded to the \u201cJosip \u0160tolcer Slavenski\u201d Choir and is received by its longstanding conductor and Choir founder Dragica Karolina \u0160imunkovi\u0107 and current conductor Senka Ba\u0161ek.<\/p>\n\n\n\n<p>Jurica Gizdi\u0107 addressed the gathering on behalf of the laureates, and after thanking the President of the Republic, the members of the Commission for Decorations and Recognitions, the institutions that recognized their work, and the President&#8217;s advisers, said that today&#8217;s presentation of the decorations in their lives represents the culmination of their many years of work, effort, and research. \u201cToday is a motivation for us to put even more effort because receiving a decoration from the President of the Republic is the greatest thing that can happen. Thank you for recognizing us and granting us this great honour!\u201d Mr. Gizdi\u0107 said.<\/p>\n\n\n\n<p>In addition to the laureates\u2019 family and friends attending the presentation ceremony in the Office of the President of the Republic, the nominees for the decorations were: university professor at the Faculty of Electrical Engineering, Mechanical Engineering and Naval Architecture of the University of Split, Ivica Puljak; vice-president of the Zagreb Basketball Association, Tomislav Zebi\u0107; secretary general of the Croatian Olympic Committee, Sini\u0161a Kraja\u010d; director of the Zagreb East Health Centre Jurica Kravar\u0161\u0107an; acting director of the Croatian Catholic Network, Zvonimir Anci\u0107; president of the Croatian Choir \u201cSlavulj\u201d Petrinja \u017deljko Crnkovi\u0107, and secretary of the &#8220;Josip \u0160tolcer Slavenski&#8221; Choir \u010cakovec, Dejan Buva\u010d.<\/p>\n\n\n<!--GALLERY BLOCK-->\n<div class=\"c-lightbox-gallery js-lightbox\">\n                <!--single-->\n            <a data-no-swup class=\"c-lightbox-gallery__single js-lightbox-single\"\n               href=\"https:\/\/www.predsjednik.hr\/wp-content\/uploads\/2025\/10\/DSC_0912-1024x576.jpg\"\n               style=\"background-image: url('https:\/\/www.predsjednik.hr\/wp-content\/uploads\/2025\/10\/DSC_0912-768x432.jpg')\"><\/a>\n            <!--end single-->\n                    <!--single-->\n            <a data-no-swup class=\"c-lightbox-gallery__single js-lightbox-single\"\n               href=\"https:\/\/www.predsjednik.hr\/wp-content\/uploads\/2025\/10\/DSC_0931-1024x576.jpg\"\n               style=\"background-image: url('https:\/\/www.predsjednik.hr\/wp-content\/uploads\/2025\/10\/DSC_0931-768x432.jpg')\"><\/a>\n            <!--end single-->\n                    <!--single-->\n            <a data-no-swup class=\"c-lightbox-gallery__single js-lightbox-single\"\n               href=\"https:\/\/www.predsjednik.hr\/wp-content\/uploads\/2025\/10\/DSC_0954-1024x683.jpg\"\n               style=\"background-image: url('https:\/\/www.predsjednik.hr\/wp-content\/uploads\/2025\/10\/DSC_0954-768x512.jpg')\"><\/a>\n            <!--end single-->\n                    <!--single-->\n            <a data-no-swup class=\"c-lightbox-gallery__single js-lightbox-single\"\n               href=\"https:\/\/www.predsjednik.hr\/wp-content\/uploads\/2025\/10\/DSC_0979-1024x576.jpg\"\n               style=\"background-image: url('https:\/\/www.predsjednik.hr\/wp-content\/uploads\/2025\/10\/DSC_0979-768x432.jpg')\"><\/a>\n            <!--end single-->\n                    <!--single-->\n            <a data-no-swup class=\"c-lightbox-gallery__single js-lightbox-single\"\n               href=\"https:\/\/www.predsjednik.hr\/wp-content\/uploads\/2025\/10\/DSC_1116-1024x576.jpg\"\n               style=\"background-image: url('https:\/\/www.predsjednik.hr\/wp-content\/uploads\/2025\/10\/DSC_1116-768x432.jpg')\"><\/a>\n            <!--end single-->\n                    <!--single-->\n            <a data-no-swup class=\"c-lightbox-gallery__single js-lightbox-single\"\n               href=\"https:\/\/www.predsjednik.hr\/wp-content\/uploads\/2025\/10\/DSC_6914-1024x683.jpg\"\n               style=\"background-image: url('https:\/\/www.predsjednik.hr\/wp-content\/uploads\/2025\/10\/DSC_6914-768x512.jpg')\"><\/a>\n            <!--end single-->\n                    <!--single-->\n            <a data-no-swup class=\"c-lightbox-gallery__single js-lightbox-single\"\n               href=\"https:\/\/www.predsjednik.hr\/wp-content\/uploads\/2025\/10\/DSC_6917-1024x576.jpg\"\n               style=\"background-image: url('https:\/\/www.predsjednik.hr\/wp-content\/uploads\/2025\/10\/DSC_6917-768x432.jpg')\"><\/a>\n            <!--end single-->\n                    <!--single-->\n            <a data-no-swup class=\"c-lightbox-gallery__single js-lightbox-single\"\n               href=\"https:\/\/www.predsjednik.hr\/wp-content\/uploads\/2025\/10\/DSC_6929-1024x576.jpg\"\n               style=\"background-image: url('https:\/\/www.predsjednik.hr\/wp-content\/uploads\/2025\/10\/DSC_6929-768x432.jpg')\"><\/a>\n            <!--end single-->\n                    <!--single-->\n            <a data-no-swup class=\"c-lightbox-gallery__single js-lightbox-single\"\n               href=\"https:\/\/www.predsjednik.hr\/wp-content\/uploads\/2025\/10\/DSC_6951-1024x576.jpg\"\n               style=\"background-image: url('https:\/\/www.predsjednik.hr\/wp-content\/uploads\/2025\/10\/DSC_6951-768x432.jpg')\"><\/a>\n            <!--end single-->\n                    <!--single-->\n            <a data-no-swup class=\"c-lightbox-gallery__single js-lightbox-single\"\n               href=\"https:\/\/www.predsjednik.hr\/wp-content\/uploads\/2025\/10\/DSC_6995-1024x576.jpg\"\n               style=\"background-image: url('https:\/\/www.predsjednik.hr\/wp-content\/uploads\/2025\/10\/DSC_6995-768x432.jpg')\"><\/a>\n            <!--end single-->\n                    <!--single-->\n            <a data-no-swup class=\"c-lightbox-gallery__single js-lightbox-single\"\n               href=\"https:\/\/www.predsjednik.hr\/wp-content\/uploads\/2025\/10\/DSC_7021-1024x576.jpg\"\n               style=\"background-image: url('https:\/\/www.predsjednik.hr\/wp-content\/uploads\/2025\/10\/DSC_7021-768x432.jpg')\"><\/a>\n            <!--end single-->\n                    <!--single-->\n            <a data-no-swup class=\"c-lightbox-gallery__single js-lightbox-single\"\n               href=\"https:\/\/www.predsjednik.hr\/wp-content\/uploads\/2025\/10\/DSC_7049-1024x576.jpg\"\n               style=\"background-image: url('https:\/\/www.predsjednik.hr\/wp-content\/uploads\/2025\/10\/DSC_7049-768x432.jpg')\"><\/a>\n            <!--end single-->\n                    <!--single-->\n            <a data-no-swup class=\"c-lightbox-gallery__single js-lightbox-single\"\n               href=\"https:\/\/www.predsjednik.hr\/wp-content\/uploads\/2025\/10\/DSC_7058-1024x576.jpg\"\n               style=\"background-image: url('https:\/\/www.predsjednik.hr\/wp-content\/uploads\/2025\/10\/DSC_7058-768x432.jpg')\"><\/a>\n            <!--end single-->\n                    <!--single-->\n            <a data-no-swup class=\"c-lightbox-gallery__single js-lightbox-single\"\n               href=\"https:\/\/www.predsjednik.hr\/wp-content\/uploads\/2025\/10\/DSC_7097-1024x576.jpg\"\n               style=\"background-image: url('https:\/\/www.predsjednik.hr\/wp-content\/uploads\/2025\/10\/DSC_7097-768x432.jpg')\"><\/a>\n            <!--end single-->\n                    <!--single-->\n            <a data-no-swup class=\"c-lightbox-gallery__single js-lightbox-single\"\n               href=\"https:\/\/www.predsjednik.hr\/wp-content\/uploads\/2025\/10\/DSC_7119-1024x576.jpg\"\n               style=\"background-image: url('https:\/\/www.predsjednik.hr\/wp-content\/uploads\/2025\/10\/DSC_7119-768x432.jpg')\"><\/a>\n            <!--end single-->\n                    <!--single-->\n            <a data-no-swup class=\"c-lightbox-gallery__single js-lightbox-single\"\n               href=\"https:\/\/www.predsjednik.hr\/wp-content\/uploads\/2025\/10\/DSC_7146-1024x576.jpg\"\n               style=\"background-image: url('https:\/\/www.predsjednik.hr\/wp-content\/uploads\/2025\/10\/DSC_7146-768x432.jpg')\"><\/a>\n            <!--end single-->\n                    <!--single-->\n            <a data-no-swup class=\"c-lightbox-gallery__single js-lightbox-single\"\n               href=\"https:\/\/www.predsjednik.hr\/wp-content\/uploads\/2025\/10\/DSC_7186-1024x576.jpg\"\n               style=\"background-image: url('https:\/\/www.predsjednik.hr\/wp-content\/uploads\/2025\/10\/DSC_7186-768x432.jpg')\"><\/a>\n            <!--end single-->\n                    <!--single-->\n            <a data-no-swup class=\"c-lightbox-gallery__single js-lightbox-single\"\n               href=\"https:\/\/www.predsjednik.hr\/wp-content\/uploads\/2025\/10\/DSC_7220-1024x576.jpg\"\n               style=\"background-image: url('https:\/\/www.predsjednik.hr\/wp-content\/uploads\/2025\/10\/DSC_7220-768x432.jpg')\"><\/a>\n            <!--end single-->\n                    <!--single-->\n            <a data-no-swup class=\"c-lightbox-gallery__single js-lightbox-single\"\n               href=\"https:\/\/www.predsjednik.hr\/wp-content\/uploads\/2025\/10\/DSC_7241-1024x576.jpg\"\n               style=\"background-image: url('https:\/\/www.predsjednik.hr\/wp-content\/uploads\/2025\/10\/DSC_7241-768x432.jpg')\"><\/a>\n            <!--end single-->\n                    <!--single-->\n            <a data-no-swup class=\"c-lightbox-gallery__single js-lightbox-single\"\n               href=\"https:\/\/www.predsjednik.hr\/wp-content\/uploads\/2025\/10\/DSC_1138-1024x576.jpg\"\n               style=\"background-image: url('https:\/\/www.predsjednik.hr\/wp-content\/uploads\/2025\/10\/DSC_1138-768x432.jpg')\"><\/a>\n            <!--end single-->\n        <\/div>\n<!--end GALLERY BLOCK-->\n\n\n\n<p>PHOTO: Office of the President of the Republic of Croatia \/ Tomislav Bu\u0161ljeta, Ana Marija Kati\u0107<\/p>\n","protected":false},"excerpt":{"rendered":"<p>\u201cYou represent a synthesis of Croatian society in one segment. You are not a homogenous group; you are outstanding individuals that represent a narrower scope of the pinnacle of achievement in what you do. You have been nominated with reason and will be decorated to my joy and satisfaction. Behind each and every one of you is a completely individual and unique story that cannot be fit into any mould. You are what you are \u2013 a source of pride to yourselves and society\u201c, the President of the Republic Zoran Milanovi\u0107 told the recipients of decorations and recognitions of the Republic of Croatia in culture, sciences and sports, which he presented to them today.<\/p>\n","protected":false},"featured_media":40147,"template":"","news-cat":[12],"class_list":["post-40148","news","type-news","status-publish","has-post-thumbnail","hentry","news-cat-news"],"acf":[],"yoast_head":"<!-- This site is optimized with the Yoast SEO plugin v27.4 - https:\/\/yoast.com\/product\/yoast-seo-wordpress\/ -->\n<title>President Milanovi\u0107 tells decorated individuals in culture, sciences and sports: You are a source of pride to yourselves and society - President of the Republic of Croatia - Zoran Milanovi\u0107<\/title>\n<meta name=\"robots\" content=\"index, follow, max-snippet:-1, max-image-preview:large, max-video-preview:-1\" \/>\n<link rel=\"canonical\" href=\"https:\/\/www.predsjednik.hr\/en\/news\/president-milanovic-tells-decorated-individuals-in-culture-sciences-and-sports-you-are-a-source-of-pride-to-yourselves-and-society\/\" \/>\n<meta property=\"og:locale\" content=\"en_US\" \/>\n<meta property=\"og:type\" content=\"article\" \/>\n<meta property=\"og:title\" content=\"President Milanovi\u0107 tells decorated individuals in culture, sciences and sports: You are a source of pride to yourselves and society - President of the Republic of Croatia - Zoran Milanovi\u0107\" \/>\n<meta property=\"og:description\" content=\"\u201cYou represent a synthesis of Croatian society in one segment. You are not a homogenous group; you are outstanding individuals that represent a narrower scope of the pinnacle of achievement in what you do. You have been nominated with reason and will be decorated to my joy and satisfaction. Behind each and every one of you is a completely individual and unique story that cannot be fit into any mould. You are what you are \u2013 a source of pride to yourselves and society\u201c, the President of the Republic Zoran Milanovi\u0107 told the recipients of decorations and recognitions of the Republic of Croatia in culture, sciences and sports, which he presented to them today.\" \/>\n<meta property=\"og:url\" content=\"https:\/\/www.predsjednik.hr\/en\/news\/president-milanovic-tells-decorated-individuals-in-culture-sciences-and-sports-you-are-a-source-of-pride-to-yourselves-and-society\/\" \/>\n<meta property=\"og:site_name\" content=\"President of the Republic of Croatia - Zoran Milanovi\u0107\" \/>\n<meta property=\"article:modified_time\" content=\"2025-10-08T12:25:48+00:00\" \/>\n<meta property=\"og:image\" content=\"https:\/\/www.predsjednik.hr\/wp-content\/uploads\/2025\/10\/DSC_1138.jpg\" \/>\n\t<meta property=\"og:image:width\" content=\"4846\" \/>\n\t<meta property=\"og:image:height\" content=\"2726\" \/>\n\t<meta property=\"og:image:type\" content=\"image\/jpeg\" \/>\n<meta name=\"twitter:card\" content=\"summary_large_image\" \/>\n<meta name=\"twitter:label1\" content=\"Est. reading time\" \/>\n\t<meta name=\"twitter:data1\" content=\"3 minutes\" \/>\n<script type=\"application\/ld+json\" class=\"yoast-schema-graph\">{\"@context\":\"https:\\\/\\\/schema.org\",\"@graph\":[{\"@type\":\"WebPage\",\"@id\":\"https:\\\/\\\/www.predsjednik.hr\\\/en\\\/news\\\/president-milanovic-tells-decorated-individuals-in-culture-sciences-and-sports-you-are-a-source-of-pride-to-yourselves-and-society\\\/\",\"url\":\"https:\\\/\\\/www.predsjednik.hr\\\/en\\\/news\\\/president-milanovic-tells-decorated-individuals-in-culture-sciences-and-sports-you-are-a-source-of-pride-to-yourselves-and-society\\\/\",\"name\":\"President Milanovi\u0107 tells decorated individuals in culture, sciences and sports: You are a source of pride to yourselves and society - President of the Republic of Croatia - Zoran Milanovi\u0107\",\"isPartOf\":{\"@id\":\"https:\\\/\\\/www.predsjednik.hr\\\/en\\\/#website\"},\"primaryImageOfPage\":{\"@id\":\"https:\\\/\\\/www.predsjednik.hr\\\/en\\\/news\\\/president-milanovic-tells-decorated-individuals-in-culture-sciences-and-sports-you-are-a-source-of-pride-to-yourselves-and-society\\\/#primaryimage\"},\"image\":{\"@id\":\"https:\\\/\\\/www.predsjednik.hr\\\/en\\\/news\\\/president-milanovic-tells-decorated-individuals-in-culture-sciences-and-sports-you-are-a-source-of-pride-to-yourselves-and-society\\\/#primaryimage\"},\"thumbnailUrl\":\"https:\\\/\\\/www.predsjednik.hr\\\/wp-content\\\/uploads\\\/2025\\\/10\\\/DSC_1138.jpg\",\"datePublished\":\"2025-10-08T12:25:47+00:00\",\"dateModified\":\"2025-10-08T12:25:48+00:00\",\"breadcrumb\":{\"@id\":\"https:\\\/\\\/www.predsjednik.hr\\\/en\\\/news\\\/president-milanovic-tells-decorated-individuals-in-culture-sciences-and-sports-you-are-a-source-of-pride-to-yourselves-and-society\\\/#breadcrumb\"},\"inLanguage\":\"en-US\",\"potentialAction\":[{\"@type\":\"ReadAction\",\"target\":[\"https:\\\/\\\/www.predsjednik.hr\\\/en\\\/news\\\/president-milanovic-tells-decorated-individuals-in-culture-sciences-and-sports-you-are-a-source-of-pride-to-yourselves-and-society\\\/\"]}]},{\"@type\":\"ImageObject\",\"inLanguage\":\"en-US\",\"@id\":\"https:\\\/\\\/www.predsjednik.hr\\\/en\\\/news\\\/president-milanovic-tells-decorated-individuals-in-culture-sciences-and-sports-you-are-a-source-of-pride-to-yourselves-and-society\\\/#primaryimage\",\"url\":\"https:\\\/\\\/www.predsjednik.hr\\\/wp-content\\\/uploads\\\/2025\\\/10\\\/DSC_1138.jpg\",\"contentUrl\":\"https:\\\/\\\/www.predsjednik.hr\\\/wp-content\\\/uploads\\\/2025\\\/10\\\/DSC_1138.jpg\",\"width\":4846,\"height\":2726},{\"@type\":\"BreadcrumbList\",\"@id\":\"https:\\\/\\\/www.predsjednik.hr\\\/en\\\/news\\\/president-milanovic-tells-decorated-individuals-in-culture-sciences-and-sports-you-are-a-source-of-pride-to-yourselves-and-society\\\/#breadcrumb\",\"itemListElement\":[{\"@type\":\"ListItem\",\"position\":1,\"name\":\"Home\",\"item\":\"https:\\\/\\\/www.predsjednik.hr\\\/en\\\/\"},{\"@type\":\"ListItem\",\"position\":2,\"name\":\"Vijesti\",\"item\":\"https:\\\/\\\/www.predsjednik.hr\\\/en\\\/news\\\/\"},{\"@type\":\"ListItem\",\"position\":3,\"name\":\"President Milanovi\u0107 tells decorated individuals in culture, sciences and sports: You are a source of pride to yourselves and society\"}]},{\"@type\":\"WebSite\",\"@id\":\"https:\\\/\\\/www.predsjednik.hr\\\/en\\\/#website\",\"url\":\"https:\\\/\\\/www.predsjednik.hr\\\/en\\\/\",\"name\":\"President of the Republic of Croatia - Zoran Milanovi\u0107\",\"description\":\"Just another WordPress site\",\"potentialAction\":[{\"@type\":\"SearchAction\",\"target\":{\"@type\":\"EntryPoint\",\"urlTemplate\":\"https:\\\/\\\/www.predsjednik.hr\\\/en\\\/?s={search_term_string}\"},\"query-input\":{\"@type\":\"PropertyValueSpecification\",\"valueRequired\":true,\"valueName\":\"search_term_string\"}}],\"inLanguage\":\"en-US\"}]}<\/script>\n<!-- \/ Yoast SEO plugin. -->","yoast_head_json":{"title":"President Milanovi\u0107 tells decorated individuals in culture, sciences and sports: You are a source of pride to yourselves and society - President of the Republic of Croatia - Zoran Milanovi\u0107","robots":{"index":"index","follow":"follow","max-snippet":"max-snippet:-1","max-image-preview":"max-image-preview:large","max-video-preview":"max-video-preview:-1"},"canonical":"https:\/\/www.predsjednik.hr\/en\/news\/president-milanovic-tells-decorated-individuals-in-culture-sciences-and-sports-you-are-a-source-of-pride-to-yourselves-and-society\/","og_locale":"en_US","og_type":"article","og_title":"President Milanovi\u0107 tells decorated individuals in culture, sciences and sports: You are a source of pride to yourselves and society - President of the Republic of Croatia - Zoran Milanovi\u0107","og_description":"\u201cYou represent a synthesis of Croatian society in one segment. You are not a homogenous group; you are outstanding individuals that represent a narrower scope of the pinnacle of achievement in what you do. You have been nominated with reason and will be decorated to my joy and satisfaction. Behind each and every one of you is a completely individual and unique story that cannot be fit into any mould. You are what you are \u2013 a source of pride to yourselves and society\u201c, the President of the Republic Zoran Milanovi\u0107 told the recipients of decorations and recognitions of the Republic of Croatia in culture, sciences and sports, which he presented to them today.","og_url":"https:\/\/www.predsjednik.hr\/en\/news\/president-milanovic-tells-decorated-individuals-in-culture-sciences-and-sports-you-are-a-source-of-pride-to-yourselves-and-society\/","og_site_name":"President of the Republic of Croatia - Zoran Milanovi\u0107","article_modified_time":"2025-10-08T12:25:48+00:00","og_image":[{"width":4846,"height":2726,"url":"https:\/\/www.predsjednik.hr\/wp-content\/uploads\/2025\/10\/DSC_1138.jpg","type":"image\/jpeg"}],"twitter_card":"summary_large_image","twitter_misc":{"Est. reading time":"3 minutes"},"schema":{"@context":"https:\/\/schema.org","@graph":[{"@type":"WebPage","@id":"https:\/\/www.predsjednik.hr\/en\/news\/president-milanovic-tells-decorated-individuals-in-culture-sciences-and-sports-you-are-a-source-of-pride-to-yourselves-and-society\/","url":"https:\/\/www.predsjednik.hr\/en\/news\/president-milanovic-tells-decorated-individuals-in-culture-sciences-and-sports-you-are-a-source-of-pride-to-yourselves-and-society\/","name":"President Milanovi\u0107 tells decorated individuals in culture, sciences and sports: You are a source of pride to yourselves and society - President of the Republic of Croatia - Zoran Milanovi\u0107","isPartOf":{"@id":"https:\/\/www.predsjednik.hr\/en\/#website"},"primaryImageOfPage":{"@id":"https:\/\/www.predsjednik.hr\/en\/news\/president-milanovic-tells-decorated-individuals-in-culture-sciences-and-sports-you-are-a-source-of-pride-to-yourselves-and-society\/#primaryimage"},"image":{"@id":"https:\/\/www.predsjednik.hr\/en\/news\/president-milanovic-tells-decorated-individuals-in-culture-sciences-and-sports-you-are-a-source-of-pride-to-yourselves-and-society\/#primaryimage"},"thumbnailUrl":"https:\/\/www.predsjednik.hr\/wp-content\/uploads\/2025\/10\/DSC_1138.jpg","datePublished":"2025-10-08T12:25:47+00:00","dateModified":"2025-10-08T12:25:48+00:00","breadcrumb":{"@id":"https:\/\/www.predsjednik.hr\/en\/news\/president-milanovic-tells-decorated-individuals-in-culture-sciences-and-sports-you-are-a-source-of-pride-to-yourselves-and-society\/#breadcrumb"},"inLanguage":"en-US","potentialAction":[{"@type":"ReadAction","target":["https:\/\/www.predsjednik.hr\/en\/news\/president-milanovic-tells-decorated-individuals-in-culture-sciences-and-sports-you-are-a-source-of-pride-to-yourselves-and-society\/"]}]},{"@type":"ImageObject","inLanguage":"en-US","@id":"https:\/\/www.predsjednik.hr\/en\/news\/president-milanovic-tells-decorated-individuals-in-culture-sciences-and-sports-you-are-a-source-of-pride-to-yourselves-and-society\/#primaryimage","url":"https:\/\/www.predsjednik.hr\/wp-content\/uploads\/2025\/10\/DSC_1138.jpg","contentUrl":"https:\/\/www.predsjednik.hr\/wp-content\/uploads\/2025\/10\/DSC_1138.jpg","width":4846,"height":2726},{"@type":"BreadcrumbList","@id":"https:\/\/www.predsjednik.hr\/en\/news\/president-milanovic-tells-decorated-individuals-in-culture-sciences-and-sports-you-are-a-source-of-pride-to-yourselves-and-society\/#breadcrumb","itemListElement":[{"@type":"ListItem","position":1,"name":"Home","item":"https:\/\/www.predsjednik.hr\/en\/"},{"@type":"ListItem","position":2,"name":"Vijesti","item":"https:\/\/www.predsjednik.hr\/en\/news\/"},{"@type":"ListItem","position":3,"name":"President Milanovi\u0107 tells decorated individuals in culture, sciences and sports: You are a source of pride to yourselves and society"}]},{"@type":"WebSite","@id":"https:\/\/www.predsjednik.hr\/en\/#website","url":"https:\/\/www.predsjednik.hr\/en\/","name":"President of the Republic of Croatia - Zoran Milanovi\u0107","description":"Just another WordPress site","potentialAction":[{"@type":"SearchAction","target":{"@type":"EntryPoint","urlTemplate":"https:\/\/www.predsjednik.hr\/en\/?s={search_term_string}"},"query-input":{"@type":"PropertyValueSpecification","valueRequired":true,"valueName":"search_term_string"}}],"inLanguage":"en-US"}]}},"_links":{"self":[{"href":"https:\/\/www.predsjednik.hr\/en\/wp-json\/wp\/v2\/news\/40148","targetHints":{"allow":["GET"]}}],"collection":[{"href":"https:\/\/www.predsjednik.hr\/en\/wp-json\/wp\/v2\/news"}],"about":[{"href":"https:\/\/www.predsjednik.hr\/en\/wp-json\/wp\/v2\/types\/news"}],"wp:featuredmedia":[{"embeddable":true,"href":"https:\/\/www.predsjednik.hr\/en\/wp-json\/wp\/v2\/media\/40147"}],"wp:attachment":[{"href":"https:\/\/www.predsjednik.hr\/en\/wp-json\/wp\/v2\/media?parent=40148"}],"wp:term":[{"taxonomy":"news-cat","embeddable":true,"href":"https:\/\/www.predsjednik.hr\/en\/wp-json\/wp\/v2\/news-cat?post=40148"}],"curies":[{"name":"wp","href":"https:\/\/api.w.org\/{rel}","templated":true}]}}