{"id":40952,"date":"2025-11-17T14:03:43","date_gmt":"2025-11-17T13:03:43","guid":{"rendered":"https:\/\/www.predsjednik.hr\/?post_type=news&#038;p=40952"},"modified":"2025-11-17T14:03:50","modified_gmt":"2025-11-17T13:03:50","slug":"president-of-the-republic-presents-honorary-rank-of-general-and-decorations-to-croatian-defenders-for-contribution-to-homeland-war","status":"publish","type":"news","link":"https:\/\/www.predsjednik.hr\/en\/news\/president-of-the-republic-presents-honorary-rank-of-general-and-decorations-to-croatian-defenders-for-contribution-to-homeland-war\/","title":{"rendered":"President of the Republic Presents Honorary Rank of General and Decorations to Croatian Defenders for Contribution to Homeland War"},"content":{"rendered":"\n<p>\u201cTime passes, the war ended long ago, however, we do not redress injustices with such ranks, but simply bring things into a harmonious, sound order. Congratulations to all those promoted! These are honorary ranks of general, which by the nature of things are few and will become fewer and far between simply because time passes\u201d, the President of the Republic and Commander in Chief of the Croatian Armed Forces Zoran Milanovi\u0107 stated today at a ceremony during which he presented honorary ranks and decorations to Croatian defenders for their contribution to the Homeland War.<\/p>\n\n\n\n<p>He thanked the Croatian defenders for everything they have done for Croatia. \u201cYou first defended Croatia. This is our territory, our borders that existed before 1991 and that the international community recognized as such. And then, with equal difficulty, you liberated Croatia. You also liberated Bosnia and Herzegovina. You did it in brotherhood in arms with the Americans and some other states, including the Bosniak forces, the Army of Bosnia and Herzegovina. This made it possible to make peace, to impose peace by force of arms and to reach an agreement that functions in some way in Bosnia and Herzegovina today\u201d, President Milanovi\u0107 said ahead of presenting the honorary ranks and decorations to Croatian defenders.<\/p>\n\n\n\n<p>The President of the Republic and Commander in Chief of the Croatian Armed Forces Zoran Milanovi\u0107 presented the honorary rank of Brigadier General to retired Homeland War Croatian defenders for extraordinary service in the Homeland War. The honorary rank of Brigadier General is bestowed on: Vjeran Ro\u017ei\u0107, Miodrag Demo, Tihomir Budanko, Milan Perkovi\u0107, Mario Bradara, Ivo Filipovi\u0107, Petar Zelenika, Jadran Topi\u0107 and Ilija Vrlji\u0107.<\/p>\n\n\n\n<p>The Order of Duke Domagoj with Ribbon, for demonstrated bravery and prowess in the Homeland War, immediate war danger or in exceptional circumstances in peace is bestowed on Kornelije Brki\u0107.<\/p>\n\n\n\n<p>The Order of Ban Jela\u010di\u0107, for exceptional successful command of Croatian Armed Forces units, for extraordinary military service to their organization and development, and to units and other organizational units of the Croatian Armed Forces is bestowed on: Robert \u0160tefan\u010di\u0107, Miroslav Papi\u0107 \u2013 posthumously, Ivan \u0160o\u0161tari\u0107, Boris Lisac, Herman Su\u0161nik and Ivan Lerga \u2013 posthumously.<\/p>\n\n\n\n<p>The Order of the Croatian Trefoil, for extraordinary service to the Republic of Croatia in war, immediate danger of war or extraordinary circumstances in peace is bestowed on: \u017deljko Sokol, Stjepan Ore\u0161ki, Miljenko Kauzlari\u0107, Emiljko \u0160timac, Mladen Mauhar, Neboj\u0161a Mance \u2013 posthumously, Du\u0161ko Hobar, Walter Cvjetan, Atilio Katalini\u0107, Milorad Dra\u010da, Zdravko Nemet, Zoran Tamarut \u2013 posthumously, and Branislav Isakov.<\/p>\n\n\n\n<p>The Order of the Croatian Interlace, for extraordinary contribution to the development and standing of the Republic of Croatia and the well-being of its citizens is bestowed on: Milivoj Dikli\u0107, Dinko \u017dili\u0107, Nenad Toplak, Damir Lisac, \u017deljko Zba\u0161nik, Darko Kolenc, Marijan Mohori\u0107 \u2013 posthumously, Zoran \u0160timac, Ivan Troha, Stevo Kabi\u0107, Branko Novak, Ivica Jak\u0161i\u0107, Nenad Hodap and Mario Bradara.<\/p>\n\n\n\n<p>Thanking President Milanovi\u0107 for the recognitions, honorary Brigadier General Tihomir Budanko said that they are not a mere reflection of their military past \u201cbut also a reminder of the time when led by our love for the homeland we defended what was most valuable \u2013 life, freedom and dignity of the Croatian man\u201d.<\/p>\n\n\n\n<p>\u201cThe Homeland War was a time when ordinary people became soldiers, defenders of their homes and their homeland. We were not divided, we were brothers regardless of all the differences, we were united in one \u2013 the fight for a free and independent Republic of Croatia\u201d, honorary Brigadier General Tihomir Budanko noted, concluding that today, thirty years later, defenders see this recognition as a confirmation that the sacrifice, the work and the loyalty to the homeland never cease to be appreciated.<\/p>\n\n\n\n<p>Attending the ceremony in the Office of the President of the Republic apart from family members, comrades-in-arms, friends of the promoted and decorated individuals, and representatives of the local authorities were the Chief of the General Staff of the Croatian Armed Forces Lieutenant General Tihomir Kundid and the Adviser to the Deputy Prime Minister and Minister of Croatian Veterans\u2019 Affairs and his delegate General Ivan Pokaz.<\/p>\n\n\n<!--GALLERY BLOCK-->\n<div class=\"c-lightbox-gallery js-lightbox\">\n                <!--single-->\n            <a data-no-swup class=\"c-lightbox-gallery__single js-lightbox-single\"\n               href=\"https:\/\/www.predsjednik.hr\/wp-content\/uploads\/2025\/11\/DSC_0020-1024x683.jpg\"\n               style=\"background-image: url('https:\/\/www.predsjednik.hr\/wp-content\/uploads\/2025\/11\/DSC_0020-768x512.jpg')\"><\/a>\n            <!--end single-->\n                    <!--single-->\n            <a data-no-swup class=\"c-lightbox-gallery__single js-lightbox-single\"\n               href=\"https:\/\/www.predsjednik.hr\/wp-content\/uploads\/2025\/11\/DSC_0030-1-1024x576.jpg\"\n               style=\"background-image: url('https:\/\/www.predsjednik.hr\/wp-content\/uploads\/2025\/11\/DSC_0030-1-768x432.jpg')\"><\/a>\n            <!--end single-->\n                    <!--single-->\n            <a data-no-swup class=\"c-lightbox-gallery__single js-lightbox-single\"\n               href=\"https:\/\/www.predsjednik.hr\/wp-content\/uploads\/2025\/11\/DSC_0047-1024x576.jpg\"\n               style=\"background-image: url('https:\/\/www.predsjednik.hr\/wp-content\/uploads\/2025\/11\/DSC_0047-768x432.jpg')\"><\/a>\n            <!--end single-->\n                    <!--single-->\n            <a data-no-swup class=\"c-lightbox-gallery__single js-lightbox-single\"\n               href=\"https:\/\/www.predsjednik.hr\/wp-content\/uploads\/2025\/11\/DSC_0052-1024x576.jpg\"\n               style=\"background-image: url('https:\/\/www.predsjednik.hr\/wp-content\/uploads\/2025\/11\/DSC_0052-768x432.jpg')\"><\/a>\n            <!--end single-->\n                    <!--single-->\n            <a data-no-swup class=\"c-lightbox-gallery__single js-lightbox-single\"\n               href=\"https:\/\/www.predsjednik.hr\/wp-content\/uploads\/2025\/11\/DSC_0061-1-1024x576.jpg\"\n               style=\"background-image: url('https:\/\/www.predsjednik.hr\/wp-content\/uploads\/2025\/11\/DSC_0061-1-768x432.jpg')\"><\/a>\n            <!--end single-->\n                    <!--single-->\n            <a data-no-swup class=\"c-lightbox-gallery__single js-lightbox-single\"\n               href=\"https:\/\/www.predsjednik.hr\/wp-content\/uploads\/2025\/11\/DSC_0078-1024x576.jpg\"\n               style=\"background-image: url('https:\/\/www.predsjednik.hr\/wp-content\/uploads\/2025\/11\/DSC_0078-768x432.jpg')\"><\/a>\n            <!--end single-->\n                    <!--single-->\n            <a data-no-swup class=\"c-lightbox-gallery__single js-lightbox-single\"\n               href=\"https:\/\/www.predsjednik.hr\/wp-content\/uploads\/2025\/11\/DSC_0085-1-1-1024x576.jpg\"\n               style=\"background-image: url('https:\/\/www.predsjednik.hr\/wp-content\/uploads\/2025\/11\/DSC_0085-1-1-768x432.jpg')\"><\/a>\n            <!--end single-->\n                    <!--single-->\n            <a data-no-swup class=\"c-lightbox-gallery__single js-lightbox-single\"\n               href=\"https:\/\/www.predsjednik.hr\/wp-content\/uploads\/2025\/11\/DSC_0116-1-1024x576.jpg\"\n               style=\"background-image: url('https:\/\/www.predsjednik.hr\/wp-content\/uploads\/2025\/11\/DSC_0116-1-768x432.jpg')\"><\/a>\n            <!--end single-->\n                    <!--single-->\n            <a data-no-swup class=\"c-lightbox-gallery__single js-lightbox-single\"\n               href=\"https:\/\/www.predsjednik.hr\/wp-content\/uploads\/2025\/11\/DSC_0138-1024x576.jpg\"\n               style=\"background-image: url('https:\/\/www.predsjednik.hr\/wp-content\/uploads\/2025\/11\/DSC_0138-768x432.jpg')\"><\/a>\n            <!--end single-->\n                    <!--single-->\n            <a data-no-swup class=\"c-lightbox-gallery__single js-lightbox-single\"\n               href=\"https:\/\/www.predsjednik.hr\/wp-content\/uploads\/2025\/11\/DSC_0144-1-1024x576.jpg\"\n               style=\"background-image: url('https:\/\/www.predsjednik.hr\/wp-content\/uploads\/2025\/11\/DSC_0144-1-768x432.jpg')\"><\/a>\n            <!--end single-->\n                    <!--single-->\n            <a data-no-swup class=\"c-lightbox-gallery__single js-lightbox-single\"\n               href=\"https:\/\/www.predsjednik.hr\/wp-content\/uploads\/2025\/11\/DSC_0153-1024x576.jpg\"\n               style=\"background-image: url('https:\/\/www.predsjednik.hr\/wp-content\/uploads\/2025\/11\/DSC_0153-768x432.jpg')\"><\/a>\n            <!--end single-->\n                    <!--single-->\n            <a data-no-swup class=\"c-lightbox-gallery__single js-lightbox-single\"\n               href=\"https:\/\/www.predsjednik.hr\/wp-content\/uploads\/2025\/11\/DSC_0165-1024x576.jpg\"\n               style=\"background-image: url('https:\/\/www.predsjednik.hr\/wp-content\/uploads\/2025\/11\/DSC_0165-768x432.jpg')\"><\/a>\n            <!--end single-->\n                    <!--single-->\n            <a data-no-swup class=\"c-lightbox-gallery__single js-lightbox-single\"\n               href=\"https:\/\/www.predsjednik.hr\/wp-content\/uploads\/2025\/11\/DSC_0184-1-1024x576.jpg\"\n               style=\"background-image: url('https:\/\/www.predsjednik.hr\/wp-content\/uploads\/2025\/11\/DSC_0184-1-768x432.jpg')\"><\/a>\n            <!--end single-->\n                    <!--single-->\n            <a data-no-swup class=\"c-lightbox-gallery__single js-lightbox-single\"\n               href=\"https:\/\/www.predsjednik.hr\/wp-content\/uploads\/2025\/11\/DSC_0202-3-1024x576.jpg\"\n               style=\"background-image: url('https:\/\/www.predsjednik.hr\/wp-content\/uploads\/2025\/11\/DSC_0202-3-768x432.jpg')\"><\/a>\n            <!--end single-->\n                    <!--single-->\n            <a data-no-swup class=\"c-lightbox-gallery__single js-lightbox-single\"\n               href=\"https:\/\/www.predsjednik.hr\/wp-content\/uploads\/2025\/11\/DSC_0229-1024x576.jpg\"\n               style=\"background-image: url('https:\/\/www.predsjednik.hr\/wp-content\/uploads\/2025\/11\/DSC_0229-768x432.jpg')\"><\/a>\n            <!--end single-->\n                    <!--single-->\n            <a data-no-swup class=\"c-lightbox-gallery__single js-lightbox-single\"\n               href=\"https:\/\/www.predsjednik.hr\/wp-content\/uploads\/2025\/11\/DSC_0280-1024x576.jpg\"\n               style=\"background-image: url('https:\/\/www.predsjednik.hr\/wp-content\/uploads\/2025\/11\/DSC_0280-768x432.jpg')\"><\/a>\n            <!--end single-->\n                    <!--single-->\n            <a data-no-swup class=\"c-lightbox-gallery__single js-lightbox-single\"\n               href=\"https:\/\/www.predsjednik.hr\/wp-content\/uploads\/2025\/11\/DSC_0282-1-1024x576.jpg\"\n               style=\"background-image: url('https:\/\/www.predsjednik.hr\/wp-content\/uploads\/2025\/11\/DSC_0282-1-768x432.jpg')\"><\/a>\n            <!--end single-->\n                    <!--single-->\n            <a data-no-swup class=\"c-lightbox-gallery__single js-lightbox-single\"\n               href=\"https:\/\/www.predsjednik.hr\/wp-content\/uploads\/2025\/11\/DSC_0309-3-1024x576.jpg\"\n               style=\"background-image: url('https:\/\/www.predsjednik.hr\/wp-content\/uploads\/2025\/11\/DSC_0309-3-768x432.jpg')\"><\/a>\n            <!--end single-->\n                    <!--single-->\n            <a data-no-swup class=\"c-lightbox-gallery__single js-lightbox-single\"\n               href=\"https:\/\/www.predsjednik.hr\/wp-content\/uploads\/2025\/11\/DSC_0320-3-1024x576.jpg\"\n               style=\"background-image: url('https:\/\/www.predsjednik.hr\/wp-content\/uploads\/2025\/11\/DSC_0320-3-768x432.jpg')\"><\/a>\n            <!--end single-->\n                    <!--single-->\n            <a data-no-swup class=\"c-lightbox-gallery__single js-lightbox-single\"\n               href=\"https:\/\/www.predsjednik.hr\/wp-content\/uploads\/2025\/11\/DSC_0347-1-1024x576.jpg\"\n               style=\"background-image: url('https:\/\/www.predsjednik.hr\/wp-content\/uploads\/2025\/11\/DSC_0347-1-768x432.jpg')\"><\/a>\n            <!--end single-->\n                    <!--single-->\n            <a data-no-swup class=\"c-lightbox-gallery__single js-lightbox-single\"\n               href=\"https:\/\/www.predsjednik.hr\/wp-content\/uploads\/2025\/11\/DSC_1946-1024x576.jpg\"\n               style=\"background-image: url('https:\/\/www.predsjednik.hr\/wp-content\/uploads\/2025\/11\/DSC_1946-768x432.jpg')\"><\/a>\n            <!--end single-->\n        <\/div>\n<!--end GALLERY BLOCK-->\n\n\n\n<p>PHOTO: Office of the President of the Republic of Croatia \/ Dario Andri\u0161ek, Tomislav Bu\u0161ljeta<\/p>\n","protected":false},"excerpt":{"rendered":"<p>\u201cTime passes, the war ended long ago, however, we do not redress injustices with such ranks, but simply bring things into a harmonious, sound order. Congratulations to all those promoted! These are honorary ranks of general, which by the nature of things are few and will become fewer and far between simply because time passes\u201d, the President of the Republic and Commander in Chief of the Croatian Armed Forces Zoran Milanovi\u0107 stated today at a ceremony during which he presented honorary ranks and decorations to Croatian defenders for their contribution to the Homeland War.<\/p>\n","protected":false},"featured_media":40926,"template":"","news-cat":[12],"class_list":["post-40952","news","type-news","status-publish","has-post-thumbnail","hentry","news-cat-news"],"acf":[],"yoast_head":"<!-- This site is optimized with the Yoast SEO plugin v27.5 - https:\/\/yoast.com\/product\/yoast-seo-wordpress\/ -->\n<title>President of the Republic Presents Honorary Rank of General and Decorations to Croatian Defenders for Contribution to Homeland War - President of the Republic of Croatia - Zoran Milanovi\u0107<\/title>\n<meta name=\"robots\" content=\"index, follow, max-snippet:-1, max-image-preview:large, max-video-preview:-1\" \/>\n<link rel=\"canonical\" href=\"https:\/\/www.predsjednik.hr\/en\/news\/president-of-the-republic-presents-honorary-rank-of-general-and-decorations-to-croatian-defenders-for-contribution-to-homeland-war\/\" \/>\n<meta property=\"og:locale\" content=\"en_US\" \/>\n<meta property=\"og:type\" content=\"article\" \/>\n<meta property=\"og:title\" content=\"President of the Republic Presents Honorary Rank of General and Decorations to Croatian Defenders for Contribution to Homeland War - President of the Republic of Croatia - Zoran Milanovi\u0107\" \/>\n<meta property=\"og:description\" content=\"\u201cTime passes, the war ended long ago, however, we do not redress injustices with such ranks, but simply bring things into a harmonious, sound order. Congratulations to all those promoted! These are honorary ranks of general, which by the nature of things are few and will become fewer and far between simply because time passes\u201d, the President of the Republic and Commander in Chief of the Croatian Armed Forces Zoran Milanovi\u0107 stated today at a ceremony during which he presented honorary ranks and decorations to Croatian defenders for their contribution to the Homeland War.\" \/>\n<meta property=\"og:url\" content=\"https:\/\/www.predsjednik.hr\/en\/news\/president-of-the-republic-presents-honorary-rank-of-general-and-decorations-to-croatian-defenders-for-contribution-to-homeland-war\/\" \/>\n<meta property=\"og:site_name\" content=\"President of the Republic of Croatia - Zoran Milanovi\u0107\" \/>\n<meta property=\"article:modified_time\" content=\"2025-11-17T13:03:50+00:00\" \/>\n<meta property=\"og:image\" content=\"https:\/\/www.predsjednik.hr\/wp-content\/uploads\/2025\/11\/DSC_0144-1.jpg\" \/>\n\t<meta property=\"og:image:width\" content=\"6114\" \/>\n\t<meta property=\"og:image:height\" content=\"3439\" \/>\n\t<meta property=\"og:image:type\" content=\"image\/jpeg\" \/>\n<meta name=\"twitter:card\" content=\"summary_large_image\" \/>\n<meta name=\"twitter:label1\" content=\"Est. reading time\" \/>\n\t<meta name=\"twitter:data1\" content=\"3 minutes\" \/>\n<script type=\"application\/ld+json\" class=\"yoast-schema-graph\">{\"@context\":\"https:\\\/\\\/schema.org\",\"@graph\":[{\"@type\":\"WebPage\",\"@id\":\"https:\\\/\\\/www.predsjednik.hr\\\/en\\\/news\\\/president-of-the-republic-presents-honorary-rank-of-general-and-decorations-to-croatian-defenders-for-contribution-to-homeland-war\\\/\",\"url\":\"https:\\\/\\\/www.predsjednik.hr\\\/en\\\/news\\\/president-of-the-republic-presents-honorary-rank-of-general-and-decorations-to-croatian-defenders-for-contribution-to-homeland-war\\\/\",\"name\":\"President of the Republic Presents Honorary Rank of General and Decorations to Croatian Defenders for Contribution to Homeland War - President of the Republic of Croatia - Zoran Milanovi\u0107\",\"isPartOf\":{\"@id\":\"https:\\\/\\\/www.predsjednik.hr\\\/en\\\/#website\"},\"primaryImageOfPage\":{\"@id\":\"https:\\\/\\\/www.predsjednik.hr\\\/en\\\/news\\\/president-of-the-republic-presents-honorary-rank-of-general-and-decorations-to-croatian-defenders-for-contribution-to-homeland-war\\\/#primaryimage\"},\"image\":{\"@id\":\"https:\\\/\\\/www.predsjednik.hr\\\/en\\\/news\\\/president-of-the-republic-presents-honorary-rank-of-general-and-decorations-to-croatian-defenders-for-contribution-to-homeland-war\\\/#primaryimage\"},\"thumbnailUrl\":\"https:\\\/\\\/www.predsjednik.hr\\\/wp-content\\\/uploads\\\/2025\\\/11\\\/DSC_0144-1.jpg\",\"datePublished\":\"2025-11-17T13:03:43+00:00\",\"dateModified\":\"2025-11-17T13:03:50+00:00\",\"breadcrumb\":{\"@id\":\"https:\\\/\\\/www.predsjednik.hr\\\/en\\\/news\\\/president-of-the-republic-presents-honorary-rank-of-general-and-decorations-to-croatian-defenders-for-contribution-to-homeland-war\\\/#breadcrumb\"},\"inLanguage\":\"en-US\",\"potentialAction\":[{\"@type\":\"ReadAction\",\"target\":[\"https:\\\/\\\/www.predsjednik.hr\\\/en\\\/news\\\/president-of-the-republic-presents-honorary-rank-of-general-and-decorations-to-croatian-defenders-for-contribution-to-homeland-war\\\/\"]}]},{\"@type\":\"ImageObject\",\"inLanguage\":\"en-US\",\"@id\":\"https:\\\/\\\/www.predsjednik.hr\\\/en\\\/news\\\/president-of-the-republic-presents-honorary-rank-of-general-and-decorations-to-croatian-defenders-for-contribution-to-homeland-war\\\/#primaryimage\",\"url\":\"https:\\\/\\\/www.predsjednik.hr\\\/wp-content\\\/uploads\\\/2025\\\/11\\\/DSC_0144-1.jpg\",\"contentUrl\":\"https:\\\/\\\/www.predsjednik.hr\\\/wp-content\\\/uploads\\\/2025\\\/11\\\/DSC_0144-1.jpg\",\"width\":6114,\"height\":3439},{\"@type\":\"BreadcrumbList\",\"@id\":\"https:\\\/\\\/www.predsjednik.hr\\\/en\\\/news\\\/president-of-the-republic-presents-honorary-rank-of-general-and-decorations-to-croatian-defenders-for-contribution-to-homeland-war\\\/#breadcrumb\",\"itemListElement\":[{\"@type\":\"ListItem\",\"position\":1,\"name\":\"Home\",\"item\":\"https:\\\/\\\/www.predsjednik.hr\\\/en\\\/\"},{\"@type\":\"ListItem\",\"position\":2,\"name\":\"Vijesti\",\"item\":\"https:\\\/\\\/www.predsjednik.hr\\\/en\\\/news\\\/\"},{\"@type\":\"ListItem\",\"position\":3,\"name\":\"President of the Republic Presents Honorary Rank of General and Decorations to Croatian Defenders for Contribution to Homeland War\"}]},{\"@type\":\"WebSite\",\"@id\":\"https:\\\/\\\/www.predsjednik.hr\\\/en\\\/#website\",\"url\":\"https:\\\/\\\/www.predsjednik.hr\\\/en\\\/\",\"name\":\"President of the Republic of Croatia - Zoran Milanovi\u0107\",\"description\":\"Just another WordPress site\",\"potentialAction\":[{\"@type\":\"SearchAction\",\"target\":{\"@type\":\"EntryPoint\",\"urlTemplate\":\"https:\\\/\\\/www.predsjednik.hr\\\/en\\\/?s={search_term_string}\"},\"query-input\":{\"@type\":\"PropertyValueSpecification\",\"valueRequired\":true,\"valueName\":\"search_term_string\"}}],\"inLanguage\":\"en-US\"}]}<\/script>\n<!-- \/ Yoast SEO plugin. -->","yoast_head_json":{"title":"President of the Republic Presents Honorary Rank of General and Decorations to Croatian Defenders for Contribution to Homeland War - President of the Republic of Croatia - Zoran Milanovi\u0107","robots":{"index":"index","follow":"follow","max-snippet":"max-snippet:-1","max-image-preview":"max-image-preview:large","max-video-preview":"max-video-preview:-1"},"canonical":"https:\/\/www.predsjednik.hr\/en\/news\/president-of-the-republic-presents-honorary-rank-of-general-and-decorations-to-croatian-defenders-for-contribution-to-homeland-war\/","og_locale":"en_US","og_type":"article","og_title":"President of the Republic Presents Honorary Rank of General and Decorations to Croatian Defenders for Contribution to Homeland War - President of the Republic of Croatia - Zoran Milanovi\u0107","og_description":"\u201cTime passes, the war ended long ago, however, we do not redress injustices with such ranks, but simply bring things into a harmonious, sound order. Congratulations to all those promoted! These are honorary ranks of general, which by the nature of things are few and will become fewer and far between simply because time passes\u201d, the President of the Republic and Commander in Chief of the Croatian Armed Forces Zoran Milanovi\u0107 stated today at a ceremony during which he presented honorary ranks and decorations to Croatian defenders for their contribution to the Homeland War.","og_url":"https:\/\/www.predsjednik.hr\/en\/news\/president-of-the-republic-presents-honorary-rank-of-general-and-decorations-to-croatian-defenders-for-contribution-to-homeland-war\/","og_site_name":"President of the Republic of Croatia - Zoran Milanovi\u0107","article_modified_time":"2025-11-17T13:03:50+00:00","og_image":[{"width":6114,"height":3439,"url":"https:\/\/www.predsjednik.hr\/wp-content\/uploads\/2025\/11\/DSC_0144-1.jpg","type":"image\/jpeg"}],"twitter_card":"summary_large_image","twitter_misc":{"Est. reading time":"3 minutes"},"schema":{"@context":"https:\/\/schema.org","@graph":[{"@type":"WebPage","@id":"https:\/\/www.predsjednik.hr\/en\/news\/president-of-the-republic-presents-honorary-rank-of-general-and-decorations-to-croatian-defenders-for-contribution-to-homeland-war\/","url":"https:\/\/www.predsjednik.hr\/en\/news\/president-of-the-republic-presents-honorary-rank-of-general-and-decorations-to-croatian-defenders-for-contribution-to-homeland-war\/","name":"President of the Republic Presents Honorary Rank of General and Decorations to Croatian Defenders for Contribution to Homeland War - President of the Republic of Croatia - Zoran Milanovi\u0107","isPartOf":{"@id":"https:\/\/www.predsjednik.hr\/en\/#website"},"primaryImageOfPage":{"@id":"https:\/\/www.predsjednik.hr\/en\/news\/president-of-the-republic-presents-honorary-rank-of-general-and-decorations-to-croatian-defenders-for-contribution-to-homeland-war\/#primaryimage"},"image":{"@id":"https:\/\/www.predsjednik.hr\/en\/news\/president-of-the-republic-presents-honorary-rank-of-general-and-decorations-to-croatian-defenders-for-contribution-to-homeland-war\/#primaryimage"},"thumbnailUrl":"https:\/\/www.predsjednik.hr\/wp-content\/uploads\/2025\/11\/DSC_0144-1.jpg","datePublished":"2025-11-17T13:03:43+00:00","dateModified":"2025-11-17T13:03:50+00:00","breadcrumb":{"@id":"https:\/\/www.predsjednik.hr\/en\/news\/president-of-the-republic-presents-honorary-rank-of-general-and-decorations-to-croatian-defenders-for-contribution-to-homeland-war\/#breadcrumb"},"inLanguage":"en-US","potentialAction":[{"@type":"ReadAction","target":["https:\/\/www.predsjednik.hr\/en\/news\/president-of-the-republic-presents-honorary-rank-of-general-and-decorations-to-croatian-defenders-for-contribution-to-homeland-war\/"]}]},{"@type":"ImageObject","inLanguage":"en-US","@id":"https:\/\/www.predsjednik.hr\/en\/news\/president-of-the-republic-presents-honorary-rank-of-general-and-decorations-to-croatian-defenders-for-contribution-to-homeland-war\/#primaryimage","url":"https:\/\/www.predsjednik.hr\/wp-content\/uploads\/2025\/11\/DSC_0144-1.jpg","contentUrl":"https:\/\/www.predsjednik.hr\/wp-content\/uploads\/2025\/11\/DSC_0144-1.jpg","width":6114,"height":3439},{"@type":"BreadcrumbList","@id":"https:\/\/www.predsjednik.hr\/en\/news\/president-of-the-republic-presents-honorary-rank-of-general-and-decorations-to-croatian-defenders-for-contribution-to-homeland-war\/#breadcrumb","itemListElement":[{"@type":"ListItem","position":1,"name":"Home","item":"https:\/\/www.predsjednik.hr\/en\/"},{"@type":"ListItem","position":2,"name":"Vijesti","item":"https:\/\/www.predsjednik.hr\/en\/news\/"},{"@type":"ListItem","position":3,"name":"President of the Republic Presents Honorary Rank of General and Decorations to Croatian Defenders for Contribution to Homeland War"}]},{"@type":"WebSite","@id":"https:\/\/www.predsjednik.hr\/en\/#website","url":"https:\/\/www.predsjednik.hr\/en\/","name":"President of the Republic of Croatia - Zoran Milanovi\u0107","description":"Just another WordPress site","potentialAction":[{"@type":"SearchAction","target":{"@type":"EntryPoint","urlTemplate":"https:\/\/www.predsjednik.hr\/en\/?s={search_term_string}"},"query-input":{"@type":"PropertyValueSpecification","valueRequired":true,"valueName":"search_term_string"}}],"inLanguage":"en-US"}]}},"_links":{"self":[{"href":"https:\/\/www.predsjednik.hr\/en\/wp-json\/wp\/v2\/news\/40952","targetHints":{"allow":["GET"]}}],"collection":[{"href":"https:\/\/www.predsjednik.hr\/en\/wp-json\/wp\/v2\/news"}],"about":[{"href":"https:\/\/www.predsjednik.hr\/en\/wp-json\/wp\/v2\/types\/news"}],"wp:featuredmedia":[{"embeddable":true,"href":"https:\/\/www.predsjednik.hr\/en\/wp-json\/wp\/v2\/media\/40926"}],"wp:attachment":[{"href":"https:\/\/www.predsjednik.hr\/en\/wp-json\/wp\/v2\/media?parent=40952"}],"wp:term":[{"taxonomy":"news-cat","embeddable":true,"href":"https:\/\/www.predsjednik.hr\/en\/wp-json\/wp\/v2\/news-cat?post=40952"}],"curies":[{"name":"wp","href":"https:\/\/api.w.org\/{rel}","templated":true}]}}