{"id":41645,"date":"2026-01-09T20:59:00","date_gmt":"2026-01-09T19:59:00","guid":{"rendered":"https:\/\/www.predsjednik.hr\/?post_type=news&#038;p=41645"},"modified":"2026-01-12T13:00:29","modified_gmt":"2026-01-12T12:00:29","slug":"president-milanovic-the-croatian-state-right-has-never-been-interrupted-nor-have-its-symbols-been-destroyed","status":"publish","type":"news","link":"https:\/\/www.predsjednik.hr\/en\/news\/president-milanovic-the-croatian-state-right-has-never-been-interrupted-nor-have-its-symbols-been-destroyed\/","title":{"rendered":"President Milanovi\u0107: The Croatian state right has never been interrupted, nor have its symbols been destroyed"},"content":{"rendered":"\n<p>The President of the Republic Zoran Milanovi\u0107 participated today in \u010cakovec in the commemoration of January 9th \u2013 the Day of the Unification of Me\u0111imurje with the motherland, Croatia. On this day, at a large public assembly held on Franciscan Square in \u010cakovec, around ten thousand people from Me\u0111imurje unanimously decided on 9 January 1919 to secede from Hungary and join their homeland, Croatia.<\/p>\n\n\n\n<p>In his address, President Milanovi\u0107 described the event as significant but also complex, emphasizing that Me\u0111imurje is a unique Croatian region with a distinctive status and a particular history of its union with Croatia.<\/p>\n\n\n\n<p>\u201cFor me, the most important date in the history of Me\u0111imurje is not the one we commemorate today, but the day when King Ferdinand entrusted this town and province to the Zrinskis, the Bribir princes, and the \u0160ubi\u0107 family to govern. These were Dalmatian families, people from the south who, through the wars against the Ottomans, earned great favour and played a crucial role in shaping the Croatian identity of this region, which is both Slavic and Kajkavian,\u201d said President Milanovi\u0107.<\/p>\n\n\n\n<p>\u201cCroatia has largely grounded its statehood and aspirations on historical rights to a state, rather than on blood, soil, or genetic origin. It is based on the continuous state right, which has never been interrupted, even after alliances with the Hungarians and the Habsburg crown. It is always and only the right of Croatian princes and kings, a right that has never ceased, whose symbols, marks, and institutions were never suppressed or destroyed,\u201d the President emphasized.<\/p>\n\n\n\n<p>He further recalled that at the time of the unification of Me\u0111imurje with Croatia, it was an international entity that represented the most opportune solution for Croats, the Kingdom of Serbs, Croats, and Slovenes, where almost all Croats lived. \u201cIt was a tool in a particular historical period that ultimately led to the Croatian state we have today. A hundred years ago, things were different, and in that context, Me\u0111imurje was destined to become part of the future Croatia,\u201d President Milanovi\u0107 concluded, asserting that \u201cMe\u0111imurje has always had its Croatian identity here.\u201d<\/p>\n\n\n\n<p>Today, \u010cakovec marks one of the most important dates in the history of Me\u0111imurje \u2013 the Day of the Unification of Me\u0111imurje with the motherland, Croatia. On this day, the people of Me\u0111imurje demonstrated their awareness of their origins, their right to their native language, and their connection to the Croatian people. In 2019, the Croatian Parliament declared January 9<sup>th<\/sup> a memorial day.<\/p>\n\n\n\n<p>In addition to President Milanovi\u0107, the commemorative ceremony, featuring a musical programme titled \u201cAn Evening of Me\u0111imurje Identity,\u201d was attended by Prof. Ivan Pranji\u0107, Vice President of the Matica Hrvatska Branch in \u010cakovec; Ljerka Cividini, Mayor of \u010cakovec; Matija Posavec, Prefect of Me\u0111imurje County; and Dra\u017een Srpak, Mayor of Mursko Sredi\u0161\u0107e and delegate of the Speaker of the Croatian Parliament.<\/p>\n\n\n\n<p>President Milanovi\u0107 was accompanied by the Adviser to the President of the Republic for Local and Regional Self-Government Relations Nik\u0161a Peronja.<\/p>\n\n\n<!--GALLERY BLOCK-->\n<div class=\"c-lightbox-gallery js-lightbox\">\n                <!--single-->\n            <a data-no-swup class=\"c-lightbox-gallery__single js-lightbox-single\"\n               href=\"https:\/\/www.predsjednik.hr\/wp-content\/uploads\/2026\/01\/DSC_5020-1024x576.jpg\"\n               style=\"background-image: url('https:\/\/www.predsjednik.hr\/wp-content\/uploads\/2026\/01\/DSC_5020-768x432.jpg')\"><\/a>\n            <!--end single-->\n                    <!--single-->\n            <a data-no-swup class=\"c-lightbox-gallery__single js-lightbox-single\"\n               href=\"https:\/\/www.predsjednik.hr\/wp-content\/uploads\/2026\/01\/DSC_5082-1024x576.jpg\"\n               style=\"background-image: url('https:\/\/www.predsjednik.hr\/wp-content\/uploads\/2026\/01\/DSC_5082-768x432.jpg')\"><\/a>\n            <!--end single-->\n                    <!--single-->\n            <a data-no-swup class=\"c-lightbox-gallery__single js-lightbox-single\"\n               href=\"https:\/\/www.predsjednik.hr\/wp-content\/uploads\/2026\/01\/DSC_5104-1-1024x576.jpg\"\n               style=\"background-image: url('https:\/\/www.predsjednik.hr\/wp-content\/uploads\/2026\/01\/DSC_5104-1-768x432.jpg')\"><\/a>\n            <!--end single-->\n                    <!--single-->\n            <a data-no-swup class=\"c-lightbox-gallery__single js-lightbox-single\"\n               href=\"https:\/\/www.predsjednik.hr\/wp-content\/uploads\/2026\/01\/DSC_5141-1-1024x576.jpg\"\n               style=\"background-image: url('https:\/\/www.predsjednik.hr\/wp-content\/uploads\/2026\/01\/DSC_5141-1-768x432.jpg')\"><\/a>\n            <!--end single-->\n                    <!--single-->\n            <a data-no-swup class=\"c-lightbox-gallery__single js-lightbox-single\"\n               href=\"https:\/\/www.predsjednik.hr\/wp-content\/uploads\/2026\/01\/DSC_5158-1024x576.jpg\"\n               style=\"background-image: url('https:\/\/www.predsjednik.hr\/wp-content\/uploads\/2026\/01\/DSC_5158-768x432.jpg')\"><\/a>\n            <!--end single-->\n        <\/div>\n<!--end GALLERY BLOCK-->\n\n\n\n<p>PHOTO: Office of the President of the Republic of Croatia \/ Filip Glas<\/p>\n","protected":false},"excerpt":{"rendered":"<p>The President of the Republic Zoran Milanovi\u0107 participated today in \u010cakovec in the commemoration of January 9th \u2013 the Day of the Unification of Me\u0111imurje with the motherland, Croatia. On this day, at a large public assembly held on Franciscan Square in \u010cakovec, around ten thousand people from Me\u0111imurje unanimously decided on 9 January 1919 to secede from Hungary and join their homeland, Croatia.<\/p>\n","protected":false},"featured_media":41644,"template":"","news-cat":[12],"class_list":["post-41645","news","type-news","status-publish","has-post-thumbnail","hentry","news-cat-news"],"acf":[],"yoast_head":"<!-- This site is optimized with the Yoast SEO plugin v27.5 - https:\/\/yoast.com\/product\/yoast-seo-wordpress\/ -->\n<title>President Milanovi\u0107: The Croatian state right has never been interrupted, nor have its symbols been destroyed - President of the Republic of Croatia - Zoran Milanovi\u0107<\/title>\n<meta name=\"robots\" content=\"index, follow, max-snippet:-1, max-image-preview:large, max-video-preview:-1\" \/>\n<link rel=\"canonical\" href=\"https:\/\/www.predsjednik.hr\/en\/news\/president-milanovic-the-croatian-state-right-has-never-been-interrupted-nor-have-its-symbols-been-destroyed\/\" \/>\n<meta property=\"og:locale\" content=\"en_US\" \/>\n<meta property=\"og:type\" content=\"article\" \/>\n<meta property=\"og:title\" content=\"President Milanovi\u0107: The Croatian state right has never been interrupted, nor have its symbols been destroyed - President of the Republic of Croatia - Zoran Milanovi\u0107\" \/>\n<meta property=\"og:description\" content=\"The President of the Republic Zoran Milanovi\u0107 participated today in \u010cakovec in the commemoration of January 9th \u2013 the Day of the Unification of Me\u0111imurje with the motherland, Croatia. On this day, at a large public assembly held on Franciscan Square in \u010cakovec, around ten thousand people from Me\u0111imurje unanimously decided on 9 January 1919 to secede from Hungary and join their homeland, Croatia.\" \/>\n<meta property=\"og:url\" content=\"https:\/\/www.predsjednik.hr\/en\/news\/president-milanovic-the-croatian-state-right-has-never-been-interrupted-nor-have-its-symbols-been-destroyed\/\" \/>\n<meta property=\"og:site_name\" content=\"President of the Republic of Croatia - Zoran Milanovi\u0107\" \/>\n<meta property=\"article:modified_time\" content=\"2026-01-12T12:00:29+00:00\" \/>\n<meta property=\"og:image\" content=\"https:\/\/www.predsjednik.hr\/wp-content\/uploads\/2026\/01\/DSC_5141-1.jpg\" \/>\n\t<meta property=\"og:image:width\" content=\"3240\" \/>\n\t<meta property=\"og:image:height\" content=\"1822\" \/>\n\t<meta property=\"og:image:type\" content=\"image\/jpeg\" \/>\n<meta name=\"twitter:card\" content=\"summary_large_image\" \/>\n<meta name=\"twitter:label1\" content=\"Est. reading time\" \/>\n\t<meta name=\"twitter:data1\" content=\"3 minutes\" \/>\n<script type=\"application\/ld+json\" class=\"yoast-schema-graph\">{\"@context\":\"https:\\\/\\\/schema.org\",\"@graph\":[{\"@type\":\"WebPage\",\"@id\":\"https:\\\/\\\/www.predsjednik.hr\\\/en\\\/news\\\/president-milanovic-the-croatian-state-right-has-never-been-interrupted-nor-have-its-symbols-been-destroyed\\\/\",\"url\":\"https:\\\/\\\/www.predsjednik.hr\\\/en\\\/news\\\/president-milanovic-the-croatian-state-right-has-never-been-interrupted-nor-have-its-symbols-been-destroyed\\\/\",\"name\":\"President Milanovi\u0107: The Croatian state right has never been interrupted, nor have its symbols been destroyed - President of the Republic of Croatia - Zoran Milanovi\u0107\",\"isPartOf\":{\"@id\":\"https:\\\/\\\/www.predsjednik.hr\\\/en\\\/#website\"},\"primaryImageOfPage\":{\"@id\":\"https:\\\/\\\/www.predsjednik.hr\\\/en\\\/news\\\/president-milanovic-the-croatian-state-right-has-never-been-interrupted-nor-have-its-symbols-been-destroyed\\\/#primaryimage\"},\"image\":{\"@id\":\"https:\\\/\\\/www.predsjednik.hr\\\/en\\\/news\\\/president-milanovic-the-croatian-state-right-has-never-been-interrupted-nor-have-its-symbols-been-destroyed\\\/#primaryimage\"},\"thumbnailUrl\":\"https:\\\/\\\/www.predsjednik.hr\\\/wp-content\\\/uploads\\\/2026\\\/01\\\/DSC_5141-1.jpg\",\"datePublished\":\"2026-01-09T19:59:00+00:00\",\"dateModified\":\"2026-01-12T12:00:29+00:00\",\"breadcrumb\":{\"@id\":\"https:\\\/\\\/www.predsjednik.hr\\\/en\\\/news\\\/president-milanovic-the-croatian-state-right-has-never-been-interrupted-nor-have-its-symbols-been-destroyed\\\/#breadcrumb\"},\"inLanguage\":\"en-US\",\"potentialAction\":[{\"@type\":\"ReadAction\",\"target\":[\"https:\\\/\\\/www.predsjednik.hr\\\/en\\\/news\\\/president-milanovic-the-croatian-state-right-has-never-been-interrupted-nor-have-its-symbols-been-destroyed\\\/\"]}]},{\"@type\":\"ImageObject\",\"inLanguage\":\"en-US\",\"@id\":\"https:\\\/\\\/www.predsjednik.hr\\\/en\\\/news\\\/president-milanovic-the-croatian-state-right-has-never-been-interrupted-nor-have-its-symbols-been-destroyed\\\/#primaryimage\",\"url\":\"https:\\\/\\\/www.predsjednik.hr\\\/wp-content\\\/uploads\\\/2026\\\/01\\\/DSC_5141-1.jpg\",\"contentUrl\":\"https:\\\/\\\/www.predsjednik.hr\\\/wp-content\\\/uploads\\\/2026\\\/01\\\/DSC_5141-1.jpg\",\"width\":3240,\"height\":1822},{\"@type\":\"BreadcrumbList\",\"@id\":\"https:\\\/\\\/www.predsjednik.hr\\\/en\\\/news\\\/president-milanovic-the-croatian-state-right-has-never-been-interrupted-nor-have-its-symbols-been-destroyed\\\/#breadcrumb\",\"itemListElement\":[{\"@type\":\"ListItem\",\"position\":1,\"name\":\"Home\",\"item\":\"https:\\\/\\\/www.predsjednik.hr\\\/en\\\/\"},{\"@type\":\"ListItem\",\"position\":2,\"name\":\"Vijesti\",\"item\":\"https:\\\/\\\/www.predsjednik.hr\\\/en\\\/news\\\/\"},{\"@type\":\"ListItem\",\"position\":3,\"name\":\"President Milanovi\u0107: The Croatian state right has never been interrupted, nor have its symbols been destroyed\"}]},{\"@type\":\"WebSite\",\"@id\":\"https:\\\/\\\/www.predsjednik.hr\\\/en\\\/#website\",\"url\":\"https:\\\/\\\/www.predsjednik.hr\\\/en\\\/\",\"name\":\"President of the Republic of Croatia - Zoran Milanovi\u0107\",\"description\":\"Just another WordPress site\",\"potentialAction\":[{\"@type\":\"SearchAction\",\"target\":{\"@type\":\"EntryPoint\",\"urlTemplate\":\"https:\\\/\\\/www.predsjednik.hr\\\/en\\\/?s={search_term_string}\"},\"query-input\":{\"@type\":\"PropertyValueSpecification\",\"valueRequired\":true,\"valueName\":\"search_term_string\"}}],\"inLanguage\":\"en-US\"}]}<\/script>\n<!-- \/ Yoast SEO plugin. -->","yoast_head_json":{"title":"President Milanovi\u0107: The Croatian state right has never been interrupted, nor have its symbols been destroyed - President of the Republic of Croatia - Zoran Milanovi\u0107","robots":{"index":"index","follow":"follow","max-snippet":"max-snippet:-1","max-image-preview":"max-image-preview:large","max-video-preview":"max-video-preview:-1"},"canonical":"https:\/\/www.predsjednik.hr\/en\/news\/president-milanovic-the-croatian-state-right-has-never-been-interrupted-nor-have-its-symbols-been-destroyed\/","og_locale":"en_US","og_type":"article","og_title":"President Milanovi\u0107: The Croatian state right has never been interrupted, nor have its symbols been destroyed - President of the Republic of Croatia - Zoran Milanovi\u0107","og_description":"The President of the Republic Zoran Milanovi\u0107 participated today in \u010cakovec in the commemoration of January 9th \u2013 the Day of the Unification of Me\u0111imurje with the motherland, Croatia. On this day, at a large public assembly held on Franciscan Square in \u010cakovec, around ten thousand people from Me\u0111imurje unanimously decided on 9 January 1919 to secede from Hungary and join their homeland, Croatia.","og_url":"https:\/\/www.predsjednik.hr\/en\/news\/president-milanovic-the-croatian-state-right-has-never-been-interrupted-nor-have-its-symbols-been-destroyed\/","og_site_name":"President of the Republic of Croatia - Zoran Milanovi\u0107","article_modified_time":"2026-01-12T12:00:29+00:00","og_image":[{"width":3240,"height":1822,"url":"https:\/\/www.predsjednik.hr\/wp-content\/uploads\/2026\/01\/DSC_5141-1.jpg","type":"image\/jpeg"}],"twitter_card":"summary_large_image","twitter_misc":{"Est. reading time":"3 minutes"},"schema":{"@context":"https:\/\/schema.org","@graph":[{"@type":"WebPage","@id":"https:\/\/www.predsjednik.hr\/en\/news\/president-milanovic-the-croatian-state-right-has-never-been-interrupted-nor-have-its-symbols-been-destroyed\/","url":"https:\/\/www.predsjednik.hr\/en\/news\/president-milanovic-the-croatian-state-right-has-never-been-interrupted-nor-have-its-symbols-been-destroyed\/","name":"President Milanovi\u0107: The Croatian state right has never been interrupted, nor have its symbols been destroyed - President of the Republic of Croatia - Zoran Milanovi\u0107","isPartOf":{"@id":"https:\/\/www.predsjednik.hr\/en\/#website"},"primaryImageOfPage":{"@id":"https:\/\/www.predsjednik.hr\/en\/news\/president-milanovic-the-croatian-state-right-has-never-been-interrupted-nor-have-its-symbols-been-destroyed\/#primaryimage"},"image":{"@id":"https:\/\/www.predsjednik.hr\/en\/news\/president-milanovic-the-croatian-state-right-has-never-been-interrupted-nor-have-its-symbols-been-destroyed\/#primaryimage"},"thumbnailUrl":"https:\/\/www.predsjednik.hr\/wp-content\/uploads\/2026\/01\/DSC_5141-1.jpg","datePublished":"2026-01-09T19:59:00+00:00","dateModified":"2026-01-12T12:00:29+00:00","breadcrumb":{"@id":"https:\/\/www.predsjednik.hr\/en\/news\/president-milanovic-the-croatian-state-right-has-never-been-interrupted-nor-have-its-symbols-been-destroyed\/#breadcrumb"},"inLanguage":"en-US","potentialAction":[{"@type":"ReadAction","target":["https:\/\/www.predsjednik.hr\/en\/news\/president-milanovic-the-croatian-state-right-has-never-been-interrupted-nor-have-its-symbols-been-destroyed\/"]}]},{"@type":"ImageObject","inLanguage":"en-US","@id":"https:\/\/www.predsjednik.hr\/en\/news\/president-milanovic-the-croatian-state-right-has-never-been-interrupted-nor-have-its-symbols-been-destroyed\/#primaryimage","url":"https:\/\/www.predsjednik.hr\/wp-content\/uploads\/2026\/01\/DSC_5141-1.jpg","contentUrl":"https:\/\/www.predsjednik.hr\/wp-content\/uploads\/2026\/01\/DSC_5141-1.jpg","width":3240,"height":1822},{"@type":"BreadcrumbList","@id":"https:\/\/www.predsjednik.hr\/en\/news\/president-milanovic-the-croatian-state-right-has-never-been-interrupted-nor-have-its-symbols-been-destroyed\/#breadcrumb","itemListElement":[{"@type":"ListItem","position":1,"name":"Home","item":"https:\/\/www.predsjednik.hr\/en\/"},{"@type":"ListItem","position":2,"name":"Vijesti","item":"https:\/\/www.predsjednik.hr\/en\/news\/"},{"@type":"ListItem","position":3,"name":"President Milanovi\u0107: The Croatian state right has never been interrupted, nor have its symbols been destroyed"}]},{"@type":"WebSite","@id":"https:\/\/www.predsjednik.hr\/en\/#website","url":"https:\/\/www.predsjednik.hr\/en\/","name":"President of the Republic of Croatia - Zoran Milanovi\u0107","description":"Just another WordPress site","potentialAction":[{"@type":"SearchAction","target":{"@type":"EntryPoint","urlTemplate":"https:\/\/www.predsjednik.hr\/en\/?s={search_term_string}"},"query-input":{"@type":"PropertyValueSpecification","valueRequired":true,"valueName":"search_term_string"}}],"inLanguage":"en-US"}]}},"_links":{"self":[{"href":"https:\/\/www.predsjednik.hr\/en\/wp-json\/wp\/v2\/news\/41645","targetHints":{"allow":["GET"]}}],"collection":[{"href":"https:\/\/www.predsjednik.hr\/en\/wp-json\/wp\/v2\/news"}],"about":[{"href":"https:\/\/www.predsjednik.hr\/en\/wp-json\/wp\/v2\/types\/news"}],"wp:featuredmedia":[{"embeddable":true,"href":"https:\/\/www.predsjednik.hr\/en\/wp-json\/wp\/v2\/media\/41644"}],"wp:attachment":[{"href":"https:\/\/www.predsjednik.hr\/en\/wp-json\/wp\/v2\/media?parent=41645"}],"wp:term":[{"taxonomy":"news-cat","embeddable":true,"href":"https:\/\/www.predsjednik.hr\/en\/wp-json\/wp\/v2\/news-cat?post=41645"}],"curies":[{"name":"wp","href":"https:\/\/api.w.org\/{rel}","templated":true}]}}