{"id":42243,"date":"2026-03-02T13:15:04","date_gmt":"2026-03-02T12:15:04","guid":{"rendered":"https:\/\/www.predsjednik.hr\/?post_type=news&#038;p=42243"},"modified":"2026-03-02T13:15:14","modified_gmt":"2026-03-02T12:15:14","slug":"president-of-the-republic-receives-members-of-fers-academic-male-choir-on-the-occasion-of-10-years-of-activity","status":"publish","type":"news","link":"https:\/\/www.predsjednik.hr\/en\/news\/president-of-the-republic-receives-members-of-fers-academic-male-choir-on-the-occasion-of-10-years-of-activity\/","title":{"rendered":"President of the Republic Receives Members of FER\u2019s Academic Male Choir on the Occasion of 10 Years of Activity"},"content":{"rendered":"\n<p>The President of the Republic Zoran Milanovi\u0107 received today the members of the Academic Male Choir of the University of Zagreb\u2019s Faculty of Electrical Engineering and Computing (FER) on the occasion of the choir\u2019s ten years of activity. The choir will celebrate its tenth anniversary with a number of activities, and the main celebration will be held in May in Vatroslav Lisinski Concert Hall under the patronage of the President of the Republic.&nbsp;<\/p>\n\n\n\n<p>The Academic Male Choir of FER was founded in January 2016 on the initiative of choir conductor Josip degl&#8217; Ivellio and the then dean of FER Prof. Mislav Grgi\u0107. The choir is comprised mainly of present and past FER students but of other faculties as well. Today it has 35 members, and up to now 150 members participated in its work of whom the majority will perform at the main celebration in Vatroslav Lisinski Concert Hall, choir conductor Josip degl&#8217; Ivellio noted after introducing the choir to President Milanovi\u0107.<\/p>\n\n\n\n<p>The choir members introduced themselves by performing the composition \u201cJadranu\u201c by Jakov Gotovac and \u201cU na\u0161eg Marina\u201c by Dinko Fio, thus confirming that they surpass the standards of amateurism and classify themselves in a nearly professional male choir with their performances. According to the choir conductor, in Croatia today there are actually only three male choirs, of which one is the Academic Male Choir of FER. Besides nurturing male choir singing, the peculiarity of the choir is its repertoire which is based on classical choir literature, primarily featuring Croatian authors.<\/p>\n\n\n\n<p>The choir has so far held more than 200 concerts and appearances throughout Croatia and abroad, and it performed at the first general audience of Pope Leo XIV in May 2025. It is the winner of numerous music awards, including the gold plaque in 2024 as the absolute winner of the Zagreb choir competition.<\/p>\n\n\n\n<p>Present in the Office of the President of the Republic were the following choir members: Vladimir Fistri\u0107, Quinn Lee Fletcher, Noa Milin, Jan \u0160tajfer, Hrvoje Lada\u0161i\u0107, Niko Matkovi\u0107, Aryan Ghiassi, Kristian Jambro\u0161i\u0107, Davor Pavlovi\u0107, Ivan Radak, Domagoj \u017dokalj, Karlo Kevi\u0107, Sergej Zajcev, Herman Zvonimir Do\u0161ilovi\u0107, Nikola Sebastian Jambro\u0161i\u0107, Dominik Milde, Dario Vrbaslija, Josip Bogdanovi\u0107, Luka Grubi\u0161in, Duje \u0106ubeli\u0107, Ivan Timko, Gabrijel Raji\u0107, Sre\u0107ko Matkovi\u0107, Anatoly Milashin, Lovro Bu\u010dar and Frane Kuzmani\u0107.<\/p>\n\n\n\n<p>Alongside the choir members were the co-founder of the choir, the first prefect of the choir currently the chancellor of the choir and dean of FER from 2014 to 2018 Prof. Mislav Grgi\u0107, dean of FER from 2018 to 2022 Prof. Gordan Gledec as well as the conductor and co-founder of the choir, maestro Josip degl&#8217; Ivellio.<\/p>\n\n\n\n<p>Alongside President Milanovi\u0107 was the Adviser to the President for Education Jadranka \u017darkovi\u0107.<\/p>\n\n\n<!--GALLERY BLOCK-->\n<div class=\"c-lightbox-gallery js-lightbox\">\n                <!--single-->\n            <a data-no-swup class=\"c-lightbox-gallery__single js-lightbox-single\"\n               href=\"https:\/\/www.predsjednik.hr\/wp-content\/uploads\/2026\/03\/DSC_1021-1024x576.jpg\"\n               style=\"background-image: url('https:\/\/www.predsjednik.hr\/wp-content\/uploads\/2026\/03\/DSC_1021-768x432.jpg')\"><\/a>\n            <!--end single-->\n                    <!--single-->\n            <a data-no-swup class=\"c-lightbox-gallery__single js-lightbox-single\"\n               href=\"https:\/\/www.predsjednik.hr\/wp-content\/uploads\/2026\/03\/DSC_1160-1024x576.jpg\"\n               style=\"background-image: url('https:\/\/www.predsjednik.hr\/wp-content\/uploads\/2026\/03\/DSC_1160-768x432.jpg')\"><\/a>\n            <!--end single-->\n                    <!--single-->\n            <a data-no-swup class=\"c-lightbox-gallery__single js-lightbox-single\"\n               href=\"https:\/\/www.predsjednik.hr\/wp-content\/uploads\/2026\/03\/DSC_1176-1024x683.jpg\"\n               style=\"background-image: url('https:\/\/www.predsjednik.hr\/wp-content\/uploads\/2026\/03\/DSC_1176-768x512.jpg')\"><\/a>\n            <!--end single-->\n                    <!--single-->\n            <a data-no-swup class=\"c-lightbox-gallery__single js-lightbox-single\"\n               href=\"https:\/\/www.predsjednik.hr\/wp-content\/uploads\/2026\/03\/DSC_1268-1024x576.jpg\"\n               style=\"background-image: url('https:\/\/www.predsjednik.hr\/wp-content\/uploads\/2026\/03\/DSC_1268-768x432.jpg')\"><\/a>\n            <!--end single-->\n        <\/div>\n<!--end GALLERY BLOCK-->\n\n\n\n<p>PHOTO: Office of the President of the Republic of Croatia \/ Dario Andri\u0161ek<\/p>\n","protected":false},"excerpt":{"rendered":"<p>The President of the Republic Zoran Milanovi\u0107 received today the members of the Academic Male Choir of the University of Zagreb\u2019s Faculty of Electrical Engineering and Computing (FER) on the occasion of the choir\u2019s ten years of activity. The choir will celebrate its tenth anniversary with a number of activities, and the main celebration will be held in May in Vatroslav Lisinski Concert Hall under the patronage of the President of the Republic.\u00a0<\/p>\n","protected":false},"featured_media":42242,"template":"","news-cat":[12],"class_list":["post-42243","news","type-news","status-publish","has-post-thumbnail","hentry","news-cat-news"],"acf":[],"yoast_head":"<!-- This site is optimized with the Yoast SEO plugin v27.5 - https:\/\/yoast.com\/product\/yoast-seo-wordpress\/ -->\n<title>President of the Republic Receives Members of FER\u2019s Academic Male Choir on the Occasion of 10 Years of Activity - President of the Republic of Croatia - Zoran Milanovi\u0107<\/title>\n<meta name=\"robots\" content=\"index, follow, max-snippet:-1, max-image-preview:large, max-video-preview:-1\" \/>\n<link rel=\"canonical\" href=\"https:\/\/www.predsjednik.hr\/en\/news\/president-of-the-republic-receives-members-of-fers-academic-male-choir-on-the-occasion-of-10-years-of-activity\/\" \/>\n<meta property=\"og:locale\" content=\"en_US\" \/>\n<meta property=\"og:type\" content=\"article\" \/>\n<meta property=\"og:title\" content=\"President of the Republic Receives Members of FER\u2019s Academic Male Choir on the Occasion of 10 Years of Activity - President of the Republic of Croatia - Zoran Milanovi\u0107\" \/>\n<meta property=\"og:description\" content=\"The President of the Republic Zoran Milanovi\u0107 received today the members of the Academic Male Choir of the University of Zagreb\u2019s Faculty of Electrical Engineering and Computing (FER) on the occasion of the choir\u2019s ten years of activity. The choir will celebrate its tenth anniversary with a number of activities, and the main celebration will be held in May in Vatroslav Lisinski Concert Hall under the patronage of the President of the Republic.\u00a0\" \/>\n<meta property=\"og:url\" content=\"https:\/\/www.predsjednik.hr\/en\/news\/president-of-the-republic-receives-members-of-fers-academic-male-choir-on-the-occasion-of-10-years-of-activity\/\" \/>\n<meta property=\"og:site_name\" content=\"President of the Republic of Croatia - Zoran Milanovi\u0107\" \/>\n<meta property=\"article:modified_time\" content=\"2026-03-02T12:15:14+00:00\" \/>\n<meta property=\"og:image\" content=\"https:\/\/www.predsjednik.hr\/wp-content\/uploads\/2026\/03\/DSC_1160.jpg\" \/>\n\t<meta property=\"og:image:width\" content=\"5572\" \/>\n\t<meta property=\"og:image:height\" content=\"3134\" \/>\n\t<meta property=\"og:image:type\" content=\"image\/jpeg\" \/>\n<meta name=\"twitter:card\" content=\"summary_large_image\" \/>\n<meta name=\"twitter:label1\" content=\"Est. reading time\" \/>\n\t<meta name=\"twitter:data1\" content=\"2 minutes\" \/>\n<script type=\"application\/ld+json\" class=\"yoast-schema-graph\">{\"@context\":\"https:\\\/\\\/schema.org\",\"@graph\":[{\"@type\":\"WebPage\",\"@id\":\"https:\\\/\\\/www.predsjednik.hr\\\/en\\\/news\\\/president-of-the-republic-receives-members-of-fers-academic-male-choir-on-the-occasion-of-10-years-of-activity\\\/\",\"url\":\"https:\\\/\\\/www.predsjednik.hr\\\/en\\\/news\\\/president-of-the-republic-receives-members-of-fers-academic-male-choir-on-the-occasion-of-10-years-of-activity\\\/\",\"name\":\"President of the Republic Receives Members of FER\u2019s Academic Male Choir on the Occasion of 10 Years of Activity - President of the Republic of Croatia - Zoran Milanovi\u0107\",\"isPartOf\":{\"@id\":\"https:\\\/\\\/www.predsjednik.hr\\\/en\\\/#website\"},\"primaryImageOfPage\":{\"@id\":\"https:\\\/\\\/www.predsjednik.hr\\\/en\\\/news\\\/president-of-the-republic-receives-members-of-fers-academic-male-choir-on-the-occasion-of-10-years-of-activity\\\/#primaryimage\"},\"image\":{\"@id\":\"https:\\\/\\\/www.predsjednik.hr\\\/en\\\/news\\\/president-of-the-republic-receives-members-of-fers-academic-male-choir-on-the-occasion-of-10-years-of-activity\\\/#primaryimage\"},\"thumbnailUrl\":\"https:\\\/\\\/www.predsjednik.hr\\\/wp-content\\\/uploads\\\/2026\\\/03\\\/DSC_1160.jpg\",\"datePublished\":\"2026-03-02T12:15:04+00:00\",\"dateModified\":\"2026-03-02T12:15:14+00:00\",\"breadcrumb\":{\"@id\":\"https:\\\/\\\/www.predsjednik.hr\\\/en\\\/news\\\/president-of-the-republic-receives-members-of-fers-academic-male-choir-on-the-occasion-of-10-years-of-activity\\\/#breadcrumb\"},\"inLanguage\":\"en-US\",\"potentialAction\":[{\"@type\":\"ReadAction\",\"target\":[\"https:\\\/\\\/www.predsjednik.hr\\\/en\\\/news\\\/president-of-the-republic-receives-members-of-fers-academic-male-choir-on-the-occasion-of-10-years-of-activity\\\/\"]}]},{\"@type\":\"ImageObject\",\"inLanguage\":\"en-US\",\"@id\":\"https:\\\/\\\/www.predsjednik.hr\\\/en\\\/news\\\/president-of-the-republic-receives-members-of-fers-academic-male-choir-on-the-occasion-of-10-years-of-activity\\\/#primaryimage\",\"url\":\"https:\\\/\\\/www.predsjednik.hr\\\/wp-content\\\/uploads\\\/2026\\\/03\\\/DSC_1160.jpg\",\"contentUrl\":\"https:\\\/\\\/www.predsjednik.hr\\\/wp-content\\\/uploads\\\/2026\\\/03\\\/DSC_1160.jpg\",\"width\":5572,\"height\":3134,\"caption\":\"Predsjednik Republike primio \u010dlanove Akademskog mu\u0161kog zbora FER-a povodom obilje\u017eavanja 10 godina djelovanja\"},{\"@type\":\"BreadcrumbList\",\"@id\":\"https:\\\/\\\/www.predsjednik.hr\\\/en\\\/news\\\/president-of-the-republic-receives-members-of-fers-academic-male-choir-on-the-occasion-of-10-years-of-activity\\\/#breadcrumb\",\"itemListElement\":[{\"@type\":\"ListItem\",\"position\":1,\"name\":\"Home\",\"item\":\"https:\\\/\\\/www.predsjednik.hr\\\/en\\\/\"},{\"@type\":\"ListItem\",\"position\":2,\"name\":\"Vijesti\",\"item\":\"https:\\\/\\\/www.predsjednik.hr\\\/en\\\/news\\\/\"},{\"@type\":\"ListItem\",\"position\":3,\"name\":\"President of the Republic Receives Members of FER\u2019s Academic Male Choir on the Occasion of 10 Years of Activity\"}]},{\"@type\":\"WebSite\",\"@id\":\"https:\\\/\\\/www.predsjednik.hr\\\/en\\\/#website\",\"url\":\"https:\\\/\\\/www.predsjednik.hr\\\/en\\\/\",\"name\":\"President of the Republic of Croatia - Zoran Milanovi\u0107\",\"description\":\"Just another WordPress site\",\"potentialAction\":[{\"@type\":\"SearchAction\",\"target\":{\"@type\":\"EntryPoint\",\"urlTemplate\":\"https:\\\/\\\/www.predsjednik.hr\\\/en\\\/?s={search_term_string}\"},\"query-input\":{\"@type\":\"PropertyValueSpecification\",\"valueRequired\":true,\"valueName\":\"search_term_string\"}}],\"inLanguage\":\"en-US\"}]}<\/script>\n<!-- \/ Yoast SEO plugin. -->","yoast_head_json":{"title":"President of the Republic Receives Members of FER\u2019s Academic Male Choir on the Occasion of 10 Years of Activity - President of the Republic of Croatia - Zoran Milanovi\u0107","robots":{"index":"index","follow":"follow","max-snippet":"max-snippet:-1","max-image-preview":"max-image-preview:large","max-video-preview":"max-video-preview:-1"},"canonical":"https:\/\/www.predsjednik.hr\/en\/news\/president-of-the-republic-receives-members-of-fers-academic-male-choir-on-the-occasion-of-10-years-of-activity\/","og_locale":"en_US","og_type":"article","og_title":"President of the Republic Receives Members of FER\u2019s Academic Male Choir on the Occasion of 10 Years of Activity - President of the Republic of Croatia - Zoran Milanovi\u0107","og_description":"The President of the Republic Zoran Milanovi\u0107 received today the members of the Academic Male Choir of the University of Zagreb\u2019s Faculty of Electrical Engineering and Computing (FER) on the occasion of the choir\u2019s ten years of activity. The choir will celebrate its tenth anniversary with a number of activities, and the main celebration will be held in May in Vatroslav Lisinski Concert Hall under the patronage of the President of the Republic.\u00a0","og_url":"https:\/\/www.predsjednik.hr\/en\/news\/president-of-the-republic-receives-members-of-fers-academic-male-choir-on-the-occasion-of-10-years-of-activity\/","og_site_name":"President of the Republic of Croatia - Zoran Milanovi\u0107","article_modified_time":"2026-03-02T12:15:14+00:00","og_image":[{"width":5572,"height":3134,"url":"https:\/\/www.predsjednik.hr\/wp-content\/uploads\/2026\/03\/DSC_1160.jpg","type":"image\/jpeg"}],"twitter_card":"summary_large_image","twitter_misc":{"Est. reading time":"2 minutes"},"schema":{"@context":"https:\/\/schema.org","@graph":[{"@type":"WebPage","@id":"https:\/\/www.predsjednik.hr\/en\/news\/president-of-the-republic-receives-members-of-fers-academic-male-choir-on-the-occasion-of-10-years-of-activity\/","url":"https:\/\/www.predsjednik.hr\/en\/news\/president-of-the-republic-receives-members-of-fers-academic-male-choir-on-the-occasion-of-10-years-of-activity\/","name":"President of the Republic Receives Members of FER\u2019s Academic Male Choir on the Occasion of 10 Years of Activity - President of the Republic of Croatia - Zoran Milanovi\u0107","isPartOf":{"@id":"https:\/\/www.predsjednik.hr\/en\/#website"},"primaryImageOfPage":{"@id":"https:\/\/www.predsjednik.hr\/en\/news\/president-of-the-republic-receives-members-of-fers-academic-male-choir-on-the-occasion-of-10-years-of-activity\/#primaryimage"},"image":{"@id":"https:\/\/www.predsjednik.hr\/en\/news\/president-of-the-republic-receives-members-of-fers-academic-male-choir-on-the-occasion-of-10-years-of-activity\/#primaryimage"},"thumbnailUrl":"https:\/\/www.predsjednik.hr\/wp-content\/uploads\/2026\/03\/DSC_1160.jpg","datePublished":"2026-03-02T12:15:04+00:00","dateModified":"2026-03-02T12:15:14+00:00","breadcrumb":{"@id":"https:\/\/www.predsjednik.hr\/en\/news\/president-of-the-republic-receives-members-of-fers-academic-male-choir-on-the-occasion-of-10-years-of-activity\/#breadcrumb"},"inLanguage":"en-US","potentialAction":[{"@type":"ReadAction","target":["https:\/\/www.predsjednik.hr\/en\/news\/president-of-the-republic-receives-members-of-fers-academic-male-choir-on-the-occasion-of-10-years-of-activity\/"]}]},{"@type":"ImageObject","inLanguage":"en-US","@id":"https:\/\/www.predsjednik.hr\/en\/news\/president-of-the-republic-receives-members-of-fers-academic-male-choir-on-the-occasion-of-10-years-of-activity\/#primaryimage","url":"https:\/\/www.predsjednik.hr\/wp-content\/uploads\/2026\/03\/DSC_1160.jpg","contentUrl":"https:\/\/www.predsjednik.hr\/wp-content\/uploads\/2026\/03\/DSC_1160.jpg","width":5572,"height":3134,"caption":"Predsjednik Republike primio \u010dlanove Akademskog mu\u0161kog zbora FER-a povodom obilje\u017eavanja 10 godina djelovanja"},{"@type":"BreadcrumbList","@id":"https:\/\/www.predsjednik.hr\/en\/news\/president-of-the-republic-receives-members-of-fers-academic-male-choir-on-the-occasion-of-10-years-of-activity\/#breadcrumb","itemListElement":[{"@type":"ListItem","position":1,"name":"Home","item":"https:\/\/www.predsjednik.hr\/en\/"},{"@type":"ListItem","position":2,"name":"Vijesti","item":"https:\/\/www.predsjednik.hr\/en\/news\/"},{"@type":"ListItem","position":3,"name":"President of the Republic Receives Members of FER\u2019s Academic Male Choir on the Occasion of 10 Years of Activity"}]},{"@type":"WebSite","@id":"https:\/\/www.predsjednik.hr\/en\/#website","url":"https:\/\/www.predsjednik.hr\/en\/","name":"President of the Republic of Croatia - Zoran Milanovi\u0107","description":"Just another WordPress site","potentialAction":[{"@type":"SearchAction","target":{"@type":"EntryPoint","urlTemplate":"https:\/\/www.predsjednik.hr\/en\/?s={search_term_string}"},"query-input":{"@type":"PropertyValueSpecification","valueRequired":true,"valueName":"search_term_string"}}],"inLanguage":"en-US"}]}},"_links":{"self":[{"href":"https:\/\/www.predsjednik.hr\/en\/wp-json\/wp\/v2\/news\/42243","targetHints":{"allow":["GET"]}}],"collection":[{"href":"https:\/\/www.predsjednik.hr\/en\/wp-json\/wp\/v2\/news"}],"about":[{"href":"https:\/\/www.predsjednik.hr\/en\/wp-json\/wp\/v2\/types\/news"}],"wp:featuredmedia":[{"embeddable":true,"href":"https:\/\/www.predsjednik.hr\/en\/wp-json\/wp\/v2\/media\/42242"}],"wp:attachment":[{"href":"https:\/\/www.predsjednik.hr\/en\/wp-json\/wp\/v2\/media?parent=42243"}],"wp:term":[{"taxonomy":"news-cat","embeddable":true,"href":"https:\/\/www.predsjednik.hr\/en\/wp-json\/wp\/v2\/news-cat?post=42243"}],"curies":[{"name":"wp","href":"https:\/\/api.w.org\/{rel}","templated":true}]}}