{"id":42265,"date":"2026-03-03T15:32:45","date_gmt":"2026-03-03T14:32:45","guid":{"rendered":"https:\/\/www.predsjednik.hr\/?post_type=news&#038;p=42265"},"modified":"2026-03-03T15:32:52","modified_gmt":"2026-03-03T14:32:52","slug":"president-milanovic-receives-employees-and-clients-of-egida-daily-rehabilitation-and-occupational-therapy-centre","status":"publish","type":"news","link":"https:\/\/www.predsjednik.hr\/en\/news\/president-milanovic-receives-employees-and-clients-of-egida-daily-rehabilitation-and-occupational-therapy-centre\/","title":{"rendered":"President Milanovi\u0107 Receives Employees and Clients of \u201cEgida\u201c Daily Rehabilitation and Occupational Therapy Centre"},"content":{"rendered":"\n<p>The President of the Republic Zoran Milanovi\u0107 received today employees and clients of the \u201cEgida\u201d Daily Rehabilitation and Occupational Therapy Centre, an institution of social services in Zagreb providing care to adults with intellectual difficulties and associated disorders.<\/p>\n\n\n\n<p>The Centre\u2019s director defectologist, Andrea Pelin, acquainted President Milanovi\u0107 with the Centre\u2019s work that has provided services to adults with intellectual difficulties since 2008: full-day stay through psychosocial rehabilitation programmes, work activities, healthcare, kinesitherapy and sports, music therapy, advisory work with clients and their families, support in organizing free time and supported employment.<\/p>\n\n\n\n<p>At two locations in Zagreb, programmes with clients are carried out by defectologists, occupational therapists, one work instructor, one kinesiologist, one music therapist and one English language teacher with the assistance of external experts and volunteers, the Centre\u2019s director noted, adding that all the Centre\u2019s capacities are presently filled. The Centre\u2019s mission is to maximally stimulate individual abilities and their clients\u2019 potential as well as enable the most quality participation in the lives of their families and community, she underlined.<\/p>\n\n\n\n<p>By presenting the abilities and the achievements of their work with clients, the employees of the Centre want to change attitudes in the community and build an atmosphere of tolerance and acceptance. As an example of successful work, the Centre\u2019s clients presented themselves with parts of a play based on the film \u201cTko pjeva zlo ne misli\u201c (Whoever sings does not mean evil) that featured: Josip Lehki, Jelena Gospodari\u0107, Marija Mihaljevi\u0107, Tomislav Leskovar, Ema Belavi\u0107, Karla \u0160imenc, Josip Bla\u017eevi\u0107, Leon Vidosavljevi\u0107, Vrban, Katica Kokotovi\u0107, Petra Vi\u0107an, Ivan Blagus, Hrvoje Sokolaj, Franjo \u0160indler, Dino Mikrut, Ana Ba\u010di\u0107, Domagoj Volf, Zoran Jovani\u0107, Maja Wirnsberger, \u017deljko \u010cavlovi\u0107, Jasmina Hod\u017ei\u0107, Mia Sko\u010di\u0107, Silvio Ilija\u0161 and Tomislav Markovi\u0107.<\/p>\n\n\n\n<p>Attending the meeting alongside director Pelin and the Centre\u2019s clients were defectologist Ivan\u010dica Kancir, music therapist Nina Surian, English language teacher Rosemary \u0160andrk, accompanist Ana Luci\u0107, work instructor Davor Caren and student Janko Ore\u0161kovi\u0107. Alongside President Milanovi\u0107 was the Adviser to the President for Education Jadranka \u017darkovi\u0107.<\/p>\n\n\n<!--GALLERY BLOCK-->\n<div class=\"c-lightbox-gallery js-lightbox\">\n                <!--single-->\n            <a data-no-swup class=\"c-lightbox-gallery__single js-lightbox-single\"\n               href=\"https:\/\/www.predsjednik.hr\/wp-content\/uploads\/2026\/03\/DSC_8157-1024x576.jpg\"\n               style=\"background-image: url('https:\/\/www.predsjednik.hr\/wp-content\/uploads\/2026\/03\/DSC_8157-768x432.jpg')\"><\/a>\n            <!--end single-->\n                    <!--single-->\n            <a data-no-swup class=\"c-lightbox-gallery__single js-lightbox-single\"\n               href=\"https:\/\/www.predsjednik.hr\/wp-content\/uploads\/2026\/03\/DSC_8205-1024x576.jpg\"\n               style=\"background-image: url('https:\/\/www.predsjednik.hr\/wp-content\/uploads\/2026\/03\/DSC_8205-768x432.jpg')\"><\/a>\n            <!--end single-->\n                    <!--single-->\n            <a data-no-swup class=\"c-lightbox-gallery__single js-lightbox-single\"\n               href=\"https:\/\/www.predsjednik.hr\/wp-content\/uploads\/2026\/03\/DSC_8286-1024x731.jpg\"\n               style=\"background-image: url('https:\/\/www.predsjednik.hr\/wp-content\/uploads\/2026\/03\/DSC_8286-768x549.jpg')\"><\/a>\n            <!--end single-->\n                    <!--single-->\n            <a data-no-swup class=\"c-lightbox-gallery__single js-lightbox-single\"\n               href=\"https:\/\/www.predsjednik.hr\/wp-content\/uploads\/2026\/03\/DSC_8323-1024x731.jpg\"\n               style=\"background-image: url('https:\/\/www.predsjednik.hr\/wp-content\/uploads\/2026\/03\/DSC_8323-768x549.jpg')\"><\/a>\n            <!--end single-->\n                    <!--single-->\n            <a data-no-swup class=\"c-lightbox-gallery__single js-lightbox-single\"\n               href=\"https:\/\/www.predsjednik.hr\/wp-content\/uploads\/2026\/03\/DSC_8361-1024x576.jpg\"\n               style=\"background-image: url('https:\/\/www.predsjednik.hr\/wp-content\/uploads\/2026\/03\/DSC_8361-768x432.jpg')\"><\/a>\n            <!--end single-->\n                    <!--single-->\n            <a data-no-swup class=\"c-lightbox-gallery__single js-lightbox-single\"\n               href=\"https:\/\/www.predsjednik.hr\/wp-content\/uploads\/2026\/03\/DSC_8490-1024x576.jpg\"\n               style=\"background-image: url('https:\/\/www.predsjednik.hr\/wp-content\/uploads\/2026\/03\/DSC_8490-768x432.jpg')\"><\/a>\n            <!--end single-->\n                    <!--single-->\n            <a data-no-swup class=\"c-lightbox-gallery__single js-lightbox-single\"\n               href=\"https:\/\/www.predsjednik.hr\/wp-content\/uploads\/2026\/03\/DSC_8722-1024x576.jpg\"\n               style=\"background-image: url('https:\/\/www.predsjednik.hr\/wp-content\/uploads\/2026\/03\/DSC_8722-768x432.jpg')\"><\/a>\n            <!--end single-->\n                    <!--single-->\n            <a data-no-swup class=\"c-lightbox-gallery__single js-lightbox-single\"\n               href=\"https:\/\/www.predsjednik.hr\/wp-content\/uploads\/2026\/03\/DSC_9016-1024x576.jpg\"\n               style=\"background-image: url('https:\/\/www.predsjednik.hr\/wp-content\/uploads\/2026\/03\/DSC_9016-768x432.jpg')\"><\/a>\n            <!--end single-->\n                    <!--single-->\n            <a data-no-swup class=\"c-lightbox-gallery__single js-lightbox-single\"\n               href=\"https:\/\/www.predsjednik.hr\/wp-content\/uploads\/2026\/03\/DSC_9209-1024x731.jpg\"\n               style=\"background-image: url('https:\/\/www.predsjednik.hr\/wp-content\/uploads\/2026\/03\/DSC_9209-768x549.jpg')\"><\/a>\n            <!--end single-->\n                    <!--single-->\n            <a data-no-swup class=\"c-lightbox-gallery__single js-lightbox-single\"\n               href=\"https:\/\/www.predsjednik.hr\/wp-content\/uploads\/2026\/03\/DSC_9249-1024x576.jpg\"\n               style=\"background-image: url('https:\/\/www.predsjednik.hr\/wp-content\/uploads\/2026\/03\/DSC_9249-768x432.jpg')\"><\/a>\n            <!--end single-->\n                    <!--single-->\n            <a data-no-swup class=\"c-lightbox-gallery__single js-lightbox-single\"\n               href=\"https:\/\/www.predsjednik.hr\/wp-content\/uploads\/2026\/03\/DSC_9328-1024x576.jpg\"\n               style=\"background-image: url('https:\/\/www.predsjednik.hr\/wp-content\/uploads\/2026\/03\/DSC_9328-768x432.jpg')\"><\/a>\n            <!--end single-->\n        <\/div>\n<!--end GALLERY BLOCK-->\n\n\n\n<p>PHOTO: Office of the President of the Republic of Croatia \/ Marko Beljan<\/p>\n","protected":false},"excerpt":{"rendered":"<p>The President of the Republic Zoran Milanovi\u0107 received today employees and clients of the \u201cEgida\u201d Daily Rehabilitation and Occupational Therapy Centre, an institution of social services in Zagreb providing care to adults with intellectual difficulties and associated disorders.<\/p>\n","protected":false},"featured_media":42264,"template":"","news-cat":[12],"class_list":["post-42265","news","type-news","status-publish","has-post-thumbnail","hentry","news-cat-news"],"acf":[],"yoast_head":"<!-- This site is optimized with the Yoast SEO plugin v27.5 - https:\/\/yoast.com\/product\/yoast-seo-wordpress\/ -->\n<title>President Milanovi\u0107 Receives Employees and Clients of \u201cEgida\u201c Daily Rehabilitation and Occupational Therapy Centre - President of the Republic of Croatia - Zoran Milanovi\u0107<\/title>\n<meta name=\"robots\" content=\"index, follow, max-snippet:-1, max-image-preview:large, max-video-preview:-1\" \/>\n<link rel=\"canonical\" href=\"https:\/\/www.predsjednik.hr\/en\/news\/president-milanovic-receives-employees-and-clients-of-egida-daily-rehabilitation-and-occupational-therapy-centre\/\" \/>\n<meta property=\"og:locale\" content=\"en_US\" \/>\n<meta property=\"og:type\" content=\"article\" \/>\n<meta property=\"og:title\" content=\"President Milanovi\u0107 Receives Employees and Clients of \u201cEgida\u201c Daily Rehabilitation and Occupational Therapy Centre - President of the Republic of Croatia - Zoran Milanovi\u0107\" \/>\n<meta property=\"og:description\" content=\"The President of the Republic Zoran Milanovi\u0107 received today employees and clients of the \u201cEgida\u201d Daily Rehabilitation and Occupational Therapy Centre, an institution of social services in Zagreb providing care to adults with intellectual difficulties and associated disorders.\" \/>\n<meta property=\"og:url\" content=\"https:\/\/www.predsjednik.hr\/en\/news\/president-milanovic-receives-employees-and-clients-of-egida-daily-rehabilitation-and-occupational-therapy-centre\/\" \/>\n<meta property=\"og:site_name\" content=\"President of the Republic of Croatia - Zoran Milanovi\u0107\" \/>\n<meta property=\"article:modified_time\" content=\"2026-03-03T14:32:52+00:00\" \/>\n<meta property=\"og:image\" content=\"https:\/\/www.predsjednik.hr\/wp-content\/uploads\/2026\/03\/DSC_8722.jpg\" \/>\n\t<meta property=\"og:image:width\" content=\"4758\" \/>\n\t<meta property=\"og:image:height\" content=\"2676\" \/>\n\t<meta property=\"og:image:type\" content=\"image\/jpeg\" \/>\n<meta name=\"twitter:card\" content=\"summary_large_image\" \/>\n<meta name=\"twitter:label1\" content=\"Est. reading time\" \/>\n\t<meta name=\"twitter:data1\" content=\"2 minutes\" \/>\n<script type=\"application\/ld+json\" class=\"yoast-schema-graph\">{\"@context\":\"https:\\\/\\\/schema.org\",\"@graph\":[{\"@type\":\"WebPage\",\"@id\":\"https:\\\/\\\/www.predsjednik.hr\\\/en\\\/news\\\/president-milanovic-receives-employees-and-clients-of-egida-daily-rehabilitation-and-occupational-therapy-centre\\\/\",\"url\":\"https:\\\/\\\/www.predsjednik.hr\\\/en\\\/news\\\/president-milanovic-receives-employees-and-clients-of-egida-daily-rehabilitation-and-occupational-therapy-centre\\\/\",\"name\":\"President Milanovi\u0107 Receives Employees and Clients of \u201cEgida\u201c Daily Rehabilitation and Occupational Therapy Centre - President of the Republic of Croatia - Zoran Milanovi\u0107\",\"isPartOf\":{\"@id\":\"https:\\\/\\\/www.predsjednik.hr\\\/en\\\/#website\"},\"primaryImageOfPage\":{\"@id\":\"https:\\\/\\\/www.predsjednik.hr\\\/en\\\/news\\\/president-milanovic-receives-employees-and-clients-of-egida-daily-rehabilitation-and-occupational-therapy-centre\\\/#primaryimage\"},\"image\":{\"@id\":\"https:\\\/\\\/www.predsjednik.hr\\\/en\\\/news\\\/president-milanovic-receives-employees-and-clients-of-egida-daily-rehabilitation-and-occupational-therapy-centre\\\/#primaryimage\"},\"thumbnailUrl\":\"https:\\\/\\\/www.predsjednik.hr\\\/wp-content\\\/uploads\\\/2026\\\/03\\\/DSC_8722.jpg\",\"datePublished\":\"2026-03-03T14:32:45+00:00\",\"dateModified\":\"2026-03-03T14:32:52+00:00\",\"breadcrumb\":{\"@id\":\"https:\\\/\\\/www.predsjednik.hr\\\/en\\\/news\\\/president-milanovic-receives-employees-and-clients-of-egida-daily-rehabilitation-and-occupational-therapy-centre\\\/#breadcrumb\"},\"inLanguage\":\"en-US\",\"potentialAction\":[{\"@type\":\"ReadAction\",\"target\":[\"https:\\\/\\\/www.predsjednik.hr\\\/en\\\/news\\\/president-milanovic-receives-employees-and-clients-of-egida-daily-rehabilitation-and-occupational-therapy-centre\\\/\"]}]},{\"@type\":\"ImageObject\",\"inLanguage\":\"en-US\",\"@id\":\"https:\\\/\\\/www.predsjednik.hr\\\/en\\\/news\\\/president-milanovic-receives-employees-and-clients-of-egida-daily-rehabilitation-and-occupational-therapy-centre\\\/#primaryimage\",\"url\":\"https:\\\/\\\/www.predsjednik.hr\\\/wp-content\\\/uploads\\\/2026\\\/03\\\/DSC_8722.jpg\",\"contentUrl\":\"https:\\\/\\\/www.predsjednik.hr\\\/wp-content\\\/uploads\\\/2026\\\/03\\\/DSC_8722.jpg\",\"width\":4758,\"height\":2676},{\"@type\":\"BreadcrumbList\",\"@id\":\"https:\\\/\\\/www.predsjednik.hr\\\/en\\\/news\\\/president-milanovic-receives-employees-and-clients-of-egida-daily-rehabilitation-and-occupational-therapy-centre\\\/#breadcrumb\",\"itemListElement\":[{\"@type\":\"ListItem\",\"position\":1,\"name\":\"Home\",\"item\":\"https:\\\/\\\/www.predsjednik.hr\\\/en\\\/\"},{\"@type\":\"ListItem\",\"position\":2,\"name\":\"Vijesti\",\"item\":\"https:\\\/\\\/www.predsjednik.hr\\\/en\\\/news\\\/\"},{\"@type\":\"ListItem\",\"position\":3,\"name\":\"President Milanovi\u0107 Receives Employees and Clients of \u201cEgida\u201c Daily Rehabilitation and Occupational Therapy Centre\"}]},{\"@type\":\"WebSite\",\"@id\":\"https:\\\/\\\/www.predsjednik.hr\\\/en\\\/#website\",\"url\":\"https:\\\/\\\/www.predsjednik.hr\\\/en\\\/\",\"name\":\"President of the Republic of Croatia - Zoran Milanovi\u0107\",\"description\":\"Just another WordPress site\",\"potentialAction\":[{\"@type\":\"SearchAction\",\"target\":{\"@type\":\"EntryPoint\",\"urlTemplate\":\"https:\\\/\\\/www.predsjednik.hr\\\/en\\\/?s={search_term_string}\"},\"query-input\":{\"@type\":\"PropertyValueSpecification\",\"valueRequired\":true,\"valueName\":\"search_term_string\"}}],\"inLanguage\":\"en-US\"}]}<\/script>\n<!-- \/ Yoast SEO plugin. -->","yoast_head_json":{"title":"President Milanovi\u0107 Receives Employees and Clients of \u201cEgida\u201c Daily Rehabilitation and Occupational Therapy Centre - President of the Republic of Croatia - Zoran Milanovi\u0107","robots":{"index":"index","follow":"follow","max-snippet":"max-snippet:-1","max-image-preview":"max-image-preview:large","max-video-preview":"max-video-preview:-1"},"canonical":"https:\/\/www.predsjednik.hr\/en\/news\/president-milanovic-receives-employees-and-clients-of-egida-daily-rehabilitation-and-occupational-therapy-centre\/","og_locale":"en_US","og_type":"article","og_title":"President Milanovi\u0107 Receives Employees and Clients of \u201cEgida\u201c Daily Rehabilitation and Occupational Therapy Centre - President of the Republic of Croatia - Zoran Milanovi\u0107","og_description":"The President of the Republic Zoran Milanovi\u0107 received today employees and clients of the \u201cEgida\u201d Daily Rehabilitation and Occupational Therapy Centre, an institution of social services in Zagreb providing care to adults with intellectual difficulties and associated disorders.","og_url":"https:\/\/www.predsjednik.hr\/en\/news\/president-milanovic-receives-employees-and-clients-of-egida-daily-rehabilitation-and-occupational-therapy-centre\/","og_site_name":"President of the Republic of Croatia - Zoran Milanovi\u0107","article_modified_time":"2026-03-03T14:32:52+00:00","og_image":[{"width":4758,"height":2676,"url":"https:\/\/www.predsjednik.hr\/wp-content\/uploads\/2026\/03\/DSC_8722.jpg","type":"image\/jpeg"}],"twitter_card":"summary_large_image","twitter_misc":{"Est. reading time":"2 minutes"},"schema":{"@context":"https:\/\/schema.org","@graph":[{"@type":"WebPage","@id":"https:\/\/www.predsjednik.hr\/en\/news\/president-milanovic-receives-employees-and-clients-of-egida-daily-rehabilitation-and-occupational-therapy-centre\/","url":"https:\/\/www.predsjednik.hr\/en\/news\/president-milanovic-receives-employees-and-clients-of-egida-daily-rehabilitation-and-occupational-therapy-centre\/","name":"President Milanovi\u0107 Receives Employees and Clients of \u201cEgida\u201c Daily Rehabilitation and Occupational Therapy Centre - President of the Republic of Croatia - Zoran Milanovi\u0107","isPartOf":{"@id":"https:\/\/www.predsjednik.hr\/en\/#website"},"primaryImageOfPage":{"@id":"https:\/\/www.predsjednik.hr\/en\/news\/president-milanovic-receives-employees-and-clients-of-egida-daily-rehabilitation-and-occupational-therapy-centre\/#primaryimage"},"image":{"@id":"https:\/\/www.predsjednik.hr\/en\/news\/president-milanovic-receives-employees-and-clients-of-egida-daily-rehabilitation-and-occupational-therapy-centre\/#primaryimage"},"thumbnailUrl":"https:\/\/www.predsjednik.hr\/wp-content\/uploads\/2026\/03\/DSC_8722.jpg","datePublished":"2026-03-03T14:32:45+00:00","dateModified":"2026-03-03T14:32:52+00:00","breadcrumb":{"@id":"https:\/\/www.predsjednik.hr\/en\/news\/president-milanovic-receives-employees-and-clients-of-egida-daily-rehabilitation-and-occupational-therapy-centre\/#breadcrumb"},"inLanguage":"en-US","potentialAction":[{"@type":"ReadAction","target":["https:\/\/www.predsjednik.hr\/en\/news\/president-milanovic-receives-employees-and-clients-of-egida-daily-rehabilitation-and-occupational-therapy-centre\/"]}]},{"@type":"ImageObject","inLanguage":"en-US","@id":"https:\/\/www.predsjednik.hr\/en\/news\/president-milanovic-receives-employees-and-clients-of-egida-daily-rehabilitation-and-occupational-therapy-centre\/#primaryimage","url":"https:\/\/www.predsjednik.hr\/wp-content\/uploads\/2026\/03\/DSC_8722.jpg","contentUrl":"https:\/\/www.predsjednik.hr\/wp-content\/uploads\/2026\/03\/DSC_8722.jpg","width":4758,"height":2676},{"@type":"BreadcrumbList","@id":"https:\/\/www.predsjednik.hr\/en\/news\/president-milanovic-receives-employees-and-clients-of-egida-daily-rehabilitation-and-occupational-therapy-centre\/#breadcrumb","itemListElement":[{"@type":"ListItem","position":1,"name":"Home","item":"https:\/\/www.predsjednik.hr\/en\/"},{"@type":"ListItem","position":2,"name":"Vijesti","item":"https:\/\/www.predsjednik.hr\/en\/news\/"},{"@type":"ListItem","position":3,"name":"President Milanovi\u0107 Receives Employees and Clients of \u201cEgida\u201c Daily Rehabilitation and Occupational Therapy Centre"}]},{"@type":"WebSite","@id":"https:\/\/www.predsjednik.hr\/en\/#website","url":"https:\/\/www.predsjednik.hr\/en\/","name":"President of the Republic of Croatia - Zoran Milanovi\u0107","description":"Just another WordPress site","potentialAction":[{"@type":"SearchAction","target":{"@type":"EntryPoint","urlTemplate":"https:\/\/www.predsjednik.hr\/en\/?s={search_term_string}"},"query-input":{"@type":"PropertyValueSpecification","valueRequired":true,"valueName":"search_term_string"}}],"inLanguage":"en-US"}]}},"_links":{"self":[{"href":"https:\/\/www.predsjednik.hr\/en\/wp-json\/wp\/v2\/news\/42265","targetHints":{"allow":["GET"]}}],"collection":[{"href":"https:\/\/www.predsjednik.hr\/en\/wp-json\/wp\/v2\/news"}],"about":[{"href":"https:\/\/www.predsjednik.hr\/en\/wp-json\/wp\/v2\/types\/news"}],"wp:featuredmedia":[{"embeddable":true,"href":"https:\/\/www.predsjednik.hr\/en\/wp-json\/wp\/v2\/media\/42264"}],"wp:attachment":[{"href":"https:\/\/www.predsjednik.hr\/en\/wp-json\/wp\/v2\/media?parent=42265"}],"wp:term":[{"taxonomy":"news-cat","embeddable":true,"href":"https:\/\/www.predsjednik.hr\/en\/wp-json\/wp\/v2\/news-cat?post=42265"}],"curies":[{"name":"wp","href":"https:\/\/api.w.org\/{rel}","templated":true}]}}