{"id":42380,"date":"2026-03-12T14:21:26","date_gmt":"2026-03-12T13:21:26","guid":{"rendered":"https:\/\/www.predsjednik.hr\/?post_type=news&#038;p=42380"},"modified":"2026-03-12T14:21:36","modified_gmt":"2026-03-12T13:21:36","slug":"president-of-the-republic-receives-croatian-psychological-chamber-delegation","status":"publish","type":"news","link":"https:\/\/www.predsjednik.hr\/en\/news\/president-of-the-republic-receives-croatian-psychological-chamber-delegation\/","title":{"rendered":"President of the Republic Receives Croatian Psychological Chamber Delegation"},"content":{"rendered":"\n<p>The President of the Republic Zoran Milanovi\u0107 received today a delegation of the Croatian Psychological Chamber on the occasion of National Psychologists\u2019 Day, which is marked on 14 March, the day when the Croatian Parliament adopted the first Law on Psychological Activities in 2003. The Chamber\u2019s founders are the Croatian Psychological Society and the Ministry of Labour and Social Services.<\/p>\n\n\n\n<p>At the meeting, the Chamber representatives acquainted President Milanovi\u0107 with the activity of this autonomous and independent professional organization that cares for the development, professionalism, ethics, legality and image of psychological activity in Croatia as well as with plans for observing National Psychologists\u2019 Day. Furthermore, they informed him of the increasing number of university studies that offer professional qualifications for carrying out the profession of psychologist, reflecting a greater interest for this profession.<\/p>\n\n\n\n<p>According to the president of the Croatian Psychological Chamber, Andreja Bogdan, there is a positive trend in the hiring of psychologists in educational and healthcare institutions in Croatia, and the number of psychologists in relation to the population is sufficient and in line with European standards. However, a problem is that the majority of psychologists work in Zagreb and other larger cities, which means that the services of psychologists are not equally accessible, especially in smaller communities.<\/p>\n\n\n\n<p>Attending the meeting in the Office of the President of the Republic besides the president of the Croatian Psychological Chamber were members of the Chamber\u2019s Management Board: Mladen Mavar, Ella Selak Bagari\u0107, Gordana Kuterovac Jagodi\u0107, Nada Kegalj and Dubravka Svilar Bla\u017eini\u0107 as well as Chamber secretary Antun Pretkovi\u0107.<\/p>\n\n\n\n<p>Alongside President Milanovi\u0107 was the Adviser to the President for Education, Jadranka \u017darkovi\u0107.<\/p>\n\n\n<!--GALLERY BLOCK-->\n<div class=\"c-lightbox-gallery js-lightbox\">\n                <!--single-->\n            <a data-no-swup class=\"c-lightbox-gallery__single js-lightbox-single\"\n               href=\"https:\/\/www.predsjednik.hr\/wp-content\/uploads\/2026\/03\/DSC_0016-1024x576.jpg\"\n               style=\"background-image: url('https:\/\/www.predsjednik.hr\/wp-content\/uploads\/2026\/03\/DSC_0016-768x432.jpg')\"><\/a>\n            <!--end single-->\n                    <!--single-->\n            <a data-no-swup class=\"c-lightbox-gallery__single js-lightbox-single\"\n               href=\"https:\/\/www.predsjednik.hr\/wp-content\/uploads\/2026\/03\/DSC_0017-1024x576.jpg\"\n               style=\"background-image: url('https:\/\/www.predsjednik.hr\/wp-content\/uploads\/2026\/03\/DSC_0017-768x432.jpg')\"><\/a>\n            <!--end single-->\n                    <!--single-->\n            <a data-no-swup class=\"c-lightbox-gallery__single js-lightbox-single\"\n               href=\"https:\/\/www.predsjednik.hr\/wp-content\/uploads\/2026\/03\/DSC_0033-1024x576.jpg\"\n               style=\"background-image: url('https:\/\/www.predsjednik.hr\/wp-content\/uploads\/2026\/03\/DSC_0033-768x432.jpg')\"><\/a>\n            <!--end single-->\n                    <!--single-->\n            <a data-no-swup class=\"c-lightbox-gallery__single js-lightbox-single\"\n               href=\"https:\/\/www.predsjednik.hr\/wp-content\/uploads\/2026\/03\/DSC_9959-1024x576.jpg\"\n               style=\"background-image: url('https:\/\/www.predsjednik.hr\/wp-content\/uploads\/2026\/03\/DSC_9959-768x432.jpg')\"><\/a>\n            <!--end single-->\n        <\/div>\n<!--end GALLERY BLOCK-->\n\n\n\n<p>PHOTO: Office of the President of the Republic of Croatia \/ Marko Beljan<\/p>\n","protected":false},"excerpt":{"rendered":"<p>The President of the Republic Zoran Milanovi\u0107 received today a delegation of the Croatian Psychological Chamber on the occasion of National Psychologists\u2019 Day, which is marked on 14 March, the day when the Croatian Parliament adopted the first Law on Psychological Activities in 2003. The Chamber\u2019s founders are the Croatian Psychological Society and the Ministry of Labour and Social Services.<\/p>\n","protected":false},"featured_media":42379,"template":"","news-cat":[12],"class_list":["post-42380","news","type-news","status-publish","has-post-thumbnail","hentry","news-cat-news"],"acf":[],"yoast_head":"<!-- This site is optimized with the Yoast SEO plugin v27.5 - https:\/\/yoast.com\/product\/yoast-seo-wordpress\/ -->\n<title>President of the Republic Receives Croatian Psychological Chamber Delegation - President of the Republic of Croatia - Zoran Milanovi\u0107<\/title>\n<meta name=\"robots\" content=\"index, follow, max-snippet:-1, max-image-preview:large, max-video-preview:-1\" \/>\n<link rel=\"canonical\" href=\"https:\/\/www.predsjednik.hr\/en\/news\/president-of-the-republic-receives-croatian-psychological-chamber-delegation\/\" \/>\n<meta property=\"og:locale\" content=\"en_US\" \/>\n<meta property=\"og:type\" content=\"article\" \/>\n<meta property=\"og:title\" content=\"President of the Republic Receives Croatian Psychological Chamber Delegation - President of the Republic of Croatia - Zoran Milanovi\u0107\" \/>\n<meta property=\"og:description\" content=\"The President of the Republic Zoran Milanovi\u0107 received today a delegation of the Croatian Psychological Chamber on the occasion of National Psychologists\u2019 Day, which is marked on 14 March, the day when the Croatian Parliament adopted the first Law on Psychological Activities in 2003. The Chamber\u2019s founders are the Croatian Psychological Society and the Ministry of Labour and Social Services.\" \/>\n<meta property=\"og:url\" content=\"https:\/\/www.predsjednik.hr\/en\/news\/president-of-the-republic-receives-croatian-psychological-chamber-delegation\/\" \/>\n<meta property=\"og:site_name\" content=\"President of the Republic of Croatia - Zoran Milanovi\u0107\" \/>\n<meta property=\"article:modified_time\" content=\"2026-03-12T13:21:36+00:00\" \/>\n<meta property=\"og:image\" content=\"https:\/\/www.predsjednik.hr\/wp-content\/uploads\/2026\/03\/DSC_9959.jpg\" \/>\n\t<meta property=\"og:image:width\" content=\"4861\" \/>\n\t<meta property=\"og:image:height\" content=\"2734\" \/>\n\t<meta property=\"og:image:type\" content=\"image\/jpeg\" \/>\n<meta name=\"twitter:card\" content=\"summary_large_image\" \/>\n<meta name=\"twitter:label1\" content=\"Est. reading time\" \/>\n\t<meta name=\"twitter:data1\" content=\"1 minute\" \/>\n<script type=\"application\/ld+json\" class=\"yoast-schema-graph\">{\"@context\":\"https:\\\/\\\/schema.org\",\"@graph\":[{\"@type\":\"WebPage\",\"@id\":\"https:\\\/\\\/www.predsjednik.hr\\\/en\\\/news\\\/president-of-the-republic-receives-croatian-psychological-chamber-delegation\\\/\",\"url\":\"https:\\\/\\\/www.predsjednik.hr\\\/en\\\/news\\\/president-of-the-republic-receives-croatian-psychological-chamber-delegation\\\/\",\"name\":\"President of the Republic Receives Croatian Psychological Chamber Delegation - President of the Republic of Croatia - Zoran Milanovi\u0107\",\"isPartOf\":{\"@id\":\"https:\\\/\\\/www.predsjednik.hr\\\/en\\\/#website\"},\"primaryImageOfPage\":{\"@id\":\"https:\\\/\\\/www.predsjednik.hr\\\/en\\\/news\\\/president-of-the-republic-receives-croatian-psychological-chamber-delegation\\\/#primaryimage\"},\"image\":{\"@id\":\"https:\\\/\\\/www.predsjednik.hr\\\/en\\\/news\\\/president-of-the-republic-receives-croatian-psychological-chamber-delegation\\\/#primaryimage\"},\"thumbnailUrl\":\"https:\\\/\\\/www.predsjednik.hr\\\/wp-content\\\/uploads\\\/2026\\\/03\\\/DSC_9959.jpg\",\"datePublished\":\"2026-03-12T13:21:26+00:00\",\"dateModified\":\"2026-03-12T13:21:36+00:00\",\"breadcrumb\":{\"@id\":\"https:\\\/\\\/www.predsjednik.hr\\\/en\\\/news\\\/president-of-the-republic-receives-croatian-psychological-chamber-delegation\\\/#breadcrumb\"},\"inLanguage\":\"en-US\",\"potentialAction\":[{\"@type\":\"ReadAction\",\"target\":[\"https:\\\/\\\/www.predsjednik.hr\\\/en\\\/news\\\/president-of-the-republic-receives-croatian-psychological-chamber-delegation\\\/\"]}]},{\"@type\":\"ImageObject\",\"inLanguage\":\"en-US\",\"@id\":\"https:\\\/\\\/www.predsjednik.hr\\\/en\\\/news\\\/president-of-the-republic-receives-croatian-psychological-chamber-delegation\\\/#primaryimage\",\"url\":\"https:\\\/\\\/www.predsjednik.hr\\\/wp-content\\\/uploads\\\/2026\\\/03\\\/DSC_9959.jpg\",\"contentUrl\":\"https:\\\/\\\/www.predsjednik.hr\\\/wp-content\\\/uploads\\\/2026\\\/03\\\/DSC_9959.jpg\",\"width\":4861,\"height\":2734},{\"@type\":\"BreadcrumbList\",\"@id\":\"https:\\\/\\\/www.predsjednik.hr\\\/en\\\/news\\\/president-of-the-republic-receives-croatian-psychological-chamber-delegation\\\/#breadcrumb\",\"itemListElement\":[{\"@type\":\"ListItem\",\"position\":1,\"name\":\"Home\",\"item\":\"https:\\\/\\\/www.predsjednik.hr\\\/en\\\/\"},{\"@type\":\"ListItem\",\"position\":2,\"name\":\"Vijesti\",\"item\":\"https:\\\/\\\/www.predsjednik.hr\\\/en\\\/news\\\/\"},{\"@type\":\"ListItem\",\"position\":3,\"name\":\"President of the Republic Receives Croatian Psychological Chamber Delegation\"}]},{\"@type\":\"WebSite\",\"@id\":\"https:\\\/\\\/www.predsjednik.hr\\\/en\\\/#website\",\"url\":\"https:\\\/\\\/www.predsjednik.hr\\\/en\\\/\",\"name\":\"President of the Republic of Croatia - Zoran Milanovi\u0107\",\"description\":\"Just another WordPress site\",\"potentialAction\":[{\"@type\":\"SearchAction\",\"target\":{\"@type\":\"EntryPoint\",\"urlTemplate\":\"https:\\\/\\\/www.predsjednik.hr\\\/en\\\/?s={search_term_string}\"},\"query-input\":{\"@type\":\"PropertyValueSpecification\",\"valueRequired\":true,\"valueName\":\"search_term_string\"}}],\"inLanguage\":\"en-US\"}]}<\/script>\n<!-- \/ Yoast SEO plugin. -->","yoast_head_json":{"title":"President of the Republic Receives Croatian Psychological Chamber Delegation - President of the Republic of Croatia - Zoran Milanovi\u0107","robots":{"index":"index","follow":"follow","max-snippet":"max-snippet:-1","max-image-preview":"max-image-preview:large","max-video-preview":"max-video-preview:-1"},"canonical":"https:\/\/www.predsjednik.hr\/en\/news\/president-of-the-republic-receives-croatian-psychological-chamber-delegation\/","og_locale":"en_US","og_type":"article","og_title":"President of the Republic Receives Croatian Psychological Chamber Delegation - President of the Republic of Croatia - Zoran Milanovi\u0107","og_description":"The President of the Republic Zoran Milanovi\u0107 received today a delegation of the Croatian Psychological Chamber on the occasion of National Psychologists\u2019 Day, which is marked on 14 March, the day when the Croatian Parliament adopted the first Law on Psychological Activities in 2003. The Chamber\u2019s founders are the Croatian Psychological Society and the Ministry of Labour and Social Services.","og_url":"https:\/\/www.predsjednik.hr\/en\/news\/president-of-the-republic-receives-croatian-psychological-chamber-delegation\/","og_site_name":"President of the Republic of Croatia - Zoran Milanovi\u0107","article_modified_time":"2026-03-12T13:21:36+00:00","og_image":[{"width":4861,"height":2734,"url":"https:\/\/www.predsjednik.hr\/wp-content\/uploads\/2026\/03\/DSC_9959.jpg","type":"image\/jpeg"}],"twitter_card":"summary_large_image","twitter_misc":{"Est. reading time":"1 minute"},"schema":{"@context":"https:\/\/schema.org","@graph":[{"@type":"WebPage","@id":"https:\/\/www.predsjednik.hr\/en\/news\/president-of-the-republic-receives-croatian-psychological-chamber-delegation\/","url":"https:\/\/www.predsjednik.hr\/en\/news\/president-of-the-republic-receives-croatian-psychological-chamber-delegation\/","name":"President of the Republic Receives Croatian Psychological Chamber Delegation - President of the Republic of Croatia - Zoran Milanovi\u0107","isPartOf":{"@id":"https:\/\/www.predsjednik.hr\/en\/#website"},"primaryImageOfPage":{"@id":"https:\/\/www.predsjednik.hr\/en\/news\/president-of-the-republic-receives-croatian-psychological-chamber-delegation\/#primaryimage"},"image":{"@id":"https:\/\/www.predsjednik.hr\/en\/news\/president-of-the-republic-receives-croatian-psychological-chamber-delegation\/#primaryimage"},"thumbnailUrl":"https:\/\/www.predsjednik.hr\/wp-content\/uploads\/2026\/03\/DSC_9959.jpg","datePublished":"2026-03-12T13:21:26+00:00","dateModified":"2026-03-12T13:21:36+00:00","breadcrumb":{"@id":"https:\/\/www.predsjednik.hr\/en\/news\/president-of-the-republic-receives-croatian-psychological-chamber-delegation\/#breadcrumb"},"inLanguage":"en-US","potentialAction":[{"@type":"ReadAction","target":["https:\/\/www.predsjednik.hr\/en\/news\/president-of-the-republic-receives-croatian-psychological-chamber-delegation\/"]}]},{"@type":"ImageObject","inLanguage":"en-US","@id":"https:\/\/www.predsjednik.hr\/en\/news\/president-of-the-republic-receives-croatian-psychological-chamber-delegation\/#primaryimage","url":"https:\/\/www.predsjednik.hr\/wp-content\/uploads\/2026\/03\/DSC_9959.jpg","contentUrl":"https:\/\/www.predsjednik.hr\/wp-content\/uploads\/2026\/03\/DSC_9959.jpg","width":4861,"height":2734},{"@type":"BreadcrumbList","@id":"https:\/\/www.predsjednik.hr\/en\/news\/president-of-the-republic-receives-croatian-psychological-chamber-delegation\/#breadcrumb","itemListElement":[{"@type":"ListItem","position":1,"name":"Home","item":"https:\/\/www.predsjednik.hr\/en\/"},{"@type":"ListItem","position":2,"name":"Vijesti","item":"https:\/\/www.predsjednik.hr\/en\/news\/"},{"@type":"ListItem","position":3,"name":"President of the Republic Receives Croatian Psychological Chamber Delegation"}]},{"@type":"WebSite","@id":"https:\/\/www.predsjednik.hr\/en\/#website","url":"https:\/\/www.predsjednik.hr\/en\/","name":"President of the Republic of Croatia - Zoran Milanovi\u0107","description":"Just another WordPress site","potentialAction":[{"@type":"SearchAction","target":{"@type":"EntryPoint","urlTemplate":"https:\/\/www.predsjednik.hr\/en\/?s={search_term_string}"},"query-input":{"@type":"PropertyValueSpecification","valueRequired":true,"valueName":"search_term_string"}}],"inLanguage":"en-US"}]}},"_links":{"self":[{"href":"https:\/\/www.predsjednik.hr\/en\/wp-json\/wp\/v2\/news\/42380","targetHints":{"allow":["GET"]}}],"collection":[{"href":"https:\/\/www.predsjednik.hr\/en\/wp-json\/wp\/v2\/news"}],"about":[{"href":"https:\/\/www.predsjednik.hr\/en\/wp-json\/wp\/v2\/types\/news"}],"wp:featuredmedia":[{"embeddable":true,"href":"https:\/\/www.predsjednik.hr\/en\/wp-json\/wp\/v2\/media\/42379"}],"wp:attachment":[{"href":"https:\/\/www.predsjednik.hr\/en\/wp-json\/wp\/v2\/media?parent=42380"}],"wp:term":[{"taxonomy":"news-cat","embeddable":true,"href":"https:\/\/www.predsjednik.hr\/en\/wp-json\/wp\/v2\/news-cat?post=42380"}],"curies":[{"name":"wp","href":"https:\/\/api.w.org\/{rel}","templated":true}]}}