{"id":4274,"date":"2020-07-14T16:00:22","date_gmt":"2020-07-14T14:00:22","guid":{"rendered":"https:\/\/www.predsjednik.hr\/?post_type=news&#038;p=4274"},"modified":"2020-07-16T15:43:21","modified_gmt":"2020-07-16T13:43:21","slug":"president-milanovic-receives-croatian-medical-chamber-delegation","status":"publish","type":"news","link":"https:\/\/www.predsjednik.hr\/en\/news\/president-milanovic-receives-croatian-medical-chamber-delegation\/","title":{"rendered":"President Milanovi\u0107 Receives Croatian Medical Chamber Delegation"},"content":{"rendered":"\n<p>The President of the Republic Zoran Milanovi\u0107 received a delegation of the Croatian Medical Chamber consisting of Assembly president Asst Prof Kre\u0161imir Doli\u0107, PhD, Council president Prof. Goran Hauser, PhD, Chamber president Kre\u0161imir Lueti\u0107, PhD, first vice president Vikica Krolo, MD, second vice president Ivana \u0160mit, MD, member of the Executive Board and president of the Department for International Affairs Dr. Ivan Ragu\u017e, and the Chamber\u2019s head of Administration Ivan Boj\u010di\u0107.<\/p>\n\n\n\n<p>They discussed the status of physicians in Croatia and the problems that the medical profession encounters. The Chamber president noted the problem of the Croatian Medical Chamber union\u2019s representation in the collective bargaining process as well as the impossibility of directly negotiating working rights and obligations, which is a result of the current legislative framework.<\/p>\n\n\n\n<p>Furthermore, the Chamber delegation informed President Milanovi\u0107 of a process that is under way for drafting and adopting a law on physician salaries or a professional collective agreement for physicians which would define the work, the status and the position of physicians. The bottom line is to keep physicians in the Republic of Croatia and maintain the Croatian healthcare system. They indicated that the main problem concerns overtime hours, i.e. a salary system solely regulated through on call duty. They feel that a possible solution to this problem is increasing the physicians\u2019 base salary.<\/p>\n\n\n\n<p>Another problem encountered by the healthcare system is the emigration of young or retired physicians, which has a direct impact on the provision of healthcare to citizens. Consequently, they cautioned that the issue of the system\u2019s sustainability in terms of staff is uncertain, underlining a decreasing number of family physicians. According to Croatian Medical Chamber data, in Croatia today there are 2,200 family physicians with some 600 of them to retire in the coming years.<\/p>\n\n\n<!--GALLERY BLOCK-->\n<div class=\"c-lightbox-gallery js-lightbox\">\n                <!--single-->\n            <a data-no-swup class=\"c-lightbox-gallery__single js-lightbox-single\"\n               href=\"https:\/\/www.predsjednik.hr\/wp-content\/uploads\/2020\/07\/HLJK1-1024x576.jpg\"\n               style=\"background-image: url('https:\/\/www.predsjednik.hr\/wp-content\/uploads\/2020\/07\/HLJK1-768x432.jpg')\"><\/a>\n            <!--end single-->\n                    <!--single-->\n            <a data-no-swup class=\"c-lightbox-gallery__single js-lightbox-single\"\n               href=\"https:\/\/www.predsjednik.hr\/wp-content\/uploads\/2020\/07\/HLJK3-1024x576.jpg\"\n               style=\"background-image: url('https:\/\/www.predsjednik.hr\/wp-content\/uploads\/2020\/07\/HLJK3-768x432.jpg')\"><\/a>\n            <!--end single-->\n                    <!--single-->\n            <a data-no-swup class=\"c-lightbox-gallery__single js-lightbox-single\"\n               href=\"https:\/\/www.predsjednik.hr\/wp-content\/uploads\/2020\/07\/HLJK2-1024x731.jpg\"\n               style=\"background-image: url('https:\/\/www.predsjednik.hr\/wp-content\/uploads\/2020\/07\/HLJK2-768x548.jpg')\"><\/a>\n            <!--end single-->\n                    <!--single-->\n            <a data-no-swup class=\"c-lightbox-gallery__single js-lightbox-single\"\n               href=\"https:\/\/www.predsjednik.hr\/wp-content\/uploads\/2020\/07\/HLJK4-1-1024x576.jpg\"\n               style=\"background-image: url('https:\/\/www.predsjednik.hr\/wp-content\/uploads\/2020\/07\/HLJK4-1-768x432.jpg')\"><\/a>\n            <!--end single-->\n                    <!--single-->\n            <a data-no-swup class=\"c-lightbox-gallery__single js-lightbox-single\"\n               href=\"https:\/\/www.predsjednik.hr\/wp-content\/uploads\/2020\/07\/HLJK5-1024x731.jpg\"\n               style=\"background-image: url('https:\/\/www.predsjednik.hr\/wp-content\/uploads\/2020\/07\/HLJK5-768x548.jpg')\"><\/a>\n            <!--end single-->\n                    <!--single-->\n            <a data-no-swup class=\"c-lightbox-gallery__single js-lightbox-single\"\n               href=\"https:\/\/www.predsjednik.hr\/wp-content\/uploads\/2020\/07\/HLJK6-1024x576.jpg\"\n               style=\"background-image: url('https:\/\/www.predsjednik.hr\/wp-content\/uploads\/2020\/07\/HLJK6-768x432.jpg')\"><\/a>\n            <!--end single-->\n        <\/div>\n<!--end GALLERY BLOCK-->\n\n\n\n<p>PHOTO: Office of the President of the Republic of Croatia \/ Filip Glas<\/p>\n","protected":false},"excerpt":{"rendered":"<p>They discussed the status of physicians in Croatia and the problems that the medical profession encounters. The Chamber president noted the problem of the Croatian Medical Chamber union\u2019s representation in the collective bargaining process as well as the impossibility of directly negotiating working rights and obligations, which is a result of the current legislative framework.<\/p>\n","protected":false},"featured_media":4252,"template":"","news-cat":[12],"class_list":["post-4274","news","type-news","status-publish","has-post-thumbnail","hentry","news-cat-news"],"acf":[],"yoast_head":"<!-- This site is optimized with the Yoast SEO plugin v27.5 - https:\/\/yoast.com\/product\/yoast-seo-wordpress\/ -->\n<title>President Milanovi\u0107 Receives Croatian Medical Chamber Delegation - President of the Republic of Croatia - Zoran Milanovi\u0107<\/title>\n<meta name=\"robots\" content=\"index, follow, max-snippet:-1, max-image-preview:large, max-video-preview:-1\" \/>\n<link rel=\"canonical\" href=\"https:\/\/www.predsjednik.hr\/en\/news\/president-milanovic-receives-croatian-medical-chamber-delegation\/\" \/>\n<meta property=\"og:locale\" content=\"en_US\" \/>\n<meta property=\"og:type\" content=\"article\" \/>\n<meta property=\"og:title\" content=\"President Milanovi\u0107 Receives Croatian Medical Chamber Delegation - President of the Republic of Croatia - Zoran Milanovi\u0107\" \/>\n<meta property=\"og:description\" content=\"They discussed the status of physicians in Croatia and the problems that the medical profession encounters. The Chamber president noted the problem of the Croatian Medical Chamber union\u2019s representation in the collective bargaining process as well as the impossibility of directly negotiating working rights and obligations, which is a result of the current legislative framework.\" \/>\n<meta property=\"og:url\" content=\"https:\/\/www.predsjednik.hr\/en\/news\/president-milanovic-receives-croatian-medical-chamber-delegation\/\" \/>\n<meta property=\"og:site_name\" content=\"President of the Republic of Croatia - Zoran Milanovi\u0107\" \/>\n<meta property=\"article:modified_time\" content=\"2020-07-16T13:43:21+00:00\" \/>\n<meta property=\"og:image\" content=\"https:\/\/www.predsjednik.hr\/wp-content\/uploads\/2020\/07\/HLJK4.jpg\" \/>\n\t<meta property=\"og:image:width\" content=\"2500\" \/>\n\t<meta property=\"og:image:height\" content=\"1406\" \/>\n\t<meta property=\"og:image:type\" content=\"image\/jpeg\" \/>\n<meta name=\"twitter:card\" content=\"summary_large_image\" \/>\n<meta name=\"twitter:label1\" content=\"Est. reading time\" \/>\n\t<meta name=\"twitter:data1\" content=\"2 minutes\" \/>\n<script type=\"application\/ld+json\" class=\"yoast-schema-graph\">{\"@context\":\"https:\\\/\\\/schema.org\",\"@graph\":[{\"@type\":\"WebPage\",\"@id\":\"https:\\\/\\\/www.predsjednik.hr\\\/en\\\/news\\\/president-milanovic-receives-croatian-medical-chamber-delegation\\\/\",\"url\":\"https:\\\/\\\/www.predsjednik.hr\\\/en\\\/news\\\/president-milanovic-receives-croatian-medical-chamber-delegation\\\/\",\"name\":\"President Milanovi\u0107 Receives Croatian Medical Chamber Delegation - President of the Republic of Croatia - Zoran Milanovi\u0107\",\"isPartOf\":{\"@id\":\"https:\\\/\\\/www.predsjednik.hr\\\/en\\\/#website\"},\"primaryImageOfPage\":{\"@id\":\"https:\\\/\\\/www.predsjednik.hr\\\/en\\\/news\\\/president-milanovic-receives-croatian-medical-chamber-delegation\\\/#primaryimage\"},\"image\":{\"@id\":\"https:\\\/\\\/www.predsjednik.hr\\\/en\\\/news\\\/president-milanovic-receives-croatian-medical-chamber-delegation\\\/#primaryimage\"},\"thumbnailUrl\":\"https:\\\/\\\/www.predsjednik.hr\\\/wp-content\\\/uploads\\\/2020\\\/07\\\/HLJK4.jpg\",\"datePublished\":\"2020-07-14T14:00:22+00:00\",\"dateModified\":\"2020-07-16T13:43:21+00:00\",\"breadcrumb\":{\"@id\":\"https:\\\/\\\/www.predsjednik.hr\\\/en\\\/news\\\/president-milanovic-receives-croatian-medical-chamber-delegation\\\/#breadcrumb\"},\"inLanguage\":\"en-US\",\"potentialAction\":[{\"@type\":\"ReadAction\",\"target\":[\"https:\\\/\\\/www.predsjednik.hr\\\/en\\\/news\\\/president-milanovic-receives-croatian-medical-chamber-delegation\\\/\"]}]},{\"@type\":\"ImageObject\",\"inLanguage\":\"en-US\",\"@id\":\"https:\\\/\\\/www.predsjednik.hr\\\/en\\\/news\\\/president-milanovic-receives-croatian-medical-chamber-delegation\\\/#primaryimage\",\"url\":\"https:\\\/\\\/www.predsjednik.hr\\\/wp-content\\\/uploads\\\/2020\\\/07\\\/HLJK4.jpg\",\"contentUrl\":\"https:\\\/\\\/www.predsjednik.hr\\\/wp-content\\\/uploads\\\/2020\\\/07\\\/HLJK4.jpg\",\"width\":2500,\"height\":1406},{\"@type\":\"BreadcrumbList\",\"@id\":\"https:\\\/\\\/www.predsjednik.hr\\\/en\\\/news\\\/president-milanovic-receives-croatian-medical-chamber-delegation\\\/#breadcrumb\",\"itemListElement\":[{\"@type\":\"ListItem\",\"position\":1,\"name\":\"Home\",\"item\":\"https:\\\/\\\/www.predsjednik.hr\\\/en\\\/\"},{\"@type\":\"ListItem\",\"position\":2,\"name\":\"Vijesti\",\"item\":\"https:\\\/\\\/www.predsjednik.hr\\\/en\\\/news\\\/\"},{\"@type\":\"ListItem\",\"position\":3,\"name\":\"President Milanovi\u0107 Receives Croatian Medical Chamber Delegation\"}]},{\"@type\":\"WebSite\",\"@id\":\"https:\\\/\\\/www.predsjednik.hr\\\/en\\\/#website\",\"url\":\"https:\\\/\\\/www.predsjednik.hr\\\/en\\\/\",\"name\":\"President of the Republic of Croatia - Zoran Milanovi\u0107\",\"description\":\"Just another WordPress site\",\"potentialAction\":[{\"@type\":\"SearchAction\",\"target\":{\"@type\":\"EntryPoint\",\"urlTemplate\":\"https:\\\/\\\/www.predsjednik.hr\\\/en\\\/?s={search_term_string}\"},\"query-input\":{\"@type\":\"PropertyValueSpecification\",\"valueRequired\":true,\"valueName\":\"search_term_string\"}}],\"inLanguage\":\"en-US\"}]}<\/script>\n<!-- \/ Yoast SEO plugin. -->","yoast_head_json":{"title":"President Milanovi\u0107 Receives Croatian Medical Chamber Delegation - President of the Republic of Croatia - Zoran Milanovi\u0107","robots":{"index":"index","follow":"follow","max-snippet":"max-snippet:-1","max-image-preview":"max-image-preview:large","max-video-preview":"max-video-preview:-1"},"canonical":"https:\/\/www.predsjednik.hr\/en\/news\/president-milanovic-receives-croatian-medical-chamber-delegation\/","og_locale":"en_US","og_type":"article","og_title":"President Milanovi\u0107 Receives Croatian Medical Chamber Delegation - President of the Republic of Croatia - Zoran Milanovi\u0107","og_description":"They discussed the status of physicians in Croatia and the problems that the medical profession encounters. The Chamber president noted the problem of the Croatian Medical Chamber union\u2019s representation in the collective bargaining process as well as the impossibility of directly negotiating working rights and obligations, which is a result of the current legislative framework.","og_url":"https:\/\/www.predsjednik.hr\/en\/news\/president-milanovic-receives-croatian-medical-chamber-delegation\/","og_site_name":"President of the Republic of Croatia - Zoran Milanovi\u0107","article_modified_time":"2020-07-16T13:43:21+00:00","og_image":[{"width":2500,"height":1406,"url":"https:\/\/www.predsjednik.hr\/wp-content\/uploads\/2020\/07\/HLJK4.jpg","type":"image\/jpeg"}],"twitter_card":"summary_large_image","twitter_misc":{"Est. reading time":"2 minutes"},"schema":{"@context":"https:\/\/schema.org","@graph":[{"@type":"WebPage","@id":"https:\/\/www.predsjednik.hr\/en\/news\/president-milanovic-receives-croatian-medical-chamber-delegation\/","url":"https:\/\/www.predsjednik.hr\/en\/news\/president-milanovic-receives-croatian-medical-chamber-delegation\/","name":"President Milanovi\u0107 Receives Croatian Medical Chamber Delegation - President of the Republic of Croatia - Zoran Milanovi\u0107","isPartOf":{"@id":"https:\/\/www.predsjednik.hr\/en\/#website"},"primaryImageOfPage":{"@id":"https:\/\/www.predsjednik.hr\/en\/news\/president-milanovic-receives-croatian-medical-chamber-delegation\/#primaryimage"},"image":{"@id":"https:\/\/www.predsjednik.hr\/en\/news\/president-milanovic-receives-croatian-medical-chamber-delegation\/#primaryimage"},"thumbnailUrl":"https:\/\/www.predsjednik.hr\/wp-content\/uploads\/2020\/07\/HLJK4.jpg","datePublished":"2020-07-14T14:00:22+00:00","dateModified":"2020-07-16T13:43:21+00:00","breadcrumb":{"@id":"https:\/\/www.predsjednik.hr\/en\/news\/president-milanovic-receives-croatian-medical-chamber-delegation\/#breadcrumb"},"inLanguage":"en-US","potentialAction":[{"@type":"ReadAction","target":["https:\/\/www.predsjednik.hr\/en\/news\/president-milanovic-receives-croatian-medical-chamber-delegation\/"]}]},{"@type":"ImageObject","inLanguage":"en-US","@id":"https:\/\/www.predsjednik.hr\/en\/news\/president-milanovic-receives-croatian-medical-chamber-delegation\/#primaryimage","url":"https:\/\/www.predsjednik.hr\/wp-content\/uploads\/2020\/07\/HLJK4.jpg","contentUrl":"https:\/\/www.predsjednik.hr\/wp-content\/uploads\/2020\/07\/HLJK4.jpg","width":2500,"height":1406},{"@type":"BreadcrumbList","@id":"https:\/\/www.predsjednik.hr\/en\/news\/president-milanovic-receives-croatian-medical-chamber-delegation\/#breadcrumb","itemListElement":[{"@type":"ListItem","position":1,"name":"Home","item":"https:\/\/www.predsjednik.hr\/en\/"},{"@type":"ListItem","position":2,"name":"Vijesti","item":"https:\/\/www.predsjednik.hr\/en\/news\/"},{"@type":"ListItem","position":3,"name":"President Milanovi\u0107 Receives Croatian Medical Chamber Delegation"}]},{"@type":"WebSite","@id":"https:\/\/www.predsjednik.hr\/en\/#website","url":"https:\/\/www.predsjednik.hr\/en\/","name":"President of the Republic of Croatia - Zoran Milanovi\u0107","description":"Just another WordPress site","potentialAction":[{"@type":"SearchAction","target":{"@type":"EntryPoint","urlTemplate":"https:\/\/www.predsjednik.hr\/en\/?s={search_term_string}"},"query-input":{"@type":"PropertyValueSpecification","valueRequired":true,"valueName":"search_term_string"}}],"inLanguage":"en-US"}]}},"_links":{"self":[{"href":"https:\/\/www.predsjednik.hr\/en\/wp-json\/wp\/v2\/news\/4274","targetHints":{"allow":["GET"]}}],"collection":[{"href":"https:\/\/www.predsjednik.hr\/en\/wp-json\/wp\/v2\/news"}],"about":[{"href":"https:\/\/www.predsjednik.hr\/en\/wp-json\/wp\/v2\/types\/news"}],"wp:featuredmedia":[{"embeddable":true,"href":"https:\/\/www.predsjednik.hr\/en\/wp-json\/wp\/v2\/media\/4252"}],"wp:attachment":[{"href":"https:\/\/www.predsjednik.hr\/en\/wp-json\/wp\/v2\/media?parent=4274"}],"wp:term":[{"taxonomy":"news-cat","embeddable":true,"href":"https:\/\/www.predsjednik.hr\/en\/wp-json\/wp\/v2\/news-cat?post=4274"}],"curies":[{"name":"wp","href":"https:\/\/api.w.org\/{rel}","templated":true}]}}