{"id":42935,"date":"2026-04-27T20:29:00","date_gmt":"2026-04-27T18:29:00","guid":{"rendered":"https:\/\/www.predsjednik.hr\/?post_type=news&#038;p=42935"},"modified":"2026-04-28T10:31:08","modified_gmt":"2026-04-28T08:31:08","slug":"president-milanovic-the-relationship-between-christians-and-muslims-in-croatia-is-better-than-ever-before","status":"publish","type":"news","link":"https:\/\/www.predsjednik.hr\/en\/news\/president-milanovic-the-relationship-between-christians-and-muslims-in-croatia-is-better-than-ever-before\/","title":{"rendered":"President Milanovi\u0107: The relationship between Christians and Muslims in Croatia is better than ever before"},"content":{"rendered":"\n<p>\u201cThe relationship between Christians and Muslims in this part of the world has been complex, and today it is much better than it has ever been, especially in Croatia. A lot has happened; the histories of our peoples are so intertwined \u2013 through origins, migration routes, and everything that has taken place over the past several hundred years \u2013 that this is, in a way, an unexpectedly happy outcome. We live normal lives, both private and public,\u201d said the President of the Republic Zoran Milanovi\u0107 today at the marking of the 110<sup>th<\/sup> anniversary of the recognition of Islam as equal to other religions in Croatia.<\/p>\n\n\n\n<p>\u201cI will not say in what roles I see you; you choose them yourselves, and you choose them well,\u201d President Milanovi\u0107 told the President of the Meshihat of the Islamic Community in Croatia, Mufti Academician Aziz ef. Hasanovi\u0107, thanking him \u201cfor his moderation, for his tone, and for his prudence in every public appearance when communicating the views of the community.\u201d \u201cFor leaders of religious communities, this is a very important matter; it is always a sensitive role, and in the times unfolding around us, even more so,\u201d he added.<\/p>\n\n\n\n<p>\u201cYou have already done and achieved a great deal, and I commend you precisely for that. In some tense moments, which there have been and may still be, in relations with certain neighboring countries \u2013 because some issues must be resolved fairly \u2013 for my part, I will take care to choose my words in the way that you do. Mufti, congratulations and thank you,\u201d concluded President Milanovi\u0107.<\/p>\n\n\n\n<p>The marking of the 110<sup>th<\/sup> anniversary of the recognition of Islam as equal to other religions was organized by the Meshihat of the Islamic Community in Croatia to commemorate the day in 1916 when the Parliament of the Kingdom of Dalmatia, Croatia and Slavonia adopted the \u201cLaw on the Recognition of Islam as an Equal Religion.\u201d By this Law, Islam was granted the same legal status as other recognized religions in the territory of the Kingdom of Dalmatia, Croatia and Slavonia. In addition to recognizing Islam as an equal religion, the key elements of this recognition include guaranteeing freedom of religion to Muslim believers and enabling the organized activity of the Islamic community in Croatia.<\/p>\n\n\n\n<p>Thus, Croatia (within the then state framework) became one of the first European countries to legally recognize Islam in this way. As early as 1912, the Austrian part of the monarchy recognized Hanafi Islam (Hanafi madhhab) as an equal religion. In January 1916, the Hungarian parliament did the same, but this decision did not apply to Croatia because, under the provisions of the Croatian-Hungarian Settlement, it was autonomous in religious affairs.<\/p>\n\n\n\n<p>In addition to President Milanovi\u0107, remarks at the ceremony were delivered by the President of the Meshihat of the Islamic Community in Croatia, Mufti Academician Aziz ef. Hasanovi\u0107; Member of the Croatian Parliament and delegate of the Mayor of the City of Zagreb, Damir Baki\u0107; Deputy Speaker of the Croatian Parliament, Academician \u017deljko Reiner; and the Prime Minister of the Republic of Croatia, Andrej Plenkovi\u0107. President Milanovi\u0107 was accompanied by the Head of the Office of the President, Orsat Miljeni\u0107, and the Adviser to the President of the Republic for Education, Jadranka \u017darkov<\/p>\n\n\n<!--GALLERY BLOCK-->\n<div class=\"c-lightbox-gallery js-lightbox\">\n                <!--single-->\n            <a data-no-swup class=\"c-lightbox-gallery__single js-lightbox-single\"\n               href=\"https:\/\/www.predsjednik.hr\/wp-content\/uploads\/2026\/04\/DSC_2993-1-1024x731.jpg\"\n               style=\"background-image: url('https:\/\/www.predsjednik.hr\/wp-content\/uploads\/2026\/04\/DSC_2993-1-768x549.jpg')\"><\/a>\n            <!--end single-->\n                    <!--single-->\n            <a data-no-swup class=\"c-lightbox-gallery__single js-lightbox-single\"\n               href=\"https:\/\/www.predsjednik.hr\/wp-content\/uploads\/2026\/04\/DSC_3013-1-1024x731.jpg\"\n               style=\"background-image: url('https:\/\/www.predsjednik.hr\/wp-content\/uploads\/2026\/04\/DSC_3013-1-768x548.jpg')\"><\/a>\n            <!--end single-->\n                    <!--single-->\n            <a data-no-swup class=\"c-lightbox-gallery__single js-lightbox-single\"\n               href=\"https:\/\/www.predsjednik.hr\/wp-content\/uploads\/2026\/04\/DSC_3041-1-1024x576.jpg\"\n               style=\"background-image: url('https:\/\/www.predsjednik.hr\/wp-content\/uploads\/2026\/04\/DSC_3041-1-768x432.jpg')\"><\/a>\n            <!--end single-->\n                    <!--single-->\n            <a data-no-swup class=\"c-lightbox-gallery__single js-lightbox-single\"\n               href=\"https:\/\/www.predsjednik.hr\/wp-content\/uploads\/2026\/04\/DSC_3079-1024x576.jpg\"\n               style=\"background-image: url('https:\/\/www.predsjednik.hr\/wp-content\/uploads\/2026\/04\/DSC_3079-768x432.jpg')\"><\/a>\n            <!--end single-->\n                    <!--single-->\n            <a data-no-swup class=\"c-lightbox-gallery__single js-lightbox-single\"\n               href=\"https:\/\/www.predsjednik.hr\/wp-content\/uploads\/2026\/04\/DSC_3282-1024x732.jpg\"\n               style=\"background-image: url('https:\/\/www.predsjednik.hr\/wp-content\/uploads\/2026\/04\/DSC_3282-768x549.jpg')\"><\/a>\n            <!--end single-->\n                    <!--single-->\n            <a data-no-swup class=\"c-lightbox-gallery__single js-lightbox-single\"\n               href=\"https:\/\/www.predsjednik.hr\/wp-content\/uploads\/2026\/04\/DSC_3313-1024x576.jpg\"\n               style=\"background-image: url('https:\/\/www.predsjednik.hr\/wp-content\/uploads\/2026\/04\/DSC_3313-768x432.jpg')\"><\/a>\n            <!--end single-->\n        <\/div>\n<!--end GALLERY BLOCK-->\n\n\n\n<p>PHOTO: Office of the President of the Republic of Croatia \/ Ana Marija Kati\u0107<\/p>\n","protected":false},"excerpt":{"rendered":"<p>\u201cThe relationship between Christians and Muslims in this part of the world has been complex, and today it is much better than it has ever been, especially in Croatia. A lot has happened; the histories of our peoples are so intertwined \u2013 through origins, migration routes, and everything that has taken place over the past several hundred years \u2013 that this is, in a way, an unexpectedly happy outcome. We live normal lives, both private and public,\u201d said the President of the Republic Zoran Milanovi\u0107 today at the marking of the 110th anniversary of the recognition of Islam as equal to other religions in Croatia.<\/p>\n","protected":false},"featured_media":42934,"template":"","news-cat":[12],"class_list":["post-42935","news","type-news","status-publish","has-post-thumbnail","hentry","news-cat-news"],"acf":[],"yoast_head":"<!-- This site is optimized with the Yoast SEO plugin v27.4 - https:\/\/yoast.com\/product\/yoast-seo-wordpress\/ -->\n<title>President Milanovi\u0107: The relationship between Christians and Muslims in Croatia is better than ever before - President of the Republic of Croatia - Zoran Milanovi\u0107<\/title>\n<meta name=\"robots\" content=\"index, follow, max-snippet:-1, max-image-preview:large, max-video-preview:-1\" \/>\n<link rel=\"canonical\" href=\"https:\/\/www.predsjednik.hr\/en\/news\/president-milanovic-the-relationship-between-christians-and-muslims-in-croatia-is-better-than-ever-before\/\" \/>\n<meta property=\"og:locale\" content=\"en_US\" \/>\n<meta property=\"og:type\" content=\"article\" \/>\n<meta property=\"og:title\" content=\"President Milanovi\u0107: The relationship between Christians and Muslims in Croatia is better than ever before - President of the Republic of Croatia - Zoran Milanovi\u0107\" \/>\n<meta property=\"og:description\" content=\"\u201cThe relationship between Christians and Muslims in this part of the world has been complex, and today it is much better than it has ever been, especially in Croatia. A lot has happened; the histories of our peoples are so intertwined \u2013 through origins, migration routes, and everything that has taken place over the past several hundred years \u2013 that this is, in a way, an unexpectedly happy outcome. We live normal lives, both private and public,\u201d said the President of the Republic Zoran Milanovi\u0107 today at the marking of the 110th anniversary of the recognition of Islam as equal to other religions in Croatia.\" \/>\n<meta property=\"og:url\" content=\"https:\/\/www.predsjednik.hr\/en\/news\/president-milanovic-the-relationship-between-christians-and-muslims-in-croatia-is-better-than-ever-before\/\" \/>\n<meta property=\"og:site_name\" content=\"President of the Republic of Croatia - Zoran Milanovi\u0107\" \/>\n<meta property=\"article:modified_time\" content=\"2026-04-28T08:31:08+00:00\" \/>\n<meta property=\"og:image\" content=\"https:\/\/www.predsjednik.hr\/wp-content\/uploads\/2026\/04\/DSC_3079.jpg\" \/>\n\t<meta property=\"og:image:width\" content=\"3166\" \/>\n\t<meta property=\"og:image:height\" content=\"1781\" \/>\n\t<meta property=\"og:image:type\" content=\"image\/jpeg\" \/>\n<meta name=\"twitter:card\" content=\"summary_large_image\" \/>\n<meta name=\"twitter:label1\" content=\"Est. reading time\" \/>\n\t<meta name=\"twitter:data1\" content=\"3 minutes\" \/>\n<script type=\"application\/ld+json\" class=\"yoast-schema-graph\">{\"@context\":\"https:\\\/\\\/schema.org\",\"@graph\":[{\"@type\":\"WebPage\",\"@id\":\"https:\\\/\\\/www.predsjednik.hr\\\/en\\\/news\\\/president-milanovic-the-relationship-between-christians-and-muslims-in-croatia-is-better-than-ever-before\\\/\",\"url\":\"https:\\\/\\\/www.predsjednik.hr\\\/en\\\/news\\\/president-milanovic-the-relationship-between-christians-and-muslims-in-croatia-is-better-than-ever-before\\\/\",\"name\":\"President Milanovi\u0107: The relationship between Christians and Muslims in Croatia is better than ever before - President of the Republic of Croatia - Zoran Milanovi\u0107\",\"isPartOf\":{\"@id\":\"https:\\\/\\\/www.predsjednik.hr\\\/en\\\/#website\"},\"primaryImageOfPage\":{\"@id\":\"https:\\\/\\\/www.predsjednik.hr\\\/en\\\/news\\\/president-milanovic-the-relationship-between-christians-and-muslims-in-croatia-is-better-than-ever-before\\\/#primaryimage\"},\"image\":{\"@id\":\"https:\\\/\\\/www.predsjednik.hr\\\/en\\\/news\\\/president-milanovic-the-relationship-between-christians-and-muslims-in-croatia-is-better-than-ever-before\\\/#primaryimage\"},\"thumbnailUrl\":\"https:\\\/\\\/www.predsjednik.hr\\\/wp-content\\\/uploads\\\/2026\\\/04\\\/DSC_3079.jpg\",\"datePublished\":\"2026-04-27T18:29:00+00:00\",\"dateModified\":\"2026-04-28T08:31:08+00:00\",\"breadcrumb\":{\"@id\":\"https:\\\/\\\/www.predsjednik.hr\\\/en\\\/news\\\/president-milanovic-the-relationship-between-christians-and-muslims-in-croatia-is-better-than-ever-before\\\/#breadcrumb\"},\"inLanguage\":\"en-US\",\"potentialAction\":[{\"@type\":\"ReadAction\",\"target\":[\"https:\\\/\\\/www.predsjednik.hr\\\/en\\\/news\\\/president-milanovic-the-relationship-between-christians-and-muslims-in-croatia-is-better-than-ever-before\\\/\"]}]},{\"@type\":\"ImageObject\",\"inLanguage\":\"en-US\",\"@id\":\"https:\\\/\\\/www.predsjednik.hr\\\/en\\\/news\\\/president-milanovic-the-relationship-between-christians-and-muslims-in-croatia-is-better-than-ever-before\\\/#primaryimage\",\"url\":\"https:\\\/\\\/www.predsjednik.hr\\\/wp-content\\\/uploads\\\/2026\\\/04\\\/DSC_3079.jpg\",\"contentUrl\":\"https:\\\/\\\/www.predsjednik.hr\\\/wp-content\\\/uploads\\\/2026\\\/04\\\/DSC_3079.jpg\",\"width\":3166,\"height\":1781},{\"@type\":\"BreadcrumbList\",\"@id\":\"https:\\\/\\\/www.predsjednik.hr\\\/en\\\/news\\\/president-milanovic-the-relationship-between-christians-and-muslims-in-croatia-is-better-than-ever-before\\\/#breadcrumb\",\"itemListElement\":[{\"@type\":\"ListItem\",\"position\":1,\"name\":\"Home\",\"item\":\"https:\\\/\\\/www.predsjednik.hr\\\/en\\\/\"},{\"@type\":\"ListItem\",\"position\":2,\"name\":\"Vijesti\",\"item\":\"https:\\\/\\\/www.predsjednik.hr\\\/en\\\/news\\\/\"},{\"@type\":\"ListItem\",\"position\":3,\"name\":\"President Milanovi\u0107: The relationship between Christians and Muslims in Croatia is better than ever before\"}]},{\"@type\":\"WebSite\",\"@id\":\"https:\\\/\\\/www.predsjednik.hr\\\/en\\\/#website\",\"url\":\"https:\\\/\\\/www.predsjednik.hr\\\/en\\\/\",\"name\":\"President of the Republic of Croatia - Zoran Milanovi\u0107\",\"description\":\"Just another WordPress site\",\"potentialAction\":[{\"@type\":\"SearchAction\",\"target\":{\"@type\":\"EntryPoint\",\"urlTemplate\":\"https:\\\/\\\/www.predsjednik.hr\\\/en\\\/?s={search_term_string}\"},\"query-input\":{\"@type\":\"PropertyValueSpecification\",\"valueRequired\":true,\"valueName\":\"search_term_string\"}}],\"inLanguage\":\"en-US\"}]}<\/script>\n<!-- \/ Yoast SEO plugin. -->","yoast_head_json":{"title":"President Milanovi\u0107: The relationship between Christians and Muslims in Croatia is better than ever before - President of the Republic of Croatia - Zoran Milanovi\u0107","robots":{"index":"index","follow":"follow","max-snippet":"max-snippet:-1","max-image-preview":"max-image-preview:large","max-video-preview":"max-video-preview:-1"},"canonical":"https:\/\/www.predsjednik.hr\/en\/news\/president-milanovic-the-relationship-between-christians-and-muslims-in-croatia-is-better-than-ever-before\/","og_locale":"en_US","og_type":"article","og_title":"President Milanovi\u0107: The relationship between Christians and Muslims in Croatia is better than ever before - President of the Republic of Croatia - Zoran Milanovi\u0107","og_description":"\u201cThe relationship between Christians and Muslims in this part of the world has been complex, and today it is much better than it has ever been, especially in Croatia. A lot has happened; the histories of our peoples are so intertwined \u2013 through origins, migration routes, and everything that has taken place over the past several hundred years \u2013 that this is, in a way, an unexpectedly happy outcome. We live normal lives, both private and public,\u201d said the President of the Republic Zoran Milanovi\u0107 today at the marking of the 110th anniversary of the recognition of Islam as equal to other religions in Croatia.","og_url":"https:\/\/www.predsjednik.hr\/en\/news\/president-milanovic-the-relationship-between-christians-and-muslims-in-croatia-is-better-than-ever-before\/","og_site_name":"President of the Republic of Croatia - Zoran Milanovi\u0107","article_modified_time":"2026-04-28T08:31:08+00:00","og_image":[{"width":3166,"height":1781,"url":"https:\/\/www.predsjednik.hr\/wp-content\/uploads\/2026\/04\/DSC_3079.jpg","type":"image\/jpeg"}],"twitter_card":"summary_large_image","twitter_misc":{"Est. reading time":"3 minutes"},"schema":{"@context":"https:\/\/schema.org","@graph":[{"@type":"WebPage","@id":"https:\/\/www.predsjednik.hr\/en\/news\/president-milanovic-the-relationship-between-christians-and-muslims-in-croatia-is-better-than-ever-before\/","url":"https:\/\/www.predsjednik.hr\/en\/news\/president-milanovic-the-relationship-between-christians-and-muslims-in-croatia-is-better-than-ever-before\/","name":"President Milanovi\u0107: The relationship between Christians and Muslims in Croatia is better than ever before - President of the Republic of Croatia - Zoran Milanovi\u0107","isPartOf":{"@id":"https:\/\/www.predsjednik.hr\/en\/#website"},"primaryImageOfPage":{"@id":"https:\/\/www.predsjednik.hr\/en\/news\/president-milanovic-the-relationship-between-christians-and-muslims-in-croatia-is-better-than-ever-before\/#primaryimage"},"image":{"@id":"https:\/\/www.predsjednik.hr\/en\/news\/president-milanovic-the-relationship-between-christians-and-muslims-in-croatia-is-better-than-ever-before\/#primaryimage"},"thumbnailUrl":"https:\/\/www.predsjednik.hr\/wp-content\/uploads\/2026\/04\/DSC_3079.jpg","datePublished":"2026-04-27T18:29:00+00:00","dateModified":"2026-04-28T08:31:08+00:00","breadcrumb":{"@id":"https:\/\/www.predsjednik.hr\/en\/news\/president-milanovic-the-relationship-between-christians-and-muslims-in-croatia-is-better-than-ever-before\/#breadcrumb"},"inLanguage":"en-US","potentialAction":[{"@type":"ReadAction","target":["https:\/\/www.predsjednik.hr\/en\/news\/president-milanovic-the-relationship-between-christians-and-muslims-in-croatia-is-better-than-ever-before\/"]}]},{"@type":"ImageObject","inLanguage":"en-US","@id":"https:\/\/www.predsjednik.hr\/en\/news\/president-milanovic-the-relationship-between-christians-and-muslims-in-croatia-is-better-than-ever-before\/#primaryimage","url":"https:\/\/www.predsjednik.hr\/wp-content\/uploads\/2026\/04\/DSC_3079.jpg","contentUrl":"https:\/\/www.predsjednik.hr\/wp-content\/uploads\/2026\/04\/DSC_3079.jpg","width":3166,"height":1781},{"@type":"BreadcrumbList","@id":"https:\/\/www.predsjednik.hr\/en\/news\/president-milanovic-the-relationship-between-christians-and-muslims-in-croatia-is-better-than-ever-before\/#breadcrumb","itemListElement":[{"@type":"ListItem","position":1,"name":"Home","item":"https:\/\/www.predsjednik.hr\/en\/"},{"@type":"ListItem","position":2,"name":"Vijesti","item":"https:\/\/www.predsjednik.hr\/en\/news\/"},{"@type":"ListItem","position":3,"name":"President Milanovi\u0107: The relationship between Christians and Muslims in Croatia is better than ever before"}]},{"@type":"WebSite","@id":"https:\/\/www.predsjednik.hr\/en\/#website","url":"https:\/\/www.predsjednik.hr\/en\/","name":"President of the Republic of Croatia - Zoran Milanovi\u0107","description":"Just another WordPress site","potentialAction":[{"@type":"SearchAction","target":{"@type":"EntryPoint","urlTemplate":"https:\/\/www.predsjednik.hr\/en\/?s={search_term_string}"},"query-input":{"@type":"PropertyValueSpecification","valueRequired":true,"valueName":"search_term_string"}}],"inLanguage":"en-US"}]}},"_links":{"self":[{"href":"https:\/\/www.predsjednik.hr\/en\/wp-json\/wp\/v2\/news\/42935","targetHints":{"allow":["GET"]}}],"collection":[{"href":"https:\/\/www.predsjednik.hr\/en\/wp-json\/wp\/v2\/news"}],"about":[{"href":"https:\/\/www.predsjednik.hr\/en\/wp-json\/wp\/v2\/types\/news"}],"wp:featuredmedia":[{"embeddable":true,"href":"https:\/\/www.predsjednik.hr\/en\/wp-json\/wp\/v2\/media\/42934"}],"wp:attachment":[{"href":"https:\/\/www.predsjednik.hr\/en\/wp-json\/wp\/v2\/media?parent=42935"}],"wp:term":[{"taxonomy":"news-cat","embeddable":true,"href":"https:\/\/www.predsjednik.hr\/en\/wp-json\/wp\/v2\/news-cat?post=42935"}],"curies":[{"name":"wp","href":"https:\/\/api.w.org\/{rel}","templated":true}]}}