{"id":44325,"date":"2026-08-29T21:33:00","date_gmt":"2026-08-29T19:33:00","guid":{"rendered":"https:\/\/www.predsjednik.hr\/?post_type=news&#038;p=44325"},"modified":"2026-08-31T09:35:29","modified_gmt":"2026-08-31T07:35:29","slug":"president-milanovic-on-vir-you-have-proven-to-have-the-knowledge-and-heart-to-lift-this-island-from-strange-state","status":"publish","type":"news","link":"https:\/\/www.predsjednik.hr\/en\/news\/president-milanovic-on-vir-you-have-proven-to-have-the-knowledge-and-heart-to-lift-this-island-from-strange-state\/","title":{"rendered":"President Milanovi\u0107 on Vir: You Have Proven to Have the Knowledge and Heart to Lift this Island from Strange State"},"content":{"rendered":"\n<p class=\"wp-block-paragraph\">\u201cYou have proven to have the will, ambition, knowledge and heart to lift this small island, this place, this town and this municipality from a strange state it found itself,\u201d told the President of the Republic Milanovi\u0107 tonight in his address to the people of Vir during the ceremonial session of the Vir Municipality Council on the occasion of the Municipality Day and the Feast of the Municipality\u2019s heavenly patron, the Beheading of Saint John the Baptist.<\/p>\n\n\n\n<p class=\"wp-block-paragraph\">President Milanovi\u0107 praised Vir\u2019s exceptional progress in rectifying past urban planning and utility challenges, emphasizing that the damage done fifty years ago was corrected only within a single generation. President Milanovi\u0107 emphasized that Vir had been a \u201cdamage control champion\u201d for years, but the true turning point had been brought by the vision of the local government. \u201cThis small, yet densely populated island did not have running water up until 2013. I know that behind these results there is the concentrated, targeted, and meaningful work of a group of people who fought to ensure this town \u2013 formally not a town, but possessing all attributes of a town \u2013 reaches a point where connection to the water supply and sewage network is at 35 to 40 percent at this moment,\u201d said President Milanovi\u0107. \u201cThis is an unreal success compared to the situation that was found, and it was so complicated that it seemed it could never be implemented,\u201d added the President.<\/p>\n\n\n\n<p class=\"wp-block-paragraph\">&nbsp;\u201cContinue this way. The vision and plan you are working by is working. These results are measurable and do not forget your special mentality,\u201d told President Milanovi\u0107 to the natives of Vir, congratulating them on Municipality Day.<\/p>\n\n\n\n<p class=\"wp-block-paragraph\">Alongside President Milanovi\u0107, the president of Vir Municipality Council Kristijan Kapovi\u0107, Mayor of Vir Marino Radovi\u0107, and Zadar County prefect and envoy of the Prime Minister of the Republic of Croatia and Speaker of the Croatian Parliament Josip Bilaver delivered an address at the ceremonial session of the Vir Municipality Day. Moreover, annual awards were presented to the most deserving individuals and organizations for their contribution to the development of the Municipality.<\/p>\n\n\n\n<p class=\"wp-block-paragraph\">President Milanovi\u0107 was accompanied by the Head of the Cabinet of the President Bartol \u0160imuni\u0107 and Adviser to the President for local and regional self-government relations Nik\u0161a Peronja.<\/p>\n\n\n<!--GALLERY BLOCK-->\n<div class=\"c-lightbox-gallery js-lightbox\">\n    <\/div>\n<!--end GALLERY BLOCK-->\n\n\n<!--GALLERY BLOCK-->\n<div class=\"c-lightbox-gallery js-lightbox\">\n                <!--single-->\n            <a data-no-swup class=\"c-lightbox-gallery__single js-lightbox-single\"\n               href=\"https:\/\/www.predsjednik.hr\/wp-content\/uploads\/2026\/08\/DSC_0352-3-1024x576.jpg\"\n               style=\"background-image: url('https:\/\/www.predsjednik.hr\/wp-content\/uploads\/2026\/08\/DSC_0352-3-768x432.jpg')\"><\/a>\n            <!--end single-->\n                    <!--single-->\n            <a data-no-swup class=\"c-lightbox-gallery__single js-lightbox-single\"\n               href=\"https:\/\/www.predsjednik.hr\/wp-content\/uploads\/2026\/08\/DSC_0527-1024x683.jpg\"\n               style=\"background-image: url('https:\/\/www.predsjednik.hr\/wp-content\/uploads\/2026\/08\/DSC_0527-768x512.jpg')\"><\/a>\n            <!--end single-->\n                    <!--single-->\n            <a data-no-swup class=\"c-lightbox-gallery__single js-lightbox-single\"\n               href=\"https:\/\/www.predsjednik.hr\/wp-content\/uploads\/2026\/08\/DSC_0672-1024x576.jpg\"\n               style=\"background-image: url('https:\/\/www.predsjednik.hr\/wp-content\/uploads\/2026\/08\/DSC_0672-768x432.jpg')\"><\/a>\n            <!--end single-->\n                    <!--single-->\n            <a data-no-swup class=\"c-lightbox-gallery__single js-lightbox-single\"\n               href=\"https:\/\/www.predsjednik.hr\/wp-content\/uploads\/2026\/08\/DSC_0729-1-1024x576.jpg\"\n               style=\"background-image: url('https:\/\/www.predsjednik.hr\/wp-content\/uploads\/2026\/08\/DSC_0729-1-768x432.jpg')\"><\/a>\n            <!--end single-->\n        <\/div>\n<!--end GALLERY BLOCK-->\n\n\n\n<p class=\"wp-block-paragraph\">PHOTO: Office of the President of the Republic of Croatia \/ Dario Andri\u0161ek<\/p>\n","protected":false},"excerpt":{"rendered":"<p>\u201cYou have proven to have the will, ambition, knowledge and heart to lift this small island, this place, this town and this municipality from a strange state it found itself,\u201d told the President of the Republic Milanovi\u0107 tonight in his address to the people of Vir during the ceremonial session of the Vir Municipality Council on the occasion of the Municipality Day and the Feast of the Municipality\u2019s heavenly patron, the Beheading of Saint John the Baptist.<\/p>\n","protected":false},"featured_media":44324,"template":"","news-cat":[12],"class_list":["post-44325","news","type-news","status-publish","has-post-thumbnail","hentry","news-cat-news"],"acf":[],"yoast_head":"<!-- This site is optimized with the Yoast SEO plugin v28.3 - https:\/\/yoast.com\/product\/yoast-seo-wordpress\/ -->\n<title>President Milanovi\u0107 on Vir: You Have Proven to Have the Knowledge and Heart to Lift this Island from Strange State - President of the Republic of Croatia - Zoran Milanovi\u0107<\/title>\n<meta name=\"robots\" content=\"index, follow, max-snippet:-1, max-image-preview:large, max-video-preview:-1\" \/>\n<link rel=\"canonical\" href=\"https:\/\/www.predsjednik.hr\/en\/news\/president-milanovic-on-vir-you-have-proven-to-have-the-knowledge-and-heart-to-lift-this-island-from-strange-state\/\" \/>\n<meta property=\"og:locale\" content=\"en_US\" \/>\n<meta property=\"og:type\" content=\"article\" \/>\n<meta property=\"og:title\" content=\"President Milanovi\u0107 on Vir: You Have Proven to Have the Knowledge and Heart to Lift this Island from Strange State - President of the Republic of Croatia - Zoran Milanovi\u0107\" \/>\n<meta property=\"og:description\" content=\"\u201cYou have proven to have the will, ambition, knowledge and heart to lift this small island, this place, this town and this municipality from a strange state it found itself,\u201d told the President of the Republic Milanovi\u0107 tonight in his address to the people of Vir during the ceremonial session of the Vir Municipality Council on the occasion of the Municipality Day and the Feast of the Municipality\u2019s heavenly patron, the Beheading of Saint John the Baptist.\" \/>\n<meta property=\"og:url\" content=\"https:\/\/www.predsjednik.hr\/en\/news\/president-milanovic-on-vir-you-have-proven-to-have-the-knowledge-and-heart-to-lift-this-island-from-strange-state\/\" \/>\n<meta property=\"og:site_name\" content=\"President of the Republic of Croatia - Zoran Milanovi\u0107\" \/>\n<meta property=\"article:modified_time\" content=\"2026-08-31T07:35:29+00:00\" \/>\n<meta property=\"og:image\" content=\"https:\/\/www.predsjednik.hr\/wp-content\/uploads\/2026\/08\/DSC_0729-1.jpg\" \/>\n\t<meta property=\"og:image:width\" content=\"3118\" \/>\n\t<meta property=\"og:image:height\" content=\"1753\" \/>\n\t<meta property=\"og:image:type\" content=\"image\/jpeg\" \/>\n<meta name=\"twitter:card\" content=\"summary_large_image\" \/>\n<meta name=\"twitter:label1\" content=\"Est. reading time\" \/>\n\t<meta name=\"twitter:data1\" content=\"2 minutes\" \/>\n<script type=\"application\/ld+json\" class=\"yoast-schema-graph\">{\"@context\":\"https:\\\/\\\/schema.org\",\"@graph\":[{\"@type\":\"WebPage\",\"@id\":\"https:\\\/\\\/www.predsjednik.hr\\\/en\\\/news\\\/president-milanovic-on-vir-you-have-proven-to-have-the-knowledge-and-heart-to-lift-this-island-from-strange-state\\\/\",\"url\":\"https:\\\/\\\/www.predsjednik.hr\\\/en\\\/news\\\/president-milanovic-on-vir-you-have-proven-to-have-the-knowledge-and-heart-to-lift-this-island-from-strange-state\\\/\",\"name\":\"President Milanovi\u0107 on Vir: You Have Proven to Have the Knowledge and Heart to Lift this Island from Strange State - President of the Republic of Croatia - Zoran Milanovi\u0107\",\"isPartOf\":{\"@id\":\"https:\\\/\\\/www.predsjednik.hr\\\/en\\\/#website\"},\"primaryImageOfPage\":{\"@id\":\"https:\\\/\\\/www.predsjednik.hr\\\/en\\\/news\\\/president-milanovic-on-vir-you-have-proven-to-have-the-knowledge-and-heart-to-lift-this-island-from-strange-state\\\/#primaryimage\"},\"image\":{\"@id\":\"https:\\\/\\\/www.predsjednik.hr\\\/en\\\/news\\\/president-milanovic-on-vir-you-have-proven-to-have-the-knowledge-and-heart-to-lift-this-island-from-strange-state\\\/#primaryimage\"},\"thumbnailUrl\":\"https:\\\/\\\/www.predsjednik.hr\\\/wp-content\\\/uploads\\\/2026\\\/08\\\/DSC_0729-1.jpg\",\"datePublished\":\"2026-08-29T19:33:00+00:00\",\"dateModified\":\"2026-08-31T07:35:29+00:00\",\"breadcrumb\":{\"@id\":\"https:\\\/\\\/www.predsjednik.hr\\\/en\\\/news\\\/president-milanovic-on-vir-you-have-proven-to-have-the-knowledge-and-heart-to-lift-this-island-from-strange-state\\\/#breadcrumb\"},\"inLanguage\":\"en-US\",\"potentialAction\":[{\"@type\":\"ReadAction\",\"target\":[\"https:\\\/\\\/www.predsjednik.hr\\\/en\\\/news\\\/president-milanovic-on-vir-you-have-proven-to-have-the-knowledge-and-heart-to-lift-this-island-from-strange-state\\\/\"]}]},{\"@type\":\"ImageObject\",\"inLanguage\":\"en-US\",\"@id\":\"https:\\\/\\\/www.predsjednik.hr\\\/en\\\/news\\\/president-milanovic-on-vir-you-have-proven-to-have-the-knowledge-and-heart-to-lift-this-island-from-strange-state\\\/#primaryimage\",\"url\":\"https:\\\/\\\/www.predsjednik.hr\\\/wp-content\\\/uploads\\\/2026\\\/08\\\/DSC_0729-1.jpg\",\"contentUrl\":\"https:\\\/\\\/www.predsjednik.hr\\\/wp-content\\\/uploads\\\/2026\\\/08\\\/DSC_0729-1.jpg\",\"width\":3118,\"height\":1753},{\"@type\":\"BreadcrumbList\",\"@id\":\"https:\\\/\\\/www.predsjednik.hr\\\/en\\\/news\\\/president-milanovic-on-vir-you-have-proven-to-have-the-knowledge-and-heart-to-lift-this-island-from-strange-state\\\/#breadcrumb\",\"itemListElement\":[{\"@type\":\"ListItem\",\"position\":1,\"name\":\"Home\",\"item\":\"https:\\\/\\\/www.predsjednik.hr\\\/en\\\/\"},{\"@type\":\"ListItem\",\"position\":2,\"name\":\"Vijesti\",\"item\":\"https:\\\/\\\/www.predsjednik.hr\\\/en\\\/news\\\/\"},{\"@type\":\"ListItem\",\"position\":3,\"name\":\"President Milanovi\u0107 on Vir: You Have Proven to Have the Knowledge and Heart to Lift this Island from Strange State\"}]},{\"@type\":\"WebSite\",\"@id\":\"https:\\\/\\\/www.predsjednik.hr\\\/en\\\/#website\",\"url\":\"https:\\\/\\\/www.predsjednik.hr\\\/en\\\/\",\"name\":\"President of the Republic of Croatia - Zoran Milanovi\u0107\",\"description\":\"Just another WordPress site\",\"potentialAction\":[{\"@type\":\"SearchAction\",\"target\":{\"@type\":\"EntryPoint\",\"urlTemplate\":\"https:\\\/\\\/www.predsjednik.hr\\\/en\\\/?s={search_term_string}\"},\"query-input\":{\"@type\":\"PropertyValueSpecification\",\"valueRequired\":true,\"valueName\":\"search_term_string\"}}],\"inLanguage\":\"en-US\"}]}<\/script>\n<!-- \/ Yoast SEO plugin. -->","yoast_head_json":{"title":"President Milanovi\u0107 on Vir: You Have Proven to Have the Knowledge and Heart to Lift this Island from Strange State - President of the Republic of Croatia - Zoran Milanovi\u0107","robots":{"index":"index","follow":"follow","max-snippet":"max-snippet:-1","max-image-preview":"max-image-preview:large","max-video-preview":"max-video-preview:-1"},"canonical":"https:\/\/www.predsjednik.hr\/en\/news\/president-milanovic-on-vir-you-have-proven-to-have-the-knowledge-and-heart-to-lift-this-island-from-strange-state\/","og_locale":"en_US","og_type":"article","og_title":"President Milanovi\u0107 on Vir: You Have Proven to Have the Knowledge and Heart to Lift this Island from Strange State - President of the Republic of Croatia - Zoran Milanovi\u0107","og_description":"\u201cYou have proven to have the will, ambition, knowledge and heart to lift this small island, this place, this town and this municipality from a strange state it found itself,\u201d told the President of the Republic Milanovi\u0107 tonight in his address to the people of Vir during the ceremonial session of the Vir Municipality Council on the occasion of the Municipality Day and the Feast of the Municipality\u2019s heavenly patron, the Beheading of Saint John the Baptist.","og_url":"https:\/\/www.predsjednik.hr\/en\/news\/president-milanovic-on-vir-you-have-proven-to-have-the-knowledge-and-heart-to-lift-this-island-from-strange-state\/","og_site_name":"President of the Republic of Croatia - Zoran Milanovi\u0107","article_modified_time":"2026-08-31T07:35:29+00:00","og_image":[{"width":3118,"height":1753,"url":"https:\/\/www.predsjednik.hr\/wp-content\/uploads\/2026\/08\/DSC_0729-1.jpg","type":"image\/jpeg"}],"twitter_card":"summary_large_image","twitter_misc":{"Est. reading time":"2 minutes"},"schema":{"@context":"https:\/\/schema.org","@graph":[{"@type":"WebPage","@id":"https:\/\/www.predsjednik.hr\/en\/news\/president-milanovic-on-vir-you-have-proven-to-have-the-knowledge-and-heart-to-lift-this-island-from-strange-state\/","url":"https:\/\/www.predsjednik.hr\/en\/news\/president-milanovic-on-vir-you-have-proven-to-have-the-knowledge-and-heart-to-lift-this-island-from-strange-state\/","name":"President Milanovi\u0107 on Vir: You Have Proven to Have the Knowledge and Heart to Lift this Island from Strange State - President of the Republic of Croatia - Zoran Milanovi\u0107","isPartOf":{"@id":"https:\/\/www.predsjednik.hr\/en\/#website"},"primaryImageOfPage":{"@id":"https:\/\/www.predsjednik.hr\/en\/news\/president-milanovic-on-vir-you-have-proven-to-have-the-knowledge-and-heart-to-lift-this-island-from-strange-state\/#primaryimage"},"image":{"@id":"https:\/\/www.predsjednik.hr\/en\/news\/president-milanovic-on-vir-you-have-proven-to-have-the-knowledge-and-heart-to-lift-this-island-from-strange-state\/#primaryimage"},"thumbnailUrl":"https:\/\/www.predsjednik.hr\/wp-content\/uploads\/2026\/08\/DSC_0729-1.jpg","datePublished":"2026-08-29T19:33:00+00:00","dateModified":"2026-08-31T07:35:29+00:00","breadcrumb":{"@id":"https:\/\/www.predsjednik.hr\/en\/news\/president-milanovic-on-vir-you-have-proven-to-have-the-knowledge-and-heart-to-lift-this-island-from-strange-state\/#breadcrumb"},"inLanguage":"en-US","potentialAction":[{"@type":"ReadAction","target":["https:\/\/www.predsjednik.hr\/en\/news\/president-milanovic-on-vir-you-have-proven-to-have-the-knowledge-and-heart-to-lift-this-island-from-strange-state\/"]}]},{"@type":"ImageObject","inLanguage":"en-US","@id":"https:\/\/www.predsjednik.hr\/en\/news\/president-milanovic-on-vir-you-have-proven-to-have-the-knowledge-and-heart-to-lift-this-island-from-strange-state\/#primaryimage","url":"https:\/\/www.predsjednik.hr\/wp-content\/uploads\/2026\/08\/DSC_0729-1.jpg","contentUrl":"https:\/\/www.predsjednik.hr\/wp-content\/uploads\/2026\/08\/DSC_0729-1.jpg","width":3118,"height":1753},{"@type":"BreadcrumbList","@id":"https:\/\/www.predsjednik.hr\/en\/news\/president-milanovic-on-vir-you-have-proven-to-have-the-knowledge-and-heart-to-lift-this-island-from-strange-state\/#breadcrumb","itemListElement":[{"@type":"ListItem","position":1,"name":"Home","item":"https:\/\/www.predsjednik.hr\/en\/"},{"@type":"ListItem","position":2,"name":"Vijesti","item":"https:\/\/www.predsjednik.hr\/en\/news\/"},{"@type":"ListItem","position":3,"name":"President Milanovi\u0107 on Vir: You Have Proven to Have the Knowledge and Heart to Lift this Island from Strange State"}]},{"@type":"WebSite","@id":"https:\/\/www.predsjednik.hr\/en\/#website","url":"https:\/\/www.predsjednik.hr\/en\/","name":"President of the Republic of Croatia - Zoran Milanovi\u0107","description":"Just another WordPress site","potentialAction":[{"@type":"SearchAction","target":{"@type":"EntryPoint","urlTemplate":"https:\/\/www.predsjednik.hr\/en\/?s={search_term_string}"},"query-input":{"@type":"PropertyValueSpecification","valueRequired":true,"valueName":"search_term_string"}}],"inLanguage":"en-US"}]}},"_links":{"self":[{"href":"https:\/\/www.predsjednik.hr\/en\/wp-json\/wp\/v2\/news\/44325","targetHints":{"allow":["GET"]}}],"collection":[{"href":"https:\/\/www.predsjednik.hr\/en\/wp-json\/wp\/v2\/news"}],"about":[{"href":"https:\/\/www.predsjednik.hr\/en\/wp-json\/wp\/v2\/types\/news"}],"wp:featuredmedia":[{"embeddable":true,"href":"https:\/\/www.predsjednik.hr\/en\/wp-json\/wp\/v2\/media\/44324"}],"wp:attachment":[{"href":"https:\/\/www.predsjednik.hr\/en\/wp-json\/wp\/v2\/media?parent=44325"}],"wp:term":[{"taxonomy":"news-cat","embeddable":true,"href":"https:\/\/www.predsjednik.hr\/en\/wp-json\/wp\/v2\/news-cat?post=44325"}],"curies":[{"name":"wp","href":"https:\/\/api.w.org\/{rel}","templated":true}]}}