{"id":44335,"date":"2026-09-01T14:53:33","date_gmt":"2026-09-01T12:53:33","guid":{"rendered":"https:\/\/www.predsjednik.hr\/?post_type=news&#038;p=44335"},"modified":"2026-09-01T14:53:43","modified_gmt":"2026-09-01T12:53:43","slug":"president-milanovic-receives-representatives-of-the-union-of-anti-fascist-fighters-and-anti-fascists-of-koprivnica-krizevci-county","status":"publish","type":"news","link":"https:\/\/www.predsjednik.hr\/en\/news\/president-milanovic-receives-representatives-of-the-union-of-anti-fascist-fighters-and-anti-fascists-of-koprivnica-krizevci-county\/","title":{"rendered":"President Milanovi\u0107 Receives Representatives of the Union of Anti-Fascist Fighters and Anti-Fascists of Koprivnica-Kri\u017eevci County"},"content":{"rendered":"\n<p class=\"wp-block-paragraph\">The President of the Republic Zoran Milanovi\u0107 today received representatives of the Union of Anti-Fascist Fighters and Anti-Fascists of Koprivnica-Kri\u017eevci County.<\/p>\n\n\n\n<p class=\"wp-block-paragraph\">The Union of Anti-Fascist Fighters and Anti-Fascists of Koprivnica-Kri\u017eevci County brings together local anti-fascist associations, actively fosters a culture of remembrance, and commemorates key events from the anti-fascist struggle in the area. The Union\u2019s main activities focus on preserving historical truth, organising commemorations, and restoring memorial heritage, it was said at the meeting. The Union has around 200 active members, with new and younger members also joining who wish to help preserve anti-fascist values, it was emphasised.<\/p>\n\n\n\n<p class=\"wp-block-paragraph\">Union President Anica Desnica explained that several important events related to the anti-fascist struggle in Koprivnica-Kri\u017eevci County are commemorated in September. The most important of these is the establishment of the \u201cBra\u0107a Radi\u0107\u201d Brigade on 4 September. In cooperation with the Municipality of Rasinja and the Alliance of Anti-Fascist Fighters and Anti-Fascists of the Republic of Croatia, the Union therefore organises a central commemoration every year on 4 September to mark the anniversary of the Brigade\u2019s establishment, in the forest between Duga Rijeka and Ludbre\u0161ki Ivanec. They also highlighted the closure of the Ustasha concentration camp at Danica, which took place on 1 September, as another important event. Today, Danica is a memorial site within the Museum of the Town of Koprivnica. The meeting also discussed the need for partial restoration of the memorial site, for which funding has been secured.<\/p>\n\n\n\n<p class=\"wp-block-paragraph\">In addition to Union President Anica Desnica, who is also a member of the Association of Anti-Fascist Fighters and Anti-Fascists of the Town of Koprivnica, the meeting at the Office of the President of the Republic was attended by numerous members of the Union and members of local associations of anti-fascist fighters and anti-fascists: Ivan Knok, Rade Prosenjak, Du\u0161an Dulikravi\u0107, Stjepan Henezi, Milan Podravac, Marijana Lokotar, Biserka Sitar, Bo\u017eidar Ba\u010di\u0107, \u017deljko Lapto\u0161, \u017darko Pintarec, Dra\u017een Erne\u010di\u0107, Ana Marija \u0110ur\u0111, Diana \u017depina, Jovan Kantar, Marija Vukobratovi\u0107 and Branko Dulikravi\u0107.<\/p>\n\n\n\n<p class=\"wp-block-paragraph\">The meeting was also attended by Koprivnica-Kri\u017eevci County Prefect Tomislav Golubi\u0107, a member of the Union and of the Association of Anti-Fascist Fighters and Anti-Fascists of the Town of Koprivnica, and Davor Tetec, Head of the Municipality of Rasinja, a member of the Union and of the Association of Anti-Fascist Fighters and Anti-Fascists of Rasinja.<\/p>\n\n\n\n<p class=\"wp-block-paragraph\">President Milanovi\u0107 was accompanied at the meeting by Melita Muli\u0107, Adviser to the President of the Republic for Human Rights and Civil Society.<\/p>\n\n\n<!--GALLERY BLOCK-->\n<div class=\"c-lightbox-gallery js-lightbox\">\n                <!--single-->\n            <a data-no-swup class=\"c-lightbox-gallery__single js-lightbox-single\"\n               href=\"https:\/\/www.predsjednik.hr\/wp-content\/uploads\/2026\/09\/DSC_2428-1024x576.jpg\"\n               style=\"background-image: url('https:\/\/www.predsjednik.hr\/wp-content\/uploads\/2026\/09\/DSC_2428-768x432.jpg')\"><\/a>\n            <!--end single-->\n                    <!--single-->\n            <a data-no-swup class=\"c-lightbox-gallery__single js-lightbox-single\"\n               href=\"https:\/\/www.predsjednik.hr\/wp-content\/uploads\/2026\/09\/DSC_2441-1024x732.jpg\"\n               style=\"background-image: url('https:\/\/www.predsjednik.hr\/wp-content\/uploads\/2026\/09\/DSC_2441-768x549.jpg')\"><\/a>\n            <!--end single-->\n                    <!--single-->\n            <a data-no-swup class=\"c-lightbox-gallery__single js-lightbox-single\"\n               href=\"https:\/\/www.predsjednik.hr\/wp-content\/uploads\/2026\/09\/DSC_2474-1024x576.jpg\"\n               style=\"background-image: url('https:\/\/www.predsjednik.hr\/wp-content\/uploads\/2026\/09\/DSC_2474-768x432.jpg')\"><\/a>\n            <!--end single-->\n                    <!--single-->\n            <a data-no-swup class=\"c-lightbox-gallery__single js-lightbox-single\"\n               href=\"https:\/\/www.predsjednik.hr\/wp-content\/uploads\/2026\/09\/DSC_2509-1024x576.jpg\"\n               style=\"background-image: url('https:\/\/www.predsjednik.hr\/wp-content\/uploads\/2026\/09\/DSC_2509-768x432.jpg')\"><\/a>\n            <!--end single-->\n        <\/div>\n<!--end GALLERY BLOCK-->\n\n\n\n<p class=\"wp-block-paragraph\">PHOTO: Office of the President of the Republic of Croatia \/ Ana Marija Kati\u0107<\/p>\n","protected":false},"excerpt":{"rendered":"<p>The Union of Anti-Fascist Fighters and Anti-Fascists of Koprivnica-Kri\u017eevci County brings together local anti-fascist associations, actively fosters a culture of remembrance, and commemorates key events from the anti-fascist struggle in the area. The Union\u2019s main activities focus on preserving historical truth, organising commemorations, and restoring memorial heritage, it was said at the meeting. The Union has around 200 active members, with new and younger members also joining who wish to help preserve anti-fascist values, it was emphasised.<\/p>\n","protected":false},"featured_media":44334,"template":"","news-cat":[12],"class_list":["post-44335","news","type-news","status-publish","has-post-thumbnail","hentry","news-cat-news"],"acf":[],"yoast_head":"<!-- This site is optimized with the Yoast SEO plugin v28.3 - https:\/\/yoast.com\/product\/yoast-seo-wordpress\/ -->\n<title>President Milanovi\u0107 Receives Representatives of the Union of Anti-Fascist Fighters and Anti-Fascists of Koprivnica-Kri\u017eevci County - President of the Republic of Croatia - Zoran Milanovi\u0107<\/title>\n<meta name=\"robots\" content=\"index, follow, max-snippet:-1, max-image-preview:large, max-video-preview:-1\" \/>\n<link rel=\"canonical\" href=\"https:\/\/www.predsjednik.hr\/en\/news\/president-milanovic-receives-representatives-of-the-union-of-anti-fascist-fighters-and-anti-fascists-of-koprivnica-krizevci-county\/\" \/>\n<meta property=\"og:locale\" content=\"en_US\" \/>\n<meta property=\"og:type\" content=\"article\" \/>\n<meta property=\"og:title\" content=\"President Milanovi\u0107 Receives Representatives of the Union of Anti-Fascist Fighters and Anti-Fascists of Koprivnica-Kri\u017eevci County - President of the Republic of Croatia - Zoran Milanovi\u0107\" \/>\n<meta property=\"og:description\" content=\"The Union of Anti-Fascist Fighters and Anti-Fascists of Koprivnica-Kri\u017eevci County brings together local anti-fascist associations, actively fosters a culture of remembrance, and commemorates key events from the anti-fascist struggle in the area. The Union\u2019s main activities focus on preserving historical truth, organising commemorations, and restoring memorial heritage, it was said at the meeting. The Union has around 200 active members, with new and younger members also joining who wish to help preserve anti-fascist values, it was emphasised.\" \/>\n<meta property=\"og:url\" content=\"https:\/\/www.predsjednik.hr\/en\/news\/president-milanovic-receives-representatives-of-the-union-of-anti-fascist-fighters-and-anti-fascists-of-koprivnica-krizevci-county\/\" \/>\n<meta property=\"og:site_name\" content=\"President of the Republic of Croatia - Zoran Milanovi\u0107\" \/>\n<meta property=\"article:modified_time\" content=\"2026-09-01T12:53:43+00:00\" \/>\n<meta property=\"og:image\" content=\"https:\/\/www.predsjednik.hr\/wp-content\/uploads\/2026\/09\/DSC_2428.jpg\" \/>\n\t<meta property=\"og:image:width\" content=\"5214\" \/>\n\t<meta property=\"og:image:height\" content=\"2933\" \/>\n\t<meta property=\"og:image:type\" content=\"image\/jpeg\" \/>\n<meta name=\"twitter:card\" content=\"summary_large_image\" \/>\n<meta name=\"twitter:label1\" content=\"Est. reading time\" \/>\n\t<meta name=\"twitter:data1\" content=\"2 minutes\" \/>\n<script type=\"application\/ld+json\" class=\"yoast-schema-graph\">{\"@context\":\"https:\\\/\\\/schema.org\",\"@graph\":[{\"@type\":\"WebPage\",\"@id\":\"https:\\\/\\\/www.predsjednik.hr\\\/en\\\/news\\\/president-milanovic-receives-representatives-of-the-union-of-anti-fascist-fighters-and-anti-fascists-of-koprivnica-krizevci-county\\\/\",\"url\":\"https:\\\/\\\/www.predsjednik.hr\\\/en\\\/news\\\/president-milanovic-receives-representatives-of-the-union-of-anti-fascist-fighters-and-anti-fascists-of-koprivnica-krizevci-county\\\/\",\"name\":\"President Milanovi\u0107 Receives Representatives of the Union of Anti-Fascist Fighters and Anti-Fascists of Koprivnica-Kri\u017eevci County - President of the Republic of Croatia - Zoran Milanovi\u0107\",\"isPartOf\":{\"@id\":\"https:\\\/\\\/www.predsjednik.hr\\\/en\\\/#website\"},\"primaryImageOfPage\":{\"@id\":\"https:\\\/\\\/www.predsjednik.hr\\\/en\\\/news\\\/president-milanovic-receives-representatives-of-the-union-of-anti-fascist-fighters-and-anti-fascists-of-koprivnica-krizevci-county\\\/#primaryimage\"},\"image\":{\"@id\":\"https:\\\/\\\/www.predsjednik.hr\\\/en\\\/news\\\/president-milanovic-receives-representatives-of-the-union-of-anti-fascist-fighters-and-anti-fascists-of-koprivnica-krizevci-county\\\/#primaryimage\"},\"thumbnailUrl\":\"https:\\\/\\\/www.predsjednik.hr\\\/wp-content\\\/uploads\\\/2026\\\/09\\\/DSC_2428.jpg\",\"datePublished\":\"2026-09-01T12:53:33+00:00\",\"dateModified\":\"2026-09-01T12:53:43+00:00\",\"breadcrumb\":{\"@id\":\"https:\\\/\\\/www.predsjednik.hr\\\/en\\\/news\\\/president-milanovic-receives-representatives-of-the-union-of-anti-fascist-fighters-and-anti-fascists-of-koprivnica-krizevci-county\\\/#breadcrumb\"},\"inLanguage\":\"en-US\",\"potentialAction\":[{\"@type\":\"ReadAction\",\"target\":[\"https:\\\/\\\/www.predsjednik.hr\\\/en\\\/news\\\/president-milanovic-receives-representatives-of-the-union-of-anti-fascist-fighters-and-anti-fascists-of-koprivnica-krizevci-county\\\/\"]}]},{\"@type\":\"ImageObject\",\"inLanguage\":\"en-US\",\"@id\":\"https:\\\/\\\/www.predsjednik.hr\\\/en\\\/news\\\/president-milanovic-receives-representatives-of-the-union-of-anti-fascist-fighters-and-anti-fascists-of-koprivnica-krizevci-county\\\/#primaryimage\",\"url\":\"https:\\\/\\\/www.predsjednik.hr\\\/wp-content\\\/uploads\\\/2026\\\/09\\\/DSC_2428.jpg\",\"contentUrl\":\"https:\\\/\\\/www.predsjednik.hr\\\/wp-content\\\/uploads\\\/2026\\\/09\\\/DSC_2428.jpg\",\"width\":5214,\"height\":2933},{\"@type\":\"BreadcrumbList\",\"@id\":\"https:\\\/\\\/www.predsjednik.hr\\\/en\\\/news\\\/president-milanovic-receives-representatives-of-the-union-of-anti-fascist-fighters-and-anti-fascists-of-koprivnica-krizevci-county\\\/#breadcrumb\",\"itemListElement\":[{\"@type\":\"ListItem\",\"position\":1,\"name\":\"Home\",\"item\":\"https:\\\/\\\/www.predsjednik.hr\\\/en\\\/\"},{\"@type\":\"ListItem\",\"position\":2,\"name\":\"Vijesti\",\"item\":\"https:\\\/\\\/www.predsjednik.hr\\\/en\\\/news\\\/\"},{\"@type\":\"ListItem\",\"position\":3,\"name\":\"President Milanovi\u0107 Receives Representatives of the Union of Anti-Fascist Fighters and Anti-Fascists of Koprivnica-Kri\u017eevci County\"}]},{\"@type\":\"WebSite\",\"@id\":\"https:\\\/\\\/www.predsjednik.hr\\\/en\\\/#website\",\"url\":\"https:\\\/\\\/www.predsjednik.hr\\\/en\\\/\",\"name\":\"President of the Republic of Croatia - Zoran Milanovi\u0107\",\"description\":\"Just another WordPress site\",\"potentialAction\":[{\"@type\":\"SearchAction\",\"target\":{\"@type\":\"EntryPoint\",\"urlTemplate\":\"https:\\\/\\\/www.predsjednik.hr\\\/en\\\/?s={search_term_string}\"},\"query-input\":{\"@type\":\"PropertyValueSpecification\",\"valueRequired\":true,\"valueName\":\"search_term_string\"}}],\"inLanguage\":\"en-US\"}]}<\/script>\n<!-- \/ Yoast SEO plugin. -->","yoast_head_json":{"title":"President Milanovi\u0107 Receives Representatives of the Union of Anti-Fascist Fighters and Anti-Fascists of Koprivnica-Kri\u017eevci County - President of the Republic of Croatia - Zoran Milanovi\u0107","robots":{"index":"index","follow":"follow","max-snippet":"max-snippet:-1","max-image-preview":"max-image-preview:large","max-video-preview":"max-video-preview:-1"},"canonical":"https:\/\/www.predsjednik.hr\/en\/news\/president-milanovic-receives-representatives-of-the-union-of-anti-fascist-fighters-and-anti-fascists-of-koprivnica-krizevci-county\/","og_locale":"en_US","og_type":"article","og_title":"President Milanovi\u0107 Receives Representatives of the Union of Anti-Fascist Fighters and Anti-Fascists of Koprivnica-Kri\u017eevci County - President of the Republic of Croatia - Zoran Milanovi\u0107","og_description":"The Union of Anti-Fascist Fighters and Anti-Fascists of Koprivnica-Kri\u017eevci County brings together local anti-fascist associations, actively fosters a culture of remembrance, and commemorates key events from the anti-fascist struggle in the area. The Union\u2019s main activities focus on preserving historical truth, organising commemorations, and restoring memorial heritage, it was said at the meeting. The Union has around 200 active members, with new and younger members also joining who wish to help preserve anti-fascist values, it was emphasised.","og_url":"https:\/\/www.predsjednik.hr\/en\/news\/president-milanovic-receives-representatives-of-the-union-of-anti-fascist-fighters-and-anti-fascists-of-koprivnica-krizevci-county\/","og_site_name":"President of the Republic of Croatia - Zoran Milanovi\u0107","article_modified_time":"2026-09-01T12:53:43+00:00","og_image":[{"width":5214,"height":2933,"url":"https:\/\/www.predsjednik.hr\/wp-content\/uploads\/2026\/09\/DSC_2428.jpg","type":"image\/jpeg"}],"twitter_card":"summary_large_image","twitter_misc":{"Est. reading time":"2 minutes"},"schema":{"@context":"https:\/\/schema.org","@graph":[{"@type":"WebPage","@id":"https:\/\/www.predsjednik.hr\/en\/news\/president-milanovic-receives-representatives-of-the-union-of-anti-fascist-fighters-and-anti-fascists-of-koprivnica-krizevci-county\/","url":"https:\/\/www.predsjednik.hr\/en\/news\/president-milanovic-receives-representatives-of-the-union-of-anti-fascist-fighters-and-anti-fascists-of-koprivnica-krizevci-county\/","name":"President Milanovi\u0107 Receives Representatives of the Union of Anti-Fascist Fighters and Anti-Fascists of Koprivnica-Kri\u017eevci County - President of the Republic of Croatia - Zoran Milanovi\u0107","isPartOf":{"@id":"https:\/\/www.predsjednik.hr\/en\/#website"},"primaryImageOfPage":{"@id":"https:\/\/www.predsjednik.hr\/en\/news\/president-milanovic-receives-representatives-of-the-union-of-anti-fascist-fighters-and-anti-fascists-of-koprivnica-krizevci-county\/#primaryimage"},"image":{"@id":"https:\/\/www.predsjednik.hr\/en\/news\/president-milanovic-receives-representatives-of-the-union-of-anti-fascist-fighters-and-anti-fascists-of-koprivnica-krizevci-county\/#primaryimage"},"thumbnailUrl":"https:\/\/www.predsjednik.hr\/wp-content\/uploads\/2026\/09\/DSC_2428.jpg","datePublished":"2026-09-01T12:53:33+00:00","dateModified":"2026-09-01T12:53:43+00:00","breadcrumb":{"@id":"https:\/\/www.predsjednik.hr\/en\/news\/president-milanovic-receives-representatives-of-the-union-of-anti-fascist-fighters-and-anti-fascists-of-koprivnica-krizevci-county\/#breadcrumb"},"inLanguage":"en-US","potentialAction":[{"@type":"ReadAction","target":["https:\/\/www.predsjednik.hr\/en\/news\/president-milanovic-receives-representatives-of-the-union-of-anti-fascist-fighters-and-anti-fascists-of-koprivnica-krizevci-county\/"]}]},{"@type":"ImageObject","inLanguage":"en-US","@id":"https:\/\/www.predsjednik.hr\/en\/news\/president-milanovic-receives-representatives-of-the-union-of-anti-fascist-fighters-and-anti-fascists-of-koprivnica-krizevci-county\/#primaryimage","url":"https:\/\/www.predsjednik.hr\/wp-content\/uploads\/2026\/09\/DSC_2428.jpg","contentUrl":"https:\/\/www.predsjednik.hr\/wp-content\/uploads\/2026\/09\/DSC_2428.jpg","width":5214,"height":2933},{"@type":"BreadcrumbList","@id":"https:\/\/www.predsjednik.hr\/en\/news\/president-milanovic-receives-representatives-of-the-union-of-anti-fascist-fighters-and-anti-fascists-of-koprivnica-krizevci-county\/#breadcrumb","itemListElement":[{"@type":"ListItem","position":1,"name":"Home","item":"https:\/\/www.predsjednik.hr\/en\/"},{"@type":"ListItem","position":2,"name":"Vijesti","item":"https:\/\/www.predsjednik.hr\/en\/news\/"},{"@type":"ListItem","position":3,"name":"President Milanovi\u0107 Receives Representatives of the Union of Anti-Fascist Fighters and Anti-Fascists of Koprivnica-Kri\u017eevci County"}]},{"@type":"WebSite","@id":"https:\/\/www.predsjednik.hr\/en\/#website","url":"https:\/\/www.predsjednik.hr\/en\/","name":"President of the Republic of Croatia - Zoran Milanovi\u0107","description":"Just another WordPress site","potentialAction":[{"@type":"SearchAction","target":{"@type":"EntryPoint","urlTemplate":"https:\/\/www.predsjednik.hr\/en\/?s={search_term_string}"},"query-input":{"@type":"PropertyValueSpecification","valueRequired":true,"valueName":"search_term_string"}}],"inLanguage":"en-US"}]}},"_links":{"self":[{"href":"https:\/\/www.predsjednik.hr\/en\/wp-json\/wp\/v2\/news\/44335","targetHints":{"allow":["GET"]}}],"collection":[{"href":"https:\/\/www.predsjednik.hr\/en\/wp-json\/wp\/v2\/news"}],"about":[{"href":"https:\/\/www.predsjednik.hr\/en\/wp-json\/wp\/v2\/types\/news"}],"wp:featuredmedia":[{"embeddable":true,"href":"https:\/\/www.predsjednik.hr\/en\/wp-json\/wp\/v2\/media\/44334"}],"wp:attachment":[{"href":"https:\/\/www.predsjednik.hr\/en\/wp-json\/wp\/v2\/media?parent=44335"}],"wp:term":[{"taxonomy":"news-cat","embeddable":true,"href":"https:\/\/www.predsjednik.hr\/en\/wp-json\/wp\/v2\/news-cat?post=44335"}],"curies":[{"name":"wp","href":"https:\/\/api.w.org\/{rel}","templated":true}]}}