{"id":44378,"date":"2026-09-03T14:00:00","date_gmt":"2026-09-03T12:00:00","guid":{"rendered":"https:\/\/www.predsjednik.hr\/?post_type=news&#038;p=44378"},"modified":"2026-09-03T14:41:29","modified_gmt":"2026-09-03T12:41:29","slug":"ambassador-of-the-french-republic-presents-credentials-to-the-president-of-the-republic-of-croatia-2","status":"publish","type":"news","link":"https:\/\/www.predsjednik.hr\/en\/news\/ambassador-of-the-french-republic-presents-credentials-to-the-president-of-the-republic-of-croatia-2\/","title":{"rendered":"Ambassador of the French Republic Presents Credentials to the President of the Republic of Croatia"},"content":{"rendered":"\n<p class=\"wp-block-paragraph\">The President of the Republic of Croatia Zoran Milanovi\u0107 received the credentials from the Ambassador of the French Republic.<\/p>\n\n\n\n<p class=\"wp-block-paragraph\">H. E. Claudia Scherer-Effosse, Ambassador of the French Republic to the Republic of Croatia, with residence in Zagreb, presented her credentials to the President of the Republic of Croatia Zoran Milanovi\u0107.<\/p>\n\n\n\n<p class=\"wp-block-paragraph\">The Ambassador of the French Republic was accompanied by Jean-Jacques Effosse, her husband, and Thibault Cornut-Gentille, First Counsellor to the Ambassador.<\/p>\n\n\n\n<p class=\"wp-block-paragraph\">President Milanovi\u0107 was joined by Neven Pelicari\u0107, Adviser to the President of the Republic for Foreign and European Policy, and Ivan Mutavd\u017ei\u0107, Assistant Adviser to the President of the Republic for Foreign and European Policy.<\/p>\n\n\n<!--GALLERY BLOCK-->\n<div class=\"c-lightbox-gallery js-lightbox\">\n                <!--single-->\n            <a data-no-swup class=\"c-lightbox-gallery__single js-lightbox-single\"\n               href=\"https:\/\/www.predsjednik.hr\/wp-content\/uploads\/2026\/09\/DSC_9938-1-1024x576.jpg\"\n               style=\"background-image: url('https:\/\/www.predsjednik.hr\/wp-content\/uploads\/2026\/09\/DSC_9938-1-768x432.jpg')\"><\/a>\n            <!--end single-->\n                    <!--single-->\n            <a data-no-swup class=\"c-lightbox-gallery__single js-lightbox-single\"\n               href=\"https:\/\/www.predsjednik.hr\/wp-content\/uploads\/2026\/09\/DSC_9962-1-1024x576.jpg\"\n               style=\"background-image: url('https:\/\/www.predsjednik.hr\/wp-content\/uploads\/2026\/09\/DSC_9962-1-768x432.jpg')\"><\/a>\n            <!--end single-->\n                    <!--single-->\n            <a data-no-swup class=\"c-lightbox-gallery__single js-lightbox-single\"\n               href=\"https:\/\/www.predsjednik.hr\/wp-content\/uploads\/2026\/09\/DSC_9996-1-1024x576.jpg\"\n               style=\"background-image: url('https:\/\/www.predsjednik.hr\/wp-content\/uploads\/2026\/09\/DSC_9996-1-768x432.jpg')\"><\/a>\n            <!--end single-->\n                    <!--single-->\n            <a data-no-swup class=\"c-lightbox-gallery__single js-lightbox-single\"\n               href=\"https:\/\/www.predsjednik.hr\/wp-content\/uploads\/2026\/09\/DSC_0032-1-1024x576.jpg\"\n               style=\"background-image: url('https:\/\/www.predsjednik.hr\/wp-content\/uploads\/2026\/09\/DSC_0032-1-768x432.jpg')\"><\/a>\n            <!--end single-->\n        <\/div>\n<!--end GALLERY BLOCK-->\n\n\n\n<p class=\"wp-block-paragraph\">PHOTO: Office of the President of the Republic of Croatia \/ Tomislav Bu\u0161ljeta<\/p>\n","protected":false},"excerpt":{"rendered":"<p>H. E. Claudia Scherer-Effosse, Ambassador of the French Republic to the Republic of Croatia, with residence in Zagreb, presented her credentials to the President of the Republic of Croatia Zoran Milanovi\u0107.<\/p>\n","protected":false},"featured_media":44365,"template":"","news-cat":[12],"class_list":["post-44378","news","type-news","status-publish","has-post-thumbnail","hentry","news-cat-news"],"acf":[],"yoast_head":"<!-- This site is optimized with the Yoast SEO plugin v28.4 - https:\/\/yoast.com\/product\/yoast-seo-wordpress\/ -->\n<title>Ambassador of the French Republic Presents Credentials to the President of the Republic of Croatia - President of the Republic of Croatia - Zoran Milanovi\u0107<\/title>\n<meta name=\"robots\" content=\"index, follow, max-snippet:-1, max-image-preview:large, max-video-preview:-1\" \/>\n<link rel=\"canonical\" href=\"https:\/\/www.predsjednik.hr\/en\/news\/ambassador-of-the-french-republic-presents-credentials-to-the-president-of-the-republic-of-croatia-2\/\" \/>\n<meta property=\"og:locale\" content=\"en_US\" \/>\n<meta property=\"og:type\" content=\"article\" \/>\n<meta property=\"og:title\" content=\"Ambassador of the French Republic Presents Credentials to the President of the Republic of Croatia - President of the Republic of Croatia - Zoran Milanovi\u0107\" \/>\n<meta property=\"og:description\" content=\"H. E. Claudia Scherer-Effosse, Ambassador of the French Republic to the Republic of Croatia, with residence in Zagreb, presented her credentials to the President of the Republic of Croatia Zoran Milanovi\u0107.\" \/>\n<meta property=\"og:url\" content=\"https:\/\/www.predsjednik.hr\/en\/news\/ambassador-of-the-french-republic-presents-credentials-to-the-president-of-the-republic-of-croatia-2\/\" \/>\n<meta property=\"og:site_name\" content=\"President of the Republic of Croatia - Zoran Milanovi\u0107\" \/>\n<meta property=\"article:modified_time\" content=\"2026-09-03T12:41:29+00:00\" \/>\n<meta property=\"og:image\" content=\"https:\/\/www.predsjednik.hr\/wp-content\/uploads\/2026\/09\/DSC_0032-1.jpg\" \/>\n\t<meta property=\"og:image:width\" content=\"5368\" \/>\n\t<meta property=\"og:image:height\" content=\"3020\" \/>\n\t<meta property=\"og:image:type\" content=\"image\/jpeg\" \/>\n<meta name=\"twitter:card\" content=\"summary_large_image\" \/>\n<meta name=\"twitter:label1\" content=\"Est. reading time\" \/>\n\t<meta name=\"twitter:data1\" content=\"1 minute\" \/>\n<script type=\"application\/ld+json\" class=\"yoast-schema-graph\">{\"@context\":\"https:\\\/\\\/schema.org\",\"@graph\":[{\"@type\":\"WebPage\",\"@id\":\"https:\\\/\\\/www.predsjednik.hr\\\/en\\\/news\\\/ambassador-of-the-french-republic-presents-credentials-to-the-president-of-the-republic-of-croatia-2\\\/\",\"url\":\"https:\\\/\\\/www.predsjednik.hr\\\/en\\\/news\\\/ambassador-of-the-french-republic-presents-credentials-to-the-president-of-the-republic-of-croatia-2\\\/\",\"name\":\"Ambassador of the French Republic Presents Credentials to the President of the Republic of Croatia - President of the Republic of Croatia - Zoran Milanovi\u0107\",\"isPartOf\":{\"@id\":\"https:\\\/\\\/www.predsjednik.hr\\\/en\\\/#website\"},\"primaryImageOfPage\":{\"@id\":\"https:\\\/\\\/www.predsjednik.hr\\\/en\\\/news\\\/ambassador-of-the-french-republic-presents-credentials-to-the-president-of-the-republic-of-croatia-2\\\/#primaryimage\"},\"image\":{\"@id\":\"https:\\\/\\\/www.predsjednik.hr\\\/en\\\/news\\\/ambassador-of-the-french-republic-presents-credentials-to-the-president-of-the-republic-of-croatia-2\\\/#primaryimage\"},\"thumbnailUrl\":\"https:\\\/\\\/www.predsjednik.hr\\\/wp-content\\\/uploads\\\/2026\\\/09\\\/DSC_0032-1.jpg\",\"datePublished\":\"2026-09-03T12:00:00+00:00\",\"dateModified\":\"2026-09-03T12:41:29+00:00\",\"breadcrumb\":{\"@id\":\"https:\\\/\\\/www.predsjednik.hr\\\/en\\\/news\\\/ambassador-of-the-french-republic-presents-credentials-to-the-president-of-the-republic-of-croatia-2\\\/#breadcrumb\"},\"inLanguage\":\"en-US\",\"potentialAction\":[{\"@type\":\"ReadAction\",\"target\":[\"https:\\\/\\\/www.predsjednik.hr\\\/en\\\/news\\\/ambassador-of-the-french-republic-presents-credentials-to-the-president-of-the-republic-of-croatia-2\\\/\"]}]},{\"@type\":\"ImageObject\",\"inLanguage\":\"en-US\",\"@id\":\"https:\\\/\\\/www.predsjednik.hr\\\/en\\\/news\\\/ambassador-of-the-french-republic-presents-credentials-to-the-president-of-the-republic-of-croatia-2\\\/#primaryimage\",\"url\":\"https:\\\/\\\/www.predsjednik.hr\\\/wp-content\\\/uploads\\\/2026\\\/09\\\/DSC_0032-1.jpg\",\"contentUrl\":\"https:\\\/\\\/www.predsjednik.hr\\\/wp-content\\\/uploads\\\/2026\\\/09\\\/DSC_0032-1.jpg\",\"width\":5368,\"height\":3020},{\"@type\":\"BreadcrumbList\",\"@id\":\"https:\\\/\\\/www.predsjednik.hr\\\/en\\\/news\\\/ambassador-of-the-french-republic-presents-credentials-to-the-president-of-the-republic-of-croatia-2\\\/#breadcrumb\",\"itemListElement\":[{\"@type\":\"ListItem\",\"position\":1,\"name\":\"Home\",\"item\":\"https:\\\/\\\/www.predsjednik.hr\\\/en\\\/\"},{\"@type\":\"ListItem\",\"position\":2,\"name\":\"Vijesti\",\"item\":\"https:\\\/\\\/www.predsjednik.hr\\\/en\\\/news\\\/\"},{\"@type\":\"ListItem\",\"position\":3,\"name\":\"Ambassador of the French Republic Presents Credentials to the President of the Republic of Croatia\"}]},{\"@type\":\"WebSite\",\"@id\":\"https:\\\/\\\/www.predsjednik.hr\\\/en\\\/#website\",\"url\":\"https:\\\/\\\/www.predsjednik.hr\\\/en\\\/\",\"name\":\"President of the Republic of Croatia - Zoran Milanovi\u0107\",\"description\":\"Just another WordPress site\",\"potentialAction\":[{\"@type\":\"SearchAction\",\"target\":{\"@type\":\"EntryPoint\",\"urlTemplate\":\"https:\\\/\\\/www.predsjednik.hr\\\/en\\\/?s={search_term_string}\"},\"query-input\":{\"@type\":\"PropertyValueSpecification\",\"valueRequired\":true,\"valueName\":\"search_term_string\"}}],\"inLanguage\":\"en-US\"}]}<\/script>\n<!-- \/ Yoast SEO plugin. -->","yoast_head_json":{"title":"Ambassador of the French Republic Presents Credentials to the President of the Republic of Croatia - President of the Republic of Croatia - Zoran Milanovi\u0107","robots":{"index":"index","follow":"follow","max-snippet":"max-snippet:-1","max-image-preview":"max-image-preview:large","max-video-preview":"max-video-preview:-1"},"canonical":"https:\/\/www.predsjednik.hr\/en\/news\/ambassador-of-the-french-republic-presents-credentials-to-the-president-of-the-republic-of-croatia-2\/","og_locale":"en_US","og_type":"article","og_title":"Ambassador of the French Republic Presents Credentials to the President of the Republic of Croatia - President of the Republic of Croatia - Zoran Milanovi\u0107","og_description":"H. E. Claudia Scherer-Effosse, Ambassador of the French Republic to the Republic of Croatia, with residence in Zagreb, presented her credentials to the President of the Republic of Croatia Zoran Milanovi\u0107.","og_url":"https:\/\/www.predsjednik.hr\/en\/news\/ambassador-of-the-french-republic-presents-credentials-to-the-president-of-the-republic-of-croatia-2\/","og_site_name":"President of the Republic of Croatia - Zoran Milanovi\u0107","article_modified_time":"2026-09-03T12:41:29+00:00","og_image":[{"width":5368,"height":3020,"url":"https:\/\/www.predsjednik.hr\/wp-content\/uploads\/2026\/09\/DSC_0032-1.jpg","type":"image\/jpeg"}],"twitter_card":"summary_large_image","twitter_misc":{"Est. reading time":"1 minute"},"schema":{"@context":"https:\/\/schema.org","@graph":[{"@type":"WebPage","@id":"https:\/\/www.predsjednik.hr\/en\/news\/ambassador-of-the-french-republic-presents-credentials-to-the-president-of-the-republic-of-croatia-2\/","url":"https:\/\/www.predsjednik.hr\/en\/news\/ambassador-of-the-french-republic-presents-credentials-to-the-president-of-the-republic-of-croatia-2\/","name":"Ambassador of the French Republic Presents Credentials to the President of the Republic of Croatia - President of the Republic of Croatia - Zoran Milanovi\u0107","isPartOf":{"@id":"https:\/\/www.predsjednik.hr\/en\/#website"},"primaryImageOfPage":{"@id":"https:\/\/www.predsjednik.hr\/en\/news\/ambassador-of-the-french-republic-presents-credentials-to-the-president-of-the-republic-of-croatia-2\/#primaryimage"},"image":{"@id":"https:\/\/www.predsjednik.hr\/en\/news\/ambassador-of-the-french-republic-presents-credentials-to-the-president-of-the-republic-of-croatia-2\/#primaryimage"},"thumbnailUrl":"https:\/\/www.predsjednik.hr\/wp-content\/uploads\/2026\/09\/DSC_0032-1.jpg","datePublished":"2026-09-03T12:00:00+00:00","dateModified":"2026-09-03T12:41:29+00:00","breadcrumb":{"@id":"https:\/\/www.predsjednik.hr\/en\/news\/ambassador-of-the-french-republic-presents-credentials-to-the-president-of-the-republic-of-croatia-2\/#breadcrumb"},"inLanguage":"en-US","potentialAction":[{"@type":"ReadAction","target":["https:\/\/www.predsjednik.hr\/en\/news\/ambassador-of-the-french-republic-presents-credentials-to-the-president-of-the-republic-of-croatia-2\/"]}]},{"@type":"ImageObject","inLanguage":"en-US","@id":"https:\/\/www.predsjednik.hr\/en\/news\/ambassador-of-the-french-republic-presents-credentials-to-the-president-of-the-republic-of-croatia-2\/#primaryimage","url":"https:\/\/www.predsjednik.hr\/wp-content\/uploads\/2026\/09\/DSC_0032-1.jpg","contentUrl":"https:\/\/www.predsjednik.hr\/wp-content\/uploads\/2026\/09\/DSC_0032-1.jpg","width":5368,"height":3020},{"@type":"BreadcrumbList","@id":"https:\/\/www.predsjednik.hr\/en\/news\/ambassador-of-the-french-republic-presents-credentials-to-the-president-of-the-republic-of-croatia-2\/#breadcrumb","itemListElement":[{"@type":"ListItem","position":1,"name":"Home","item":"https:\/\/www.predsjednik.hr\/en\/"},{"@type":"ListItem","position":2,"name":"Vijesti","item":"https:\/\/www.predsjednik.hr\/en\/news\/"},{"@type":"ListItem","position":3,"name":"Ambassador of the French Republic Presents Credentials to the President of the Republic of Croatia"}]},{"@type":"WebSite","@id":"https:\/\/www.predsjednik.hr\/en\/#website","url":"https:\/\/www.predsjednik.hr\/en\/","name":"President of the Republic of Croatia - Zoran Milanovi\u0107","description":"Just another WordPress site","potentialAction":[{"@type":"SearchAction","target":{"@type":"EntryPoint","urlTemplate":"https:\/\/www.predsjednik.hr\/en\/?s={search_term_string}"},"query-input":{"@type":"PropertyValueSpecification","valueRequired":true,"valueName":"search_term_string"}}],"inLanguage":"en-US"}]}},"_links":{"self":[{"href":"https:\/\/www.predsjednik.hr\/en\/wp-json\/wp\/v2\/news\/44378","targetHints":{"allow":["GET"]}}],"collection":[{"href":"https:\/\/www.predsjednik.hr\/en\/wp-json\/wp\/v2\/news"}],"about":[{"href":"https:\/\/www.predsjednik.hr\/en\/wp-json\/wp\/v2\/types\/news"}],"wp:featuredmedia":[{"embeddable":true,"href":"https:\/\/www.predsjednik.hr\/en\/wp-json\/wp\/v2\/media\/44365"}],"wp:attachment":[{"href":"https:\/\/www.predsjednik.hr\/en\/wp-json\/wp\/v2\/media?parent=44378"}],"wp:term":[{"taxonomy":"news-cat","embeddable":true,"href":"https:\/\/www.predsjednik.hr\/en\/wp-json\/wp\/v2\/news-cat?post=44378"}],"curies":[{"name":"wp","href":"https:\/\/api.w.org\/{rel}","templated":true}]}}