{"id":7399,"date":"2021-01-13T16:08:00","date_gmt":"2021-01-13T15:08:00","guid":{"rendered":"https:\/\/www.predsjednik.hr\/?post_type=news&#038;p=7399"},"modified":"2021-01-14T10:10:00","modified_gmt":"2021-01-14T09:10:00","slug":"president-milanovic-tours-petrinja-majske-poljane-and-sibic-and-on-postwar-reconstruction-says-that-was-theft-and-a-disgrace","status":"publish","type":"news","link":"https:\/\/www.predsjednik.hr\/en\/news\/president-milanovic-tours-petrinja-majske-poljane-and-sibic-and-on-postwar-reconstruction-says-that-was-theft-and-a-disgrace\/","title":{"rendered":"President Milanovi\u0107 Tours Petrinja, Majske Poljane and Sibi\u0107, and on Postwar Reconstruction Says: That Was Theft and a Disgrace"},"content":{"rendered":"\n<p>The President of the Republic Zoran Milanovi\u0107 toured the earthquake-stricken areas of Sisak-Moslavina County: Petrinja, Majske Poljane and Sibi\u0107. In the morning he met with the volunteer cooks that have spent the last two weeks preparing meals for the residents, and thanked them for their commitment and the \u201cbrutal work\u201d they have done.<\/p>\n\n\n\n<p>Later in his reply to a reporter, he commented on the engagement of the Pleter company that has taken over the preparation of hot meals. \u201cThis is a company that mostly works for the Defence ministry. I don\u2019t know how Pleter\u2019s work differs from what local caterers could do for the same amount of money, as some type of public works, and can be an incentive to them. However, not through volunteer work. I would be more content if this work was done by Sisak and Petrinja caterers who are anyhow in a lockdown due to COVID and who for twenty or thirty kunas per meal could pay their employees, waiters and cooks who haven\u2019t been working for weeks and have to get paid from some source\u201d, the President stated.<\/p>\n\n\n\n<p>The President of the Republic toured a number of families whose homes in Majske Poljane and Sibi\u0107 were destroyed in the earthquake. \u201cI\u2019ve come here to see these people. I\u2019ve seen the situation on the ground, work is underway. Many services are on the ground in Majske Poljane, there is extensive damage, especially to homes that were rebuilt after the war. In Sibi\u0107, which was reconstructed in 1998, practically every house that had been rebuilt in the postwar reconstruction is damaged to the extent that they aren\u2019t suitable for living\u201d, President Milanovi\u0107 noted.<\/p>\n\n\n\n<p>Asked about the postwar reconstruction, he said: \u201cThere was goshawking. Either the projects were botched so the houses were poorly built or the building material was stolen. Twenty years have passed, not everything is a result of war profiteering, this is goshawking and theft. This is one of our disgraces\u201d.<\/p>\n\n\n\n<p>During the course of his visit, he toured the construction site for the container housing community in Sajmi\u0161te street in Petrinja, which is being developed by the Croatian army\u2019s mechanization. He also met with the mayor of Petrinja Darinko Dumbovi\u0107, the mayor of Sisak Kristina Iki\u0107 Bani\u010dek and the deputy mayor of Glina Branka Bak\u0161i\u0107 Miti\u0107.<\/p>\n\n\n\n<p>After the meeting he stated that the hierarchy and responsibility for managing the crisis on the ground should be clearer. \u201cI would focus the responsibility on as few people as possible. There is no need for each member of the Government to come here. There will be time. In this crisis the hierarchy should be clearer, and if Deputy Prime Minister Tomo Medved is at the top of the hierarchy, he must constantly be in the limelight and be the most responsible person initially. In crisis situations one, two or three persons at the most should be given the responsibility, should communicate and bear the responsibility\u201d, President Milanovi\u0107 said.<\/p>\n\n\n\n<p>Asked which term is correct Banija or Banovina, he replied.&nbsp; \u201cBanija is only Banija, and Banovina refers to Croatia\u201d, he said and added that at this moment this is irrelevant, underlining that two Church high dignitaries also said that.<\/p>\n\n\n<!--GALLERY BLOCK-->\n<div class=\"c-lightbox-gallery js-lightbox\">\n                <!--single-->\n            <a data-no-swup class=\"c-lightbox-gallery__single js-lightbox-single\"\n               href=\"https:\/\/www.predsjednik.hr\/wp-content\/uploads\/2021\/01\/DSC_3021-1024x576.jpg\"\n               style=\"background-image: url('https:\/\/www.predsjednik.hr\/wp-content\/uploads\/2021\/01\/DSC_3021-768x432.jpg')\"><\/a>\n            <!--end single-->\n                    <!--single-->\n            <a data-no-swup class=\"c-lightbox-gallery__single js-lightbox-single\"\n               href=\"https:\/\/www.predsjednik.hr\/wp-content\/uploads\/2021\/01\/DSC_3025-1024x576.jpg\"\n               style=\"background-image: url('https:\/\/www.predsjednik.hr\/wp-content\/uploads\/2021\/01\/DSC_3025-768x432.jpg')\"><\/a>\n            <!--end single-->\n                    <!--single-->\n            <a data-no-swup class=\"c-lightbox-gallery__single js-lightbox-single\"\n               href=\"https:\/\/www.predsjednik.hr\/wp-content\/uploads\/2021\/01\/DSC_3049-1024x576.jpg\"\n               style=\"background-image: url('https:\/\/www.predsjednik.hr\/wp-content\/uploads\/2021\/01\/DSC_3049-768x432.jpg')\"><\/a>\n            <!--end single-->\n                    <!--single-->\n            <a data-no-swup class=\"c-lightbox-gallery__single js-lightbox-single\"\n               href=\"https:\/\/www.predsjednik.hr\/wp-content\/uploads\/2021\/01\/DSC_3148-1024x576.jpg\"\n               style=\"background-image: url('https:\/\/www.predsjednik.hr\/wp-content\/uploads\/2021\/01\/DSC_3148-768x432.jpg')\"><\/a>\n            <!--end single-->\n                    <!--single-->\n            <a data-no-swup class=\"c-lightbox-gallery__single js-lightbox-single\"\n               href=\"https:\/\/www.predsjednik.hr\/wp-content\/uploads\/2021\/01\/DSC_3190-1024x576.jpg\"\n               style=\"background-image: url('https:\/\/www.predsjednik.hr\/wp-content\/uploads\/2021\/01\/DSC_3190-768x432.jpg')\"><\/a>\n            <!--end single-->\n                    <!--single-->\n            <a data-no-swup class=\"c-lightbox-gallery__single js-lightbox-single\"\n               href=\"https:\/\/www.predsjednik.hr\/wp-content\/uploads\/2021\/01\/DSC_3229-1024x576.jpg\"\n               style=\"background-image: url('https:\/\/www.predsjednik.hr\/wp-content\/uploads\/2021\/01\/DSC_3229-768x432.jpg')\"><\/a>\n            <!--end single-->\n                    <!--single-->\n            <a data-no-swup class=\"c-lightbox-gallery__single js-lightbox-single\"\n               href=\"https:\/\/www.predsjednik.hr\/wp-content\/uploads\/2021\/01\/DSC_3420-1024x683.jpg\"\n               style=\"background-image: url('https:\/\/www.predsjednik.hr\/wp-content\/uploads\/2021\/01\/DSC_3420-768x512.jpg')\"><\/a>\n            <!--end single-->\n                    <!--single-->\n            <a data-no-swup class=\"c-lightbox-gallery__single js-lightbox-single\"\n               href=\"https:\/\/www.predsjednik.hr\/wp-content\/uploads\/2021\/01\/DSC_3435-1024x683.jpg\"\n               style=\"background-image: url('https:\/\/www.predsjednik.hr\/wp-content\/uploads\/2021\/01\/DSC_3435-768x512.jpg')\"><\/a>\n            <!--end single-->\n                    <!--single-->\n            <a data-no-swup class=\"c-lightbox-gallery__single js-lightbox-single\"\n               href=\"https:\/\/www.predsjednik.hr\/wp-content\/uploads\/2021\/01\/DSC_4005-1-1024x731.jpg\"\n               style=\"background-image: url('https:\/\/www.predsjednik.hr\/wp-content\/uploads\/2021\/01\/DSC_4005-1-768x549.jpg')\"><\/a>\n            <!--end single-->\n                    <!--single-->\n            <a data-no-swup class=\"c-lightbox-gallery__single js-lightbox-single\"\n               href=\"https:\/\/www.predsjednik.hr\/wp-content\/uploads\/2021\/01\/DSC_4300-1024x752.jpg\"\n               style=\"background-image: url('https:\/\/www.predsjednik.hr\/wp-content\/uploads\/2021\/01\/DSC_4300-768x564.jpg')\"><\/a>\n            <!--end single-->\n                    <!--single-->\n            <a data-no-swup class=\"c-lightbox-gallery__single js-lightbox-single\"\n               href=\"https:\/\/www.predsjednik.hr\/wp-content\/uploads\/2021\/01\/DSC_4422-1024x596.jpg\"\n               style=\"background-image: url('https:\/\/www.predsjednik.hr\/wp-content\/uploads\/2021\/01\/DSC_4422-768x447.jpg')\"><\/a>\n            <!--end single-->\n                    <!--single-->\n            <a data-no-swup class=\"c-lightbox-gallery__single js-lightbox-single\"\n               href=\"https:\/\/www.predsjednik.hr\/wp-content\/uploads\/2021\/01\/Majske-Poljane-1024x683.jpg\"\n               style=\"background-image: url('https:\/\/www.predsjednik.hr\/wp-content\/uploads\/2021\/01\/Majske-Poljane-768x512.jpg')\"><\/a>\n            <!--end single-->\n        <\/div>\n<!--end GALLERY BLOCK-->\n\n\n\n<p>PHOTO: Office of the President of the Republic of Croatia \/ Marko Beljan<\/p>\n","protected":false},"excerpt":{"rendered":"<p>The President of the Republic toured a number of families whose homes in Majske Poljane and Sibi\u0107 were destroyed in the earthquake. \u201cI\u2019ve come here to see these people. I\u2019ve seen the situation on the ground, work is underway. Many services are on the ground in Majske Poljane, there is extensive damage, especially to homes that were rebuilt after the war. In Sibi\u0107, which was reconstructed in 1998, practically every house that had been rebuilt in the postwar reconstruction is damaged to the extent that they aren\u2019t suitable for living\u201d, President Milanovi\u0107 noted.<\/p>\n","protected":false},"featured_media":7398,"template":"","news-cat":[12],"class_list":["post-7399","news","type-news","status-publish","has-post-thumbnail","hentry","news-cat-news"],"acf":[],"yoast_head":"<!-- This site is optimized with the Yoast SEO plugin v27.4 - https:\/\/yoast.com\/product\/yoast-seo-wordpress\/ -->\n<title>President Milanovi\u0107 Tours Petrinja, Majske Poljane and Sibi\u0107, and on Postwar Reconstruction Says: That Was Theft and a Disgrace - President of the Republic of Croatia - Zoran Milanovi\u0107<\/title>\n<meta name=\"robots\" content=\"index, follow, max-snippet:-1, max-image-preview:large, max-video-preview:-1\" \/>\n<link rel=\"canonical\" href=\"https:\/\/www.predsjednik.hr\/en\/news\/president-milanovic-tours-petrinja-majske-poljane-and-sibic-and-on-postwar-reconstruction-says-that-was-theft-and-a-disgrace\/\" \/>\n<meta property=\"og:locale\" content=\"en_US\" \/>\n<meta property=\"og:type\" content=\"article\" \/>\n<meta property=\"og:title\" content=\"President Milanovi\u0107 Tours Petrinja, Majske Poljane and Sibi\u0107, and on Postwar Reconstruction Says: That Was Theft and a Disgrace - President of the Republic of Croatia - Zoran Milanovi\u0107\" \/>\n<meta property=\"og:description\" content=\"The President of the Republic toured a number of families whose homes in Majske Poljane and Sibi\u0107 were destroyed in the earthquake. \u201cI\u2019ve come here to see these people. I\u2019ve seen the situation on the ground, work is underway. Many services are on the ground in Majske Poljane, there is extensive damage, especially to homes that were rebuilt after the war. In Sibi\u0107, which was reconstructed in 1998, practically every house that had been rebuilt in the postwar reconstruction is damaged to the extent that they aren\u2019t suitable for living\u201d, President Milanovi\u0107 noted.\" \/>\n<meta property=\"og:url\" content=\"https:\/\/www.predsjednik.hr\/en\/news\/president-milanovic-tours-petrinja-majske-poljane-and-sibic-and-on-postwar-reconstruction-says-that-was-theft-and-a-disgrace\/\" \/>\n<meta property=\"og:site_name\" content=\"President of the Republic of Croatia - Zoran Milanovi\u0107\" \/>\n<meta property=\"article:modified_time\" content=\"2021-01-14T09:10:00+00:00\" \/>\n<meta property=\"og:image\" content=\"https:\/\/www.predsjednik.hr\/wp-content\/uploads\/2021\/01\/Volonteri-kuhari.jpg\" \/>\n\t<meta property=\"og:image:width\" content=\"5972\" \/>\n\t<meta property=\"og:image:height\" content=\"3359\" \/>\n\t<meta property=\"og:image:type\" content=\"image\/jpeg\" \/>\n<meta name=\"twitter:card\" content=\"summary_large_image\" \/>\n<meta name=\"twitter:label1\" content=\"Est. reading time\" \/>\n\t<meta name=\"twitter:data1\" content=\"3 minutes\" \/>\n<script type=\"application\/ld+json\" class=\"yoast-schema-graph\">{\"@context\":\"https:\\\/\\\/schema.org\",\"@graph\":[{\"@type\":\"WebPage\",\"@id\":\"https:\\\/\\\/www.predsjednik.hr\\\/en\\\/news\\\/president-milanovic-tours-petrinja-majske-poljane-and-sibic-and-on-postwar-reconstruction-says-that-was-theft-and-a-disgrace\\\/\",\"url\":\"https:\\\/\\\/www.predsjednik.hr\\\/en\\\/news\\\/president-milanovic-tours-petrinja-majske-poljane-and-sibic-and-on-postwar-reconstruction-says-that-was-theft-and-a-disgrace\\\/\",\"name\":\"President Milanovi\u0107 Tours Petrinja, Majske Poljane and Sibi\u0107, and on Postwar Reconstruction Says: That Was Theft and a Disgrace - President of the Republic of Croatia - Zoran Milanovi\u0107\",\"isPartOf\":{\"@id\":\"https:\\\/\\\/www.predsjednik.hr\\\/en\\\/#website\"},\"primaryImageOfPage\":{\"@id\":\"https:\\\/\\\/www.predsjednik.hr\\\/en\\\/news\\\/president-milanovic-tours-petrinja-majske-poljane-and-sibic-and-on-postwar-reconstruction-says-that-was-theft-and-a-disgrace\\\/#primaryimage\"},\"image\":{\"@id\":\"https:\\\/\\\/www.predsjednik.hr\\\/en\\\/news\\\/president-milanovic-tours-petrinja-majske-poljane-and-sibic-and-on-postwar-reconstruction-says-that-was-theft-and-a-disgrace\\\/#primaryimage\"},\"thumbnailUrl\":\"https:\\\/\\\/www.predsjednik.hr\\\/wp-content\\\/uploads\\\/2021\\\/01\\\/Volonteri-kuhari.jpg\",\"datePublished\":\"2021-01-13T15:08:00+00:00\",\"dateModified\":\"2021-01-14T09:10:00+00:00\",\"breadcrumb\":{\"@id\":\"https:\\\/\\\/www.predsjednik.hr\\\/en\\\/news\\\/president-milanovic-tours-petrinja-majske-poljane-and-sibic-and-on-postwar-reconstruction-says-that-was-theft-and-a-disgrace\\\/#breadcrumb\"},\"inLanguage\":\"en-US\",\"potentialAction\":[{\"@type\":\"ReadAction\",\"target\":[\"https:\\\/\\\/www.predsjednik.hr\\\/en\\\/news\\\/president-milanovic-tours-petrinja-majske-poljane-and-sibic-and-on-postwar-reconstruction-says-that-was-theft-and-a-disgrace\\\/\"]}]},{\"@type\":\"ImageObject\",\"inLanguage\":\"en-US\",\"@id\":\"https:\\\/\\\/www.predsjednik.hr\\\/en\\\/news\\\/president-milanovic-tours-petrinja-majske-poljane-and-sibic-and-on-postwar-reconstruction-says-that-was-theft-and-a-disgrace\\\/#primaryimage\",\"url\":\"https:\\\/\\\/www.predsjednik.hr\\\/wp-content\\\/uploads\\\/2021\\\/01\\\/Volonteri-kuhari.jpg\",\"contentUrl\":\"https:\\\/\\\/www.predsjednik.hr\\\/wp-content\\\/uploads\\\/2021\\\/01\\\/Volonteri-kuhari.jpg\",\"width\":5972,\"height\":3359},{\"@type\":\"BreadcrumbList\",\"@id\":\"https:\\\/\\\/www.predsjednik.hr\\\/en\\\/news\\\/president-milanovic-tours-petrinja-majske-poljane-and-sibic-and-on-postwar-reconstruction-says-that-was-theft-and-a-disgrace\\\/#breadcrumb\",\"itemListElement\":[{\"@type\":\"ListItem\",\"position\":1,\"name\":\"Home\",\"item\":\"https:\\\/\\\/www.predsjednik.hr\\\/en\\\/\"},{\"@type\":\"ListItem\",\"position\":2,\"name\":\"Vijesti\",\"item\":\"https:\\\/\\\/www.predsjednik.hr\\\/en\\\/news\\\/\"},{\"@type\":\"ListItem\",\"position\":3,\"name\":\"President Milanovi\u0107 Tours Petrinja, Majske Poljane and Sibi\u0107, and on Postwar Reconstruction Says: That Was Theft and a Disgrace\"}]},{\"@type\":\"WebSite\",\"@id\":\"https:\\\/\\\/www.predsjednik.hr\\\/en\\\/#website\",\"url\":\"https:\\\/\\\/www.predsjednik.hr\\\/en\\\/\",\"name\":\"President of the Republic of Croatia - Zoran Milanovi\u0107\",\"description\":\"Just another WordPress site\",\"potentialAction\":[{\"@type\":\"SearchAction\",\"target\":{\"@type\":\"EntryPoint\",\"urlTemplate\":\"https:\\\/\\\/www.predsjednik.hr\\\/en\\\/?s={search_term_string}\"},\"query-input\":{\"@type\":\"PropertyValueSpecification\",\"valueRequired\":true,\"valueName\":\"search_term_string\"}}],\"inLanguage\":\"en-US\"}]}<\/script>\n<!-- \/ Yoast SEO plugin. -->","yoast_head_json":{"title":"President Milanovi\u0107 Tours Petrinja, Majske Poljane and Sibi\u0107, and on Postwar Reconstruction Says: That Was Theft and a Disgrace - President of the Republic of Croatia - Zoran Milanovi\u0107","robots":{"index":"index","follow":"follow","max-snippet":"max-snippet:-1","max-image-preview":"max-image-preview:large","max-video-preview":"max-video-preview:-1"},"canonical":"https:\/\/www.predsjednik.hr\/en\/news\/president-milanovic-tours-petrinja-majske-poljane-and-sibic-and-on-postwar-reconstruction-says-that-was-theft-and-a-disgrace\/","og_locale":"en_US","og_type":"article","og_title":"President Milanovi\u0107 Tours Petrinja, Majske Poljane and Sibi\u0107, and on Postwar Reconstruction Says: That Was Theft and a Disgrace - President of the Republic of Croatia - Zoran Milanovi\u0107","og_description":"The President of the Republic toured a number of families whose homes in Majske Poljane and Sibi\u0107 were destroyed in the earthquake. \u201cI\u2019ve come here to see these people. I\u2019ve seen the situation on the ground, work is underway. Many services are on the ground in Majske Poljane, there is extensive damage, especially to homes that were rebuilt after the war. In Sibi\u0107, which was reconstructed in 1998, practically every house that had been rebuilt in the postwar reconstruction is damaged to the extent that they aren\u2019t suitable for living\u201d, President Milanovi\u0107 noted.","og_url":"https:\/\/www.predsjednik.hr\/en\/news\/president-milanovic-tours-petrinja-majske-poljane-and-sibic-and-on-postwar-reconstruction-says-that-was-theft-and-a-disgrace\/","og_site_name":"President of the Republic of Croatia - Zoran Milanovi\u0107","article_modified_time":"2021-01-14T09:10:00+00:00","og_image":[{"width":5972,"height":3359,"url":"https:\/\/www.predsjednik.hr\/wp-content\/uploads\/2021\/01\/Volonteri-kuhari.jpg","type":"image\/jpeg"}],"twitter_card":"summary_large_image","twitter_misc":{"Est. reading time":"3 minutes"},"schema":{"@context":"https:\/\/schema.org","@graph":[{"@type":"WebPage","@id":"https:\/\/www.predsjednik.hr\/en\/news\/president-milanovic-tours-petrinja-majske-poljane-and-sibic-and-on-postwar-reconstruction-says-that-was-theft-and-a-disgrace\/","url":"https:\/\/www.predsjednik.hr\/en\/news\/president-milanovic-tours-petrinja-majske-poljane-and-sibic-and-on-postwar-reconstruction-says-that-was-theft-and-a-disgrace\/","name":"President Milanovi\u0107 Tours Petrinja, Majske Poljane and Sibi\u0107, and on Postwar Reconstruction Says: That Was Theft and a Disgrace - President of the Republic of Croatia - Zoran Milanovi\u0107","isPartOf":{"@id":"https:\/\/www.predsjednik.hr\/en\/#website"},"primaryImageOfPage":{"@id":"https:\/\/www.predsjednik.hr\/en\/news\/president-milanovic-tours-petrinja-majske-poljane-and-sibic-and-on-postwar-reconstruction-says-that-was-theft-and-a-disgrace\/#primaryimage"},"image":{"@id":"https:\/\/www.predsjednik.hr\/en\/news\/president-milanovic-tours-petrinja-majske-poljane-and-sibic-and-on-postwar-reconstruction-says-that-was-theft-and-a-disgrace\/#primaryimage"},"thumbnailUrl":"https:\/\/www.predsjednik.hr\/wp-content\/uploads\/2021\/01\/Volonteri-kuhari.jpg","datePublished":"2021-01-13T15:08:00+00:00","dateModified":"2021-01-14T09:10:00+00:00","breadcrumb":{"@id":"https:\/\/www.predsjednik.hr\/en\/news\/president-milanovic-tours-petrinja-majske-poljane-and-sibic-and-on-postwar-reconstruction-says-that-was-theft-and-a-disgrace\/#breadcrumb"},"inLanguage":"en-US","potentialAction":[{"@type":"ReadAction","target":["https:\/\/www.predsjednik.hr\/en\/news\/president-milanovic-tours-petrinja-majske-poljane-and-sibic-and-on-postwar-reconstruction-says-that-was-theft-and-a-disgrace\/"]}]},{"@type":"ImageObject","inLanguage":"en-US","@id":"https:\/\/www.predsjednik.hr\/en\/news\/president-milanovic-tours-petrinja-majske-poljane-and-sibic-and-on-postwar-reconstruction-says-that-was-theft-and-a-disgrace\/#primaryimage","url":"https:\/\/www.predsjednik.hr\/wp-content\/uploads\/2021\/01\/Volonteri-kuhari.jpg","contentUrl":"https:\/\/www.predsjednik.hr\/wp-content\/uploads\/2021\/01\/Volonteri-kuhari.jpg","width":5972,"height":3359},{"@type":"BreadcrumbList","@id":"https:\/\/www.predsjednik.hr\/en\/news\/president-milanovic-tours-petrinja-majske-poljane-and-sibic-and-on-postwar-reconstruction-says-that-was-theft-and-a-disgrace\/#breadcrumb","itemListElement":[{"@type":"ListItem","position":1,"name":"Home","item":"https:\/\/www.predsjednik.hr\/en\/"},{"@type":"ListItem","position":2,"name":"Vijesti","item":"https:\/\/www.predsjednik.hr\/en\/news\/"},{"@type":"ListItem","position":3,"name":"President Milanovi\u0107 Tours Petrinja, Majske Poljane and Sibi\u0107, and on Postwar Reconstruction Says: That Was Theft and a Disgrace"}]},{"@type":"WebSite","@id":"https:\/\/www.predsjednik.hr\/en\/#website","url":"https:\/\/www.predsjednik.hr\/en\/","name":"President of the Republic of Croatia - Zoran Milanovi\u0107","description":"Just another WordPress site","potentialAction":[{"@type":"SearchAction","target":{"@type":"EntryPoint","urlTemplate":"https:\/\/www.predsjednik.hr\/en\/?s={search_term_string}"},"query-input":{"@type":"PropertyValueSpecification","valueRequired":true,"valueName":"search_term_string"}}],"inLanguage":"en-US"}]}},"_links":{"self":[{"href":"https:\/\/www.predsjednik.hr\/en\/wp-json\/wp\/v2\/news\/7399","targetHints":{"allow":["GET"]}}],"collection":[{"href":"https:\/\/www.predsjednik.hr\/en\/wp-json\/wp\/v2\/news"}],"about":[{"href":"https:\/\/www.predsjednik.hr\/en\/wp-json\/wp\/v2\/types\/news"}],"wp:featuredmedia":[{"embeddable":true,"href":"https:\/\/www.predsjednik.hr\/en\/wp-json\/wp\/v2\/media\/7398"}],"wp:attachment":[{"href":"https:\/\/www.predsjednik.hr\/en\/wp-json\/wp\/v2\/media?parent=7399"}],"wp:term":[{"taxonomy":"news-cat","embeddable":true,"href":"https:\/\/www.predsjednik.hr\/en\/wp-json\/wp\/v2\/news-cat?post=7399"}],"curies":[{"name":"wp","href":"https:\/\/api.w.org\/{rel}","templated":true}]}}