{"id":8230,"date":"2021-03-04T15:10:59","date_gmt":"2021-03-04T14:10:59","guid":{"rendered":"https:\/\/www.predsjednik.hr\/?post_type=news&#038;p=8230"},"modified":"2021-03-04T15:12:22","modified_gmt":"2021-03-04T14:12:22","slug":"president-milanovic-meets-with-representatives-of-adriatic-aerospace-association-a3","status":"publish","type":"news","link":"https:\/\/www.predsjednik.hr\/en\/news\/president-milanovic-meets-with-representatives-of-adriatic-aerospace-association-a3\/","title":{"rendered":"President Milanovi\u0107 Meets with Representatives of Adriatic Aerospace Association (A3)"},"content":{"rendered":"\n<p>The President of the Republic Zoran Milanovi\u0107 met in his Office with representatives of the Adriatic Aerospace Association (A3), a non-governmental, non-profit and independent association founded with the aim to foster research and development in the aerospace sector, catalyse project development as regional point-of-contact and support education and counselling activities, as well as international cooperation.<\/p>\n\n\n\n<p>Representatives of the A3 Association informed President Milanovi\u0107 about their work and ongoing cooperation with experts from companies and institutions in the science and education sector, who are willing to participate in Croatia\u2019s aerospace program by planning and implementing projects at home and abroad.<\/p>\n\n\n\n<p>The development, installation and launch of the first Croatian satellite \u20182U CubeSat\u2019, under the project name \u2018Perun 1\u2019, was also discussed. Speaking about the \u2018Perun 1\u2019 project, the representatives of A3 said their plan was to launch the satellite in June 2023 and they informed President Milanovi\u0107 about the costs of the launch. It was emphasized that launching the satellite is the short-term goal and that members of the Association are working with students and young people whom they seek to educate about all aspects related to the organization and implementation of such a project, because education is their long-term goal, including the start of a university study programme.<\/p>\n\n\n\n<p>The following representatives of the Adriatic Aerospace Association (A3) participated in the meeting with the President of the Republic Zoran Milanovi\u0107: President Prof. Slobodan Danko Bosanac, Ph. D.; Adviser for Secondary Education Stev\u010de Arsoski; Perun 1 Project Leader Mirela Obri\u0107; Algebra University College student and Perun 1 Project Technical Manager Filip Kisi\u0107; Technical Adviser for Innovations and Business Planning Ida Srdi\u0107.<\/p>\n\n\n<!--GALLERY BLOCK-->\n<div class=\"c-lightbox-gallery js-lightbox\">\n                <!--single-->\n            <a data-no-swup class=\"c-lightbox-gallery__single js-lightbox-single\"\n               href=\"https:\/\/www.predsjednik.hr\/wp-content\/uploads\/2021\/03\/DSC_4575.jpg\"\n               style=\"background-image: url('https:\/\/www.predsjednik.hr\/wp-content\/uploads\/2021\/03\/DSC_4575.jpg')\"><\/a>\n            <!--end single-->\n                    <!--single-->\n            <a data-no-swup class=\"c-lightbox-gallery__single js-lightbox-single\"\n               href=\"https:\/\/www.predsjednik.hr\/wp-content\/uploads\/2021\/03\/DSC_4586.jpg\"\n               style=\"background-image: url('https:\/\/www.predsjednik.hr\/wp-content\/uploads\/2021\/03\/DSC_4586.jpg')\"><\/a>\n            <!--end single-->\n                    <!--single-->\n            <a data-no-swup class=\"c-lightbox-gallery__single js-lightbox-single\"\n               href=\"https:\/\/www.predsjednik.hr\/wp-content\/uploads\/2021\/03\/DSC_4582.jpg\"\n               style=\"background-image: url('https:\/\/www.predsjednik.hr\/wp-content\/uploads\/2021\/03\/DSC_4582.jpg')\"><\/a>\n            <!--end single-->\n        <\/div>\n<!--end GALLERY BLOCK-->\n\n\n\n<p>PHOTO: Office of the President of the Republic of Croatia \/ Tomislav Bu\u0161ljeta<\/p>\n","protected":false},"excerpt":{"rendered":"<p>The President of the Republic Zoran Milanovi\u0107 met in his Office with representatives of the Adriatic Aerospace Association (A3), a non-governmental, non-profit and independent association founded with the aim to foster research and development in the aerospace sector, catalyse project development as regional point-of-contact and support education and counselling activities, as well as international cooperation.<\/p>\n","protected":false},"featured_media":8217,"template":"","news-cat":[12],"class_list":["post-8230","news","type-news","status-publish","has-post-thumbnail","hentry","news-cat-news"],"acf":[],"yoast_head":"<!-- This site is optimized with the Yoast SEO plugin v27.5 - https:\/\/yoast.com\/product\/yoast-seo-wordpress\/ -->\n<title>President Milanovi\u0107 Meets with Representatives of Adriatic Aerospace Association (A3) - President of the Republic of Croatia - Zoran Milanovi\u0107<\/title>\n<meta name=\"robots\" content=\"index, follow, max-snippet:-1, max-image-preview:large, max-video-preview:-1\" \/>\n<link rel=\"canonical\" href=\"https:\/\/www.predsjednik.hr\/en\/news\/president-milanovic-meets-with-representatives-of-adriatic-aerospace-association-a3\/\" \/>\n<meta property=\"og:locale\" content=\"en_US\" \/>\n<meta property=\"og:type\" content=\"article\" \/>\n<meta property=\"og:title\" content=\"President Milanovi\u0107 Meets with Representatives of Adriatic Aerospace Association (A3) - President of the Republic of Croatia - Zoran Milanovi\u0107\" \/>\n<meta property=\"og:description\" content=\"The President of the Republic Zoran Milanovi\u0107 met in his Office with representatives of the Adriatic Aerospace Association (A3), a non-governmental, non-profit and independent association founded with the aim to foster research and development in the aerospace sector, catalyse project development as regional point-of-contact and support education and counselling activities, as well as international cooperation.\" \/>\n<meta property=\"og:url\" content=\"https:\/\/www.predsjednik.hr\/en\/news\/president-milanovic-meets-with-representatives-of-adriatic-aerospace-association-a3\/\" \/>\n<meta property=\"og:site_name\" content=\"President of the Republic of Croatia - Zoran Milanovi\u0107\" \/>\n<meta property=\"article:modified_time\" content=\"2021-03-04T14:12:22+00:00\" \/>\n<meta property=\"og:image\" content=\"https:\/\/www.predsjednik.hr\/wp-content\/uploads\/2021\/03\/DSC_4582.jpg\" \/>\n\t<meta property=\"og:image:width\" content=\"4000\" \/>\n\t<meta property=\"og:image:height\" content=\"2250\" \/>\n\t<meta property=\"og:image:type\" content=\"image\/jpeg\" \/>\n<meta name=\"twitter:card\" content=\"summary_large_image\" \/>\n<meta name=\"twitter:label1\" content=\"Est. reading time\" \/>\n\t<meta name=\"twitter:data1\" content=\"2 minutes\" \/>\n<script type=\"application\/ld+json\" class=\"yoast-schema-graph\">{\"@context\":\"https:\\\/\\\/schema.org\",\"@graph\":[{\"@type\":\"WebPage\",\"@id\":\"https:\\\/\\\/www.predsjednik.hr\\\/en\\\/news\\\/president-milanovic-meets-with-representatives-of-adriatic-aerospace-association-a3\\\/\",\"url\":\"https:\\\/\\\/www.predsjednik.hr\\\/en\\\/news\\\/president-milanovic-meets-with-representatives-of-adriatic-aerospace-association-a3\\\/\",\"name\":\"President Milanovi\u0107 Meets with Representatives of Adriatic Aerospace Association (A3) - President of the Republic of Croatia - Zoran Milanovi\u0107\",\"isPartOf\":{\"@id\":\"https:\\\/\\\/www.predsjednik.hr\\\/en\\\/#website\"},\"primaryImageOfPage\":{\"@id\":\"https:\\\/\\\/www.predsjednik.hr\\\/en\\\/news\\\/president-milanovic-meets-with-representatives-of-adriatic-aerospace-association-a3\\\/#primaryimage\"},\"image\":{\"@id\":\"https:\\\/\\\/www.predsjednik.hr\\\/en\\\/news\\\/president-milanovic-meets-with-representatives-of-adriatic-aerospace-association-a3\\\/#primaryimage\"},\"thumbnailUrl\":\"https:\\\/\\\/www.predsjednik.hr\\\/wp-content\\\/uploads\\\/2021\\\/03\\\/DSC_4582.jpg\",\"datePublished\":\"2021-03-04T14:10:59+00:00\",\"dateModified\":\"2021-03-04T14:12:22+00:00\",\"breadcrumb\":{\"@id\":\"https:\\\/\\\/www.predsjednik.hr\\\/en\\\/news\\\/president-milanovic-meets-with-representatives-of-adriatic-aerospace-association-a3\\\/#breadcrumb\"},\"inLanguage\":\"en-US\",\"potentialAction\":[{\"@type\":\"ReadAction\",\"target\":[\"https:\\\/\\\/www.predsjednik.hr\\\/en\\\/news\\\/president-milanovic-meets-with-representatives-of-adriatic-aerospace-association-a3\\\/\"]}]},{\"@type\":\"ImageObject\",\"inLanguage\":\"en-US\",\"@id\":\"https:\\\/\\\/www.predsjednik.hr\\\/en\\\/news\\\/president-milanovic-meets-with-representatives-of-adriatic-aerospace-association-a3\\\/#primaryimage\",\"url\":\"https:\\\/\\\/www.predsjednik.hr\\\/wp-content\\\/uploads\\\/2021\\\/03\\\/DSC_4582.jpg\",\"contentUrl\":\"https:\\\/\\\/www.predsjednik.hr\\\/wp-content\\\/uploads\\\/2021\\\/03\\\/DSC_4582.jpg\",\"width\":4000,\"height\":2250,\"caption\":\"President Milanovi\u0107 Meets with Representatives of Adriatic Aerospace Association (A3)\"},{\"@type\":\"BreadcrumbList\",\"@id\":\"https:\\\/\\\/www.predsjednik.hr\\\/en\\\/news\\\/president-milanovic-meets-with-representatives-of-adriatic-aerospace-association-a3\\\/#breadcrumb\",\"itemListElement\":[{\"@type\":\"ListItem\",\"position\":1,\"name\":\"Home\",\"item\":\"https:\\\/\\\/www.predsjednik.hr\\\/en\\\/\"},{\"@type\":\"ListItem\",\"position\":2,\"name\":\"Vijesti\",\"item\":\"https:\\\/\\\/www.predsjednik.hr\\\/en\\\/news\\\/\"},{\"@type\":\"ListItem\",\"position\":3,\"name\":\"President Milanovi\u0107 Meets with Representatives of Adriatic Aerospace Association (A3)\"}]},{\"@type\":\"WebSite\",\"@id\":\"https:\\\/\\\/www.predsjednik.hr\\\/en\\\/#website\",\"url\":\"https:\\\/\\\/www.predsjednik.hr\\\/en\\\/\",\"name\":\"President of the Republic of Croatia - Zoran Milanovi\u0107\",\"description\":\"Just another WordPress site\",\"potentialAction\":[{\"@type\":\"SearchAction\",\"target\":{\"@type\":\"EntryPoint\",\"urlTemplate\":\"https:\\\/\\\/www.predsjednik.hr\\\/en\\\/?s={search_term_string}\"},\"query-input\":{\"@type\":\"PropertyValueSpecification\",\"valueRequired\":true,\"valueName\":\"search_term_string\"}}],\"inLanguage\":\"en-US\"}]}<\/script>\n<!-- \/ Yoast SEO plugin. -->","yoast_head_json":{"title":"President Milanovi\u0107 Meets with Representatives of Adriatic Aerospace Association (A3) - President of the Republic of Croatia - Zoran Milanovi\u0107","robots":{"index":"index","follow":"follow","max-snippet":"max-snippet:-1","max-image-preview":"max-image-preview:large","max-video-preview":"max-video-preview:-1"},"canonical":"https:\/\/www.predsjednik.hr\/en\/news\/president-milanovic-meets-with-representatives-of-adriatic-aerospace-association-a3\/","og_locale":"en_US","og_type":"article","og_title":"President Milanovi\u0107 Meets with Representatives of Adriatic Aerospace Association (A3) - President of the Republic of Croatia - Zoran Milanovi\u0107","og_description":"The President of the Republic Zoran Milanovi\u0107 met in his Office with representatives of the Adriatic Aerospace Association (A3), a non-governmental, non-profit and independent association founded with the aim to foster research and development in the aerospace sector, catalyse project development as regional point-of-contact and support education and counselling activities, as well as international cooperation.","og_url":"https:\/\/www.predsjednik.hr\/en\/news\/president-milanovic-meets-with-representatives-of-adriatic-aerospace-association-a3\/","og_site_name":"President of the Republic of Croatia - Zoran Milanovi\u0107","article_modified_time":"2021-03-04T14:12:22+00:00","og_image":[{"width":4000,"height":2250,"url":"https:\/\/www.predsjednik.hr\/wp-content\/uploads\/2021\/03\/DSC_4582.jpg","type":"image\/jpeg"}],"twitter_card":"summary_large_image","twitter_misc":{"Est. reading time":"2 minutes"},"schema":{"@context":"https:\/\/schema.org","@graph":[{"@type":"WebPage","@id":"https:\/\/www.predsjednik.hr\/en\/news\/president-milanovic-meets-with-representatives-of-adriatic-aerospace-association-a3\/","url":"https:\/\/www.predsjednik.hr\/en\/news\/president-milanovic-meets-with-representatives-of-adriatic-aerospace-association-a3\/","name":"President Milanovi\u0107 Meets with Representatives of Adriatic Aerospace Association (A3) - President of the Republic of Croatia - Zoran Milanovi\u0107","isPartOf":{"@id":"https:\/\/www.predsjednik.hr\/en\/#website"},"primaryImageOfPage":{"@id":"https:\/\/www.predsjednik.hr\/en\/news\/president-milanovic-meets-with-representatives-of-adriatic-aerospace-association-a3\/#primaryimage"},"image":{"@id":"https:\/\/www.predsjednik.hr\/en\/news\/president-milanovic-meets-with-representatives-of-adriatic-aerospace-association-a3\/#primaryimage"},"thumbnailUrl":"https:\/\/www.predsjednik.hr\/wp-content\/uploads\/2021\/03\/DSC_4582.jpg","datePublished":"2021-03-04T14:10:59+00:00","dateModified":"2021-03-04T14:12:22+00:00","breadcrumb":{"@id":"https:\/\/www.predsjednik.hr\/en\/news\/president-milanovic-meets-with-representatives-of-adriatic-aerospace-association-a3\/#breadcrumb"},"inLanguage":"en-US","potentialAction":[{"@type":"ReadAction","target":["https:\/\/www.predsjednik.hr\/en\/news\/president-milanovic-meets-with-representatives-of-adriatic-aerospace-association-a3\/"]}]},{"@type":"ImageObject","inLanguage":"en-US","@id":"https:\/\/www.predsjednik.hr\/en\/news\/president-milanovic-meets-with-representatives-of-adriatic-aerospace-association-a3\/#primaryimage","url":"https:\/\/www.predsjednik.hr\/wp-content\/uploads\/2021\/03\/DSC_4582.jpg","contentUrl":"https:\/\/www.predsjednik.hr\/wp-content\/uploads\/2021\/03\/DSC_4582.jpg","width":4000,"height":2250,"caption":"President Milanovi\u0107 Meets with Representatives of Adriatic Aerospace Association (A3)"},{"@type":"BreadcrumbList","@id":"https:\/\/www.predsjednik.hr\/en\/news\/president-milanovic-meets-with-representatives-of-adriatic-aerospace-association-a3\/#breadcrumb","itemListElement":[{"@type":"ListItem","position":1,"name":"Home","item":"https:\/\/www.predsjednik.hr\/en\/"},{"@type":"ListItem","position":2,"name":"Vijesti","item":"https:\/\/www.predsjednik.hr\/en\/news\/"},{"@type":"ListItem","position":3,"name":"President Milanovi\u0107 Meets with Representatives of Adriatic Aerospace Association (A3)"}]},{"@type":"WebSite","@id":"https:\/\/www.predsjednik.hr\/en\/#website","url":"https:\/\/www.predsjednik.hr\/en\/","name":"President of the Republic of Croatia - Zoran Milanovi\u0107","description":"Just another WordPress site","potentialAction":[{"@type":"SearchAction","target":{"@type":"EntryPoint","urlTemplate":"https:\/\/www.predsjednik.hr\/en\/?s={search_term_string}"},"query-input":{"@type":"PropertyValueSpecification","valueRequired":true,"valueName":"search_term_string"}}],"inLanguage":"en-US"}]}},"_links":{"self":[{"href":"https:\/\/www.predsjednik.hr\/en\/wp-json\/wp\/v2\/news\/8230","targetHints":{"allow":["GET"]}}],"collection":[{"href":"https:\/\/www.predsjednik.hr\/en\/wp-json\/wp\/v2\/news"}],"about":[{"href":"https:\/\/www.predsjednik.hr\/en\/wp-json\/wp\/v2\/types\/news"}],"wp:featuredmedia":[{"embeddable":true,"href":"https:\/\/www.predsjednik.hr\/en\/wp-json\/wp\/v2\/media\/8217"}],"wp:attachment":[{"href":"https:\/\/www.predsjednik.hr\/en\/wp-json\/wp\/v2\/media?parent=8230"}],"wp:term":[{"taxonomy":"news-cat","embeddable":true,"href":"https:\/\/www.predsjednik.hr\/en\/wp-json\/wp\/v2\/news-cat?post=8230"}],"curies":[{"name":"wp","href":"https:\/\/api.w.org\/{rel}","templated":true}]}}