{"id":8371,"date":"2021-03-24T15:51:59","date_gmt":"2021-03-24T14:51:59","guid":{"rendered":"https:\/\/www.predsjednik.hr\/?post_type=news&#038;p=8371"},"modified":"2021-03-24T15:52:00","modified_gmt":"2021-03-24T14:52:00","slug":"president-milanovic-tours-largest-solar-power-plant-in-republic-of-croatia-on-cres-island","status":"publish","type":"news","link":"https:\/\/www.predsjednik.hr\/en\/news\/president-milanovic-tours-largest-solar-power-plant-in-republic-of-croatia-on-cres-island\/","title":{"rendered":"President Milanovi\u0107 Tours Largest Solar Power Plant in Republic of Croatia on Cres Island"},"content":{"rendered":"\n<p>The President of the Republic Zoran Milanovi\u0107 travelled to the island of Cres where he visited Loznati and Orlec villages and the Town of Cres in the company of the mayor of the Town of Cres Kristijan Jurjak, Town of Cres Municipal Council chairman Mar\u010delo Damijanjevi\u0107, deputy mayor Marin Gregorovi\u0107 and Town of Cres Municipal Council co-chairman Patris Salkovi\u0107.<\/p>\n\n\n\n<p>Construction of the largest solar power plant in the Republic of Croatia and one of the most significant projects on Cres island is underway on the location of Orlec Trinket-East. President Milanovi\u0107 toured the site accompanied by HEP Management Board member Petar Spr\u010di\u0107, Kvarner Regional Energy Agency director and member of the Energy Transition Council of the President of the Republic Ivan Andro\u010dec and Island Development Agency director Ugo Toji\u0107. During the tour of the solar power plant\u2019s construction site a presentation of the Energy Cooperative Cres-Lo\u0161inj was made to President Milanovi\u0107. The Cooperative was founded by the towns of Cres and Mali Lo\u0161inj and about thirty stakeholders from Cres and Lo\u0161inj islands grouped in the Island Development Agency. The first major investment that the Cooperative plans to launch after its founding is construction of a solar power plant in the northern part of Cres.<\/p>\n\n\n\n<p>\u201cModern renewable energy is what we\u2019ve seen and maybe the most important thing. I can\u2019t insist on that, but I\u2019m trying to encourage it as much as I can. This is an example of good cooperation between HEP, the largest State company, and the local self-government which has a clear idea of what it wants to achieve\u201d, President Milanovi\u0107 told journalists.<\/p>\n\n\n\n<p>At Loznati President Milanovi\u0107 toured the Cheese Factory of the Agricultural Cooperative Loznati, which has reestablished daily production of cheese in Cres and secured valuable jobs for the island\u2019s young families. The Loznati Cooperative\u2019s administrator Bruno \u017dic acquainted President Milanovi\u0107 with the cheese factory project that was funded through the EU Rural Development Programme, HBOR loans, and a significant part from private investors.<\/p>\n\n\n\n<p>Continuing his visit to Cres, President Milanovi\u0107, in the company of the rector of the University of Rijeka Snje\u017eana Priji\u0107-Samar\u017eija, toured Moise Palace, a 500 year-old Renaissance Palace which, thanks to European funds and the efforts of the local authorities has been reconstructed and revitalized as a model of sustainable reconstruction of historical heritage and has become an Educational Research Center of the University of Rijeka. After touring it President Milanovi\u0107 said that the reconstruction of the palace is the right thing, however, regrettably few people are aware of it. \u201cIt\u2019s been reconstructed relatively quickly with European funds and is magnificent now. It offers space and a possibility for the development of academic tourism and academic work, some sort of small inter-university center such as the one in Dubrovnik\u201d, the President noted.<\/p>\n\n\n\n<p>With a tour of the reconstructed and expanded western part of the port of Cres, President Milanovi\u0107 concluded his visit to Cres island.<\/p>\n\n\n\n<p>Accompanying the President of the Republic were his Head of Cabinet Bartol \u0160imuni\u0107, the Adviser to the President of the Republic of Croatia for Human Rights and Civil Society Melita Muli\u0107 and the Special Adviser to the President of the Republic of Croatia for Energy and Climate Julije Domac.<\/p>\n\n\n<!--GALLERY BLOCK-->\n<div class=\"c-lightbox-gallery js-lightbox\">\n                <!--single-->\n            <a data-no-swup class=\"c-lightbox-gallery__single js-lightbox-single\"\n               href=\"https:\/\/www.predsjednik.hr\/wp-content\/uploads\/2021\/03\/DSC_1236.jpg\"\n               style=\"background-image: url('https:\/\/www.predsjednik.hr\/wp-content\/uploads\/2021\/03\/DSC_1236.jpg')\"><\/a>\n            <!--end single-->\n                    <!--single-->\n            <a data-no-swup class=\"c-lightbox-gallery__single js-lightbox-single\"\n               href=\"https:\/\/www.predsjednik.hr\/wp-content\/uploads\/2021\/03\/DSC_1239.jpg\"\n               style=\"background-image: url('https:\/\/www.predsjednik.hr\/wp-content\/uploads\/2021\/03\/DSC_1239.jpg')\"><\/a>\n            <!--end single-->\n                    <!--single-->\n            <a data-no-swup class=\"c-lightbox-gallery__single js-lightbox-single\"\n               href=\"https:\/\/www.predsjednik.hr\/wp-content\/uploads\/2021\/03\/DSC_1243.jpg\"\n               style=\"background-image: url('https:\/\/www.predsjednik.hr\/wp-content\/uploads\/2021\/03\/DSC_1243.jpg')\"><\/a>\n            <!--end single-->\n                    <!--single-->\n            <a data-no-swup class=\"c-lightbox-gallery__single js-lightbox-single\"\n               href=\"https:\/\/www.predsjednik.hr\/wp-content\/uploads\/2021\/03\/DSC_1363-1.jpg\"\n               style=\"background-image: url('https:\/\/www.predsjednik.hr\/wp-content\/uploads\/2021\/03\/DSC_1363-1.jpg')\"><\/a>\n            <!--end single-->\n                    <!--single-->\n            <a data-no-swup class=\"c-lightbox-gallery__single js-lightbox-single\"\n               href=\"https:\/\/www.predsjednik.hr\/wp-content\/uploads\/2021\/03\/DSC_1400.jpg\"\n               style=\"background-image: url('https:\/\/www.predsjednik.hr\/wp-content\/uploads\/2021\/03\/DSC_1400.jpg')\"><\/a>\n            <!--end single-->\n                    <!--single-->\n            <a data-no-swup class=\"c-lightbox-gallery__single js-lightbox-single\"\n               href=\"https:\/\/www.predsjednik.hr\/wp-content\/uploads\/2021\/03\/DSC_1430.jpg\"\n               style=\"background-image: url('https:\/\/www.predsjednik.hr\/wp-content\/uploads\/2021\/03\/DSC_1430.jpg')\"><\/a>\n            <!--end single-->\n                    <!--single-->\n            <a data-no-swup class=\"c-lightbox-gallery__single js-lightbox-single\"\n               href=\"https:\/\/www.predsjednik.hr\/wp-content\/uploads\/2021\/03\/DSC_1440.jpg\"\n               style=\"background-image: url('https:\/\/www.predsjednik.hr\/wp-content\/uploads\/2021\/03\/DSC_1440.jpg')\"><\/a>\n            <!--end single-->\n                    <!--single-->\n            <a data-no-swup class=\"c-lightbox-gallery__single js-lightbox-single\"\n               href=\"https:\/\/www.predsjednik.hr\/wp-content\/uploads\/2021\/03\/DSC_1447.jpg\"\n               style=\"background-image: url('https:\/\/www.predsjednik.hr\/wp-content\/uploads\/2021\/03\/DSC_1447.jpg')\"><\/a>\n            <!--end single-->\n                    <!--single-->\n            <a data-no-swup class=\"c-lightbox-gallery__single js-lightbox-single\"\n               href=\"https:\/\/www.predsjednik.hr\/wp-content\/uploads\/2021\/03\/DSC_1460.jpg\"\n               style=\"background-image: url('https:\/\/www.predsjednik.hr\/wp-content\/uploads\/2021\/03\/DSC_1460.jpg')\"><\/a>\n            <!--end single-->\n                    <!--single-->\n            <a data-no-swup class=\"c-lightbox-gallery__single js-lightbox-single\"\n               href=\"https:\/\/www.predsjednik.hr\/wp-content\/uploads\/2021\/03\/DSC_1503.jpg\"\n               style=\"background-image: url('https:\/\/www.predsjednik.hr\/wp-content\/uploads\/2021\/03\/DSC_1503.jpg')\"><\/a>\n            <!--end single-->\n                    <!--single-->\n            <a data-no-swup class=\"c-lightbox-gallery__single js-lightbox-single\"\n               href=\"https:\/\/www.predsjednik.hr\/wp-content\/uploads\/2021\/03\/DSC_1540.jpg\"\n               style=\"background-image: url('https:\/\/www.predsjednik.hr\/wp-content\/uploads\/2021\/03\/DSC_1540.jpg')\"><\/a>\n            <!--end single-->\n                    <!--single-->\n            <a data-no-swup class=\"c-lightbox-gallery__single js-lightbox-single\"\n               href=\"https:\/\/www.predsjednik.hr\/wp-content\/uploads\/2021\/03\/DSC_1545.jpg\"\n               style=\"background-image: url('https:\/\/www.predsjednik.hr\/wp-content\/uploads\/2021\/03\/DSC_1545.jpg')\"><\/a>\n            <!--end single-->\n                    <!--single-->\n            <a data-no-swup class=\"c-lightbox-gallery__single js-lightbox-single\"\n               href=\"https:\/\/www.predsjednik.hr\/wp-content\/uploads\/2021\/03\/DSC_1551.jpg\"\n               style=\"background-image: url('https:\/\/www.predsjednik.hr\/wp-content\/uploads\/2021\/03\/DSC_1551.jpg')\"><\/a>\n            <!--end single-->\n        <\/div>\n<!--end GALLERY BLOCK-->\n\n\n\n<p>PHOTO: Office of the President of the Republic of Croatia \/ Filip Glas<\/p>\n","protected":false},"excerpt":{"rendered":"<p>\u201cModern renewable energy is what we\u2019ve seen and maybe the most important thing. I can\u2019t insist on that, but I\u2019m trying to encourage it as much as I can. This is an example of good cooperation between HEP, the largest State company, and the local self-government which has a clear idea of what it wants to achieve\u201d, President Milanovi\u0107 told journalists.<\/p>\n","protected":false},"featured_media":8344,"template":"","news-cat":[12],"class_list":["post-8371","news","type-news","status-publish","has-post-thumbnail","hentry","news-cat-news"],"acf":[],"yoast_head":"<!-- This site is optimized with the Yoast SEO plugin v27.5 - https:\/\/yoast.com\/product\/yoast-seo-wordpress\/ -->\n<title>President Milanovi\u0107 Tours Largest Solar Power Plant in Republic of Croatia on Cres Island - President of the Republic of Croatia - Zoran Milanovi\u0107<\/title>\n<meta name=\"robots\" content=\"index, follow, max-snippet:-1, max-image-preview:large, max-video-preview:-1\" \/>\n<link rel=\"canonical\" href=\"https:\/\/www.predsjednik.hr\/en\/news\/president-milanovic-tours-largest-solar-power-plant-in-republic-of-croatia-on-cres-island\/\" \/>\n<meta property=\"og:locale\" content=\"en_US\" \/>\n<meta property=\"og:type\" content=\"article\" \/>\n<meta property=\"og:title\" content=\"President Milanovi\u0107 Tours Largest Solar Power Plant in Republic of Croatia on Cres Island - President of the Republic of Croatia - Zoran Milanovi\u0107\" \/>\n<meta property=\"og:description\" content=\"\u201cModern renewable energy is what we\u2019ve seen and maybe the most important thing. I can\u2019t insist on that, but I\u2019m trying to encourage it as much as I can. This is an example of good cooperation between HEP, the largest State company, and the local self-government which has a clear idea of what it wants to achieve\u201d, President Milanovi\u0107 told journalists.\" \/>\n<meta property=\"og:url\" content=\"https:\/\/www.predsjednik.hr\/en\/news\/president-milanovic-tours-largest-solar-power-plant-in-republic-of-croatia-on-cres-island\/\" \/>\n<meta property=\"og:site_name\" content=\"President of the Republic of Croatia - Zoran Milanovi\u0107\" \/>\n<meta property=\"article:modified_time\" content=\"2021-03-24T14:52:00+00:00\" \/>\n<meta property=\"og:image\" content=\"https:\/\/www.predsjednik.hr\/wp-content\/uploads\/2021\/03\/DSC_1363.jpg\" \/>\n\t<meta property=\"og:image:width\" content=\"5328\" \/>\n\t<meta property=\"og:image:height\" content=\"2997\" \/>\n\t<meta property=\"og:image:type\" content=\"image\/jpeg\" \/>\n<meta name=\"twitter:card\" content=\"summary_large_image\" \/>\n<meta name=\"twitter:label1\" content=\"Est. reading time\" \/>\n\t<meta name=\"twitter:data1\" content=\"3 minutes\" \/>\n<script type=\"application\/ld+json\" class=\"yoast-schema-graph\">{\"@context\":\"https:\\\/\\\/schema.org\",\"@graph\":[{\"@type\":\"WebPage\",\"@id\":\"https:\\\/\\\/www.predsjednik.hr\\\/en\\\/news\\\/president-milanovic-tours-largest-solar-power-plant-in-republic-of-croatia-on-cres-island\\\/\",\"url\":\"https:\\\/\\\/www.predsjednik.hr\\\/en\\\/news\\\/president-milanovic-tours-largest-solar-power-plant-in-republic-of-croatia-on-cres-island\\\/\",\"name\":\"President Milanovi\u0107 Tours Largest Solar Power Plant in Republic of Croatia on Cres Island - President of the Republic of Croatia - Zoran Milanovi\u0107\",\"isPartOf\":{\"@id\":\"https:\\\/\\\/www.predsjednik.hr\\\/en\\\/#website\"},\"primaryImageOfPage\":{\"@id\":\"https:\\\/\\\/www.predsjednik.hr\\\/en\\\/news\\\/president-milanovic-tours-largest-solar-power-plant-in-republic-of-croatia-on-cres-island\\\/#primaryimage\"},\"image\":{\"@id\":\"https:\\\/\\\/www.predsjednik.hr\\\/en\\\/news\\\/president-milanovic-tours-largest-solar-power-plant-in-republic-of-croatia-on-cres-island\\\/#primaryimage\"},\"thumbnailUrl\":\"https:\\\/\\\/www.predsjednik.hr\\\/wp-content\\\/uploads\\\/2021\\\/03\\\/DSC_1363.jpg\",\"datePublished\":\"2021-03-24T14:51:59+00:00\",\"dateModified\":\"2021-03-24T14:52:00+00:00\",\"breadcrumb\":{\"@id\":\"https:\\\/\\\/www.predsjednik.hr\\\/en\\\/news\\\/president-milanovic-tours-largest-solar-power-plant-in-republic-of-croatia-on-cres-island\\\/#breadcrumb\"},\"inLanguage\":\"en-US\",\"potentialAction\":[{\"@type\":\"ReadAction\",\"target\":[\"https:\\\/\\\/www.predsjednik.hr\\\/en\\\/news\\\/president-milanovic-tours-largest-solar-power-plant-in-republic-of-croatia-on-cres-island\\\/\"]}]},{\"@type\":\"ImageObject\",\"inLanguage\":\"en-US\",\"@id\":\"https:\\\/\\\/www.predsjednik.hr\\\/en\\\/news\\\/president-milanovic-tours-largest-solar-power-plant-in-republic-of-croatia-on-cres-island\\\/#primaryimage\",\"url\":\"https:\\\/\\\/www.predsjednik.hr\\\/wp-content\\\/uploads\\\/2021\\\/03\\\/DSC_1363.jpg\",\"contentUrl\":\"https:\\\/\\\/www.predsjednik.hr\\\/wp-content\\\/uploads\\\/2021\\\/03\\\/DSC_1363.jpg\",\"width\":5328,\"height\":2997,\"caption\":\"Predsjednik Milanovi\u0107 na Cresu posjetio gradili\u0161te najve\u0107e sun\u010dane elektrane u Republici Hrvatskoj\"},{\"@type\":\"BreadcrumbList\",\"@id\":\"https:\\\/\\\/www.predsjednik.hr\\\/en\\\/news\\\/president-milanovic-tours-largest-solar-power-plant-in-republic-of-croatia-on-cres-island\\\/#breadcrumb\",\"itemListElement\":[{\"@type\":\"ListItem\",\"position\":1,\"name\":\"Home\",\"item\":\"https:\\\/\\\/www.predsjednik.hr\\\/en\\\/\"},{\"@type\":\"ListItem\",\"position\":2,\"name\":\"Vijesti\",\"item\":\"https:\\\/\\\/www.predsjednik.hr\\\/en\\\/news\\\/\"},{\"@type\":\"ListItem\",\"position\":3,\"name\":\"President Milanovi\u0107 Tours Largest Solar Power Plant in Republic of Croatia on Cres Island\"}]},{\"@type\":\"WebSite\",\"@id\":\"https:\\\/\\\/www.predsjednik.hr\\\/en\\\/#website\",\"url\":\"https:\\\/\\\/www.predsjednik.hr\\\/en\\\/\",\"name\":\"President of the Republic of Croatia - Zoran Milanovi\u0107\",\"description\":\"Just another WordPress site\",\"potentialAction\":[{\"@type\":\"SearchAction\",\"target\":{\"@type\":\"EntryPoint\",\"urlTemplate\":\"https:\\\/\\\/www.predsjednik.hr\\\/en\\\/?s={search_term_string}\"},\"query-input\":{\"@type\":\"PropertyValueSpecification\",\"valueRequired\":true,\"valueName\":\"search_term_string\"}}],\"inLanguage\":\"en-US\"}]}<\/script>\n<!-- \/ Yoast SEO plugin. -->","yoast_head_json":{"title":"President Milanovi\u0107 Tours Largest Solar Power Plant in Republic of Croatia on Cres Island - President of the Republic of Croatia - Zoran Milanovi\u0107","robots":{"index":"index","follow":"follow","max-snippet":"max-snippet:-1","max-image-preview":"max-image-preview:large","max-video-preview":"max-video-preview:-1"},"canonical":"https:\/\/www.predsjednik.hr\/en\/news\/president-milanovic-tours-largest-solar-power-plant-in-republic-of-croatia-on-cres-island\/","og_locale":"en_US","og_type":"article","og_title":"President Milanovi\u0107 Tours Largest Solar Power Plant in Republic of Croatia on Cres Island - President of the Republic of Croatia - Zoran Milanovi\u0107","og_description":"\u201cModern renewable energy is what we\u2019ve seen and maybe the most important thing. I can\u2019t insist on that, but I\u2019m trying to encourage it as much as I can. This is an example of good cooperation between HEP, the largest State company, and the local self-government which has a clear idea of what it wants to achieve\u201d, President Milanovi\u0107 told journalists.","og_url":"https:\/\/www.predsjednik.hr\/en\/news\/president-milanovic-tours-largest-solar-power-plant-in-republic-of-croatia-on-cres-island\/","og_site_name":"President of the Republic of Croatia - Zoran Milanovi\u0107","article_modified_time":"2021-03-24T14:52:00+00:00","og_image":[{"width":5328,"height":2997,"url":"https:\/\/www.predsjednik.hr\/wp-content\/uploads\/2021\/03\/DSC_1363.jpg","type":"image\/jpeg"}],"twitter_card":"summary_large_image","twitter_misc":{"Est. reading time":"3 minutes"},"schema":{"@context":"https:\/\/schema.org","@graph":[{"@type":"WebPage","@id":"https:\/\/www.predsjednik.hr\/en\/news\/president-milanovic-tours-largest-solar-power-plant-in-republic-of-croatia-on-cres-island\/","url":"https:\/\/www.predsjednik.hr\/en\/news\/president-milanovic-tours-largest-solar-power-plant-in-republic-of-croatia-on-cres-island\/","name":"President Milanovi\u0107 Tours Largest Solar Power Plant in Republic of Croatia on Cres Island - President of the Republic of Croatia - Zoran Milanovi\u0107","isPartOf":{"@id":"https:\/\/www.predsjednik.hr\/en\/#website"},"primaryImageOfPage":{"@id":"https:\/\/www.predsjednik.hr\/en\/news\/president-milanovic-tours-largest-solar-power-plant-in-republic-of-croatia-on-cres-island\/#primaryimage"},"image":{"@id":"https:\/\/www.predsjednik.hr\/en\/news\/president-milanovic-tours-largest-solar-power-plant-in-republic-of-croatia-on-cres-island\/#primaryimage"},"thumbnailUrl":"https:\/\/www.predsjednik.hr\/wp-content\/uploads\/2021\/03\/DSC_1363.jpg","datePublished":"2021-03-24T14:51:59+00:00","dateModified":"2021-03-24T14:52:00+00:00","breadcrumb":{"@id":"https:\/\/www.predsjednik.hr\/en\/news\/president-milanovic-tours-largest-solar-power-plant-in-republic-of-croatia-on-cres-island\/#breadcrumb"},"inLanguage":"en-US","potentialAction":[{"@type":"ReadAction","target":["https:\/\/www.predsjednik.hr\/en\/news\/president-milanovic-tours-largest-solar-power-plant-in-republic-of-croatia-on-cres-island\/"]}]},{"@type":"ImageObject","inLanguage":"en-US","@id":"https:\/\/www.predsjednik.hr\/en\/news\/president-milanovic-tours-largest-solar-power-plant-in-republic-of-croatia-on-cres-island\/#primaryimage","url":"https:\/\/www.predsjednik.hr\/wp-content\/uploads\/2021\/03\/DSC_1363.jpg","contentUrl":"https:\/\/www.predsjednik.hr\/wp-content\/uploads\/2021\/03\/DSC_1363.jpg","width":5328,"height":2997,"caption":"Predsjednik Milanovi\u0107 na Cresu posjetio gradili\u0161te najve\u0107e sun\u010dane elektrane u Republici Hrvatskoj"},{"@type":"BreadcrumbList","@id":"https:\/\/www.predsjednik.hr\/en\/news\/president-milanovic-tours-largest-solar-power-plant-in-republic-of-croatia-on-cres-island\/#breadcrumb","itemListElement":[{"@type":"ListItem","position":1,"name":"Home","item":"https:\/\/www.predsjednik.hr\/en\/"},{"@type":"ListItem","position":2,"name":"Vijesti","item":"https:\/\/www.predsjednik.hr\/en\/news\/"},{"@type":"ListItem","position":3,"name":"President Milanovi\u0107 Tours Largest Solar Power Plant in Republic of Croatia on Cres Island"}]},{"@type":"WebSite","@id":"https:\/\/www.predsjednik.hr\/en\/#website","url":"https:\/\/www.predsjednik.hr\/en\/","name":"President of the Republic of Croatia - Zoran Milanovi\u0107","description":"Just another WordPress site","potentialAction":[{"@type":"SearchAction","target":{"@type":"EntryPoint","urlTemplate":"https:\/\/www.predsjednik.hr\/en\/?s={search_term_string}"},"query-input":{"@type":"PropertyValueSpecification","valueRequired":true,"valueName":"search_term_string"}}],"inLanguage":"en-US"}]}},"_links":{"self":[{"href":"https:\/\/www.predsjednik.hr\/en\/wp-json\/wp\/v2\/news\/8371","targetHints":{"allow":["GET"]}}],"collection":[{"href":"https:\/\/www.predsjednik.hr\/en\/wp-json\/wp\/v2\/news"}],"about":[{"href":"https:\/\/www.predsjednik.hr\/en\/wp-json\/wp\/v2\/types\/news"}],"wp:featuredmedia":[{"embeddable":true,"href":"https:\/\/www.predsjednik.hr\/en\/wp-json\/wp\/v2\/media\/8344"}],"wp:attachment":[{"href":"https:\/\/www.predsjednik.hr\/en\/wp-json\/wp\/v2\/media?parent=8371"}],"wp:term":[{"taxonomy":"news-cat","embeddable":true,"href":"https:\/\/www.predsjednik.hr\/en\/wp-json\/wp\/v2\/news-cat?post=8371"}],"curies":[{"name":"wp","href":"https:\/\/api.w.org\/{rel}","templated":true}]}}