{"id":8987,"date":"2021-04-30T17:42:00","date_gmt":"2021-04-30T15:42:00","guid":{"rendered":"https:\/\/www.predsjednik.hr\/?post_type=news&#038;p=8987"},"modified":"2021-05-03T09:47:37","modified_gmt":"2021-05-03T07:47:37","slug":"president-republic-on-international-workers-day-i-invite-those-responsible-to-accept-the-advice-of-those-who-know-and-can-create-new-values-and-jobs-for-people","status":"publish","type":"news","link":"https:\/\/www.predsjednik.hr\/en\/news\/president-republic-on-international-workers-day-i-invite-those-responsible-to-accept-the-advice-of-those-who-know-and-can-create-new-values-and-jobs-for-people\/","title":{"rendered":"President Republic on International Workers\u2019 Day: I Invite Those Responsible to Accept the Advice of Those Who Know and Can Create New Values and Jobs for People"},"content":{"rendered":"\n<p>The President of the Republic Zoran Milanovi\u0107 sent the following congratulatory message on the occasion of 1 May International Workers\u2019 Day to all the citizens of the Republic of Croatia:<\/p>\n\n\n\n<p>\u201cThis year again we are celebrating International Workers\u2019 Day in circumstances, which prevent Croatian workers from celebrating that important date in a traditional and appropriate fashion. A much bigger problem is that many people do not have a reason to celebrate because they have either lost their jobs or are not allowed to work and provide for themselves and their families.<\/p>\n\n\n\n<p>For over a year, the main reason for that has been the coronavirus pandemic but also the vague and dubious regulations adopted in order to protect against the coronavirus, which limit the right to work. The state is helping entrepreneurs, which is its obligation in a situation when it is at the same time preventing them from normally conducting business.<\/p>\n\n\n\n<p>The current short-term measures to help the economy are welcome, but their purpose should also have been and should be to protect workers and everyone living from their work, and not profit. Those measures are not sufficient to ensure stable growth in the long term and, which is equally important, to ensure a fair wage for fair work, social security and certainty for workers.<\/p>\n\n\n\n<p>Croatia has the opportunity to ensure all this if it uses the money available to us through the implementation of the National Recovery and Resilience Plan in a smart, transparent and responsible way. I invite all those responsible to make this plan transparent and inclusive, to hear and accept the advice of those who know and who can create new values and jobs for people, and to take into account the real interests of the Croatian economy.<\/p>\n\n\n\n<p>It is the obligation of all of us, as a society, to work harder, smarter and more thoughtfully because the world around us has also changed due to the crisis. Many things today are simply different. The biggest responsibility is on the state, the policy it leads, to recognize the new circumstances and without pretext use the opportunity that can ensure long-term stability in Croatia and a better life for our people.<\/p>\n\n\n\n<p>In the hope that it will be so, I wish all Croatian workers and citizens a happy International Workers&#8217; Day.\u201d<\/p>\n","protected":false},"excerpt":{"rendered":"<p>The President of the Republic Zoran Milanovi\u0107 sent a congratulatory message on the occasion of 1 May International Workers\u2019 Day to all the citizens of the Republic of Croatia.<\/p>\n","protected":false},"featured_media":8955,"template":"","news-cat":[12],"class_list":["post-8987","news","type-news","status-publish","has-post-thumbnail","hentry","news-cat-news"],"acf":[],"yoast_head":"<!-- This site is optimized with the Yoast SEO plugin v27.4 - https:\/\/yoast.com\/product\/yoast-seo-wordpress\/ -->\n<title>President Republic on International Workers\u2019 Day: I Invite Those Responsible to Accept the Advice of Those Who Know and Can Create New Values and Jobs for People - President of the Republic of Croatia - Zoran Milanovi\u0107<\/title>\n<meta name=\"robots\" content=\"index, follow, max-snippet:-1, max-image-preview:large, max-video-preview:-1\" \/>\n<link rel=\"canonical\" href=\"https:\/\/www.predsjednik.hr\/en\/news\/president-republic-on-international-workers-day-i-invite-those-responsible-to-accept-the-advice-of-those-who-know-and-can-create-new-values-and-jobs-for-people\/\" \/>\n<meta property=\"og:locale\" content=\"en_US\" \/>\n<meta property=\"og:type\" content=\"article\" \/>\n<meta property=\"og:title\" content=\"President Republic on International Workers\u2019 Day: I Invite Those Responsible to Accept the Advice of Those Who Know and Can Create New Values and Jobs for People - President of the Republic of Croatia - Zoran Milanovi\u0107\" \/>\n<meta property=\"og:description\" content=\"The President of the Republic Zoran Milanovi\u0107 sent a congratulatory message on the occasion of 1 May International Workers\u2019 Day to all the citizens of the Republic of Croatia.\" \/>\n<meta property=\"og:url\" content=\"https:\/\/www.predsjednik.hr\/en\/news\/president-republic-on-international-workers-day-i-invite-those-responsible-to-accept-the-advice-of-those-who-know-and-can-create-new-values-and-jobs-for-people\/\" \/>\n<meta property=\"og:site_name\" content=\"President of the Republic of Croatia - Zoran Milanovi\u0107\" \/>\n<meta property=\"article:modified_time\" content=\"2021-05-03T07:47:37+00:00\" \/>\n<meta property=\"og:image\" content=\"https:\/\/www.predsjednik.hr\/wp-content\/uploads\/2021\/04\/DSC_7366.jpg\" \/>\n\t<meta property=\"og:image:width\" content=\"4081\" \/>\n\t<meta property=\"og:image:height\" content=\"2915\" \/>\n\t<meta property=\"og:image:type\" content=\"image\/jpeg\" \/>\n<meta name=\"twitter:card\" content=\"summary_large_image\" \/>\n<meta name=\"twitter:label1\" content=\"Est. reading time\" \/>\n\t<meta name=\"twitter:data1\" content=\"2 minutes\" \/>\n<script type=\"application\/ld+json\" class=\"yoast-schema-graph\">{\"@context\":\"https:\\\/\\\/schema.org\",\"@graph\":[{\"@type\":\"WebPage\",\"@id\":\"https:\\\/\\\/www.predsjednik.hr\\\/en\\\/news\\\/president-republic-on-international-workers-day-i-invite-those-responsible-to-accept-the-advice-of-those-who-know-and-can-create-new-values-and-jobs-for-people\\\/\",\"url\":\"https:\\\/\\\/www.predsjednik.hr\\\/en\\\/news\\\/president-republic-on-international-workers-day-i-invite-those-responsible-to-accept-the-advice-of-those-who-know-and-can-create-new-values-and-jobs-for-people\\\/\",\"name\":\"President Republic on International Workers\u2019 Day: I Invite Those Responsible to Accept the Advice of Those Who Know and Can Create New Values and Jobs for People - President of the Republic of Croatia - Zoran Milanovi\u0107\",\"isPartOf\":{\"@id\":\"https:\\\/\\\/www.predsjednik.hr\\\/en\\\/#website\"},\"primaryImageOfPage\":{\"@id\":\"https:\\\/\\\/www.predsjednik.hr\\\/en\\\/news\\\/president-republic-on-international-workers-day-i-invite-those-responsible-to-accept-the-advice-of-those-who-know-and-can-create-new-values-and-jobs-for-people\\\/#primaryimage\"},\"image\":{\"@id\":\"https:\\\/\\\/www.predsjednik.hr\\\/en\\\/news\\\/president-republic-on-international-workers-day-i-invite-those-responsible-to-accept-the-advice-of-those-who-know-and-can-create-new-values-and-jobs-for-people\\\/#primaryimage\"},\"thumbnailUrl\":\"https:\\\/\\\/www.predsjednik.hr\\\/wp-content\\\/uploads\\\/2021\\\/04\\\/DSC_7366.jpg\",\"datePublished\":\"2021-04-30T15:42:00+00:00\",\"dateModified\":\"2021-05-03T07:47:37+00:00\",\"breadcrumb\":{\"@id\":\"https:\\\/\\\/www.predsjednik.hr\\\/en\\\/news\\\/president-republic-on-international-workers-day-i-invite-those-responsible-to-accept-the-advice-of-those-who-know-and-can-create-new-values-and-jobs-for-people\\\/#breadcrumb\"},\"inLanguage\":\"en-US\",\"potentialAction\":[{\"@type\":\"ReadAction\",\"target\":[\"https:\\\/\\\/www.predsjednik.hr\\\/en\\\/news\\\/president-republic-on-international-workers-day-i-invite-those-responsible-to-accept-the-advice-of-those-who-know-and-can-create-new-values-and-jobs-for-people\\\/\"]}]},{\"@type\":\"ImageObject\",\"inLanguage\":\"en-US\",\"@id\":\"https:\\\/\\\/www.predsjednik.hr\\\/en\\\/news\\\/president-republic-on-international-workers-day-i-invite-those-responsible-to-accept-the-advice-of-those-who-know-and-can-create-new-values-and-jobs-for-people\\\/#primaryimage\",\"url\":\"https:\\\/\\\/www.predsjednik.hr\\\/wp-content\\\/uploads\\\/2021\\\/04\\\/DSC_7366.jpg\",\"contentUrl\":\"https:\\\/\\\/www.predsjednik.hr\\\/wp-content\\\/uploads\\\/2021\\\/04\\\/DSC_7366.jpg\",\"width\":4081,\"height\":2915,\"caption\":\"Predsjednik Republike Zoran Milanovi\u0107 uputio je gra\u0111ankama i gra\u0111anima Republike Hrvatske \u010destitku povodom obilje\u017eavanja 1. svibnja, Me\u0111unarodnog praznika rada\"},{\"@type\":\"BreadcrumbList\",\"@id\":\"https:\\\/\\\/www.predsjednik.hr\\\/en\\\/news\\\/president-republic-on-international-workers-day-i-invite-those-responsible-to-accept-the-advice-of-those-who-know-and-can-create-new-values-and-jobs-for-people\\\/#breadcrumb\",\"itemListElement\":[{\"@type\":\"ListItem\",\"position\":1,\"name\":\"Home\",\"item\":\"https:\\\/\\\/www.predsjednik.hr\\\/en\\\/\"},{\"@type\":\"ListItem\",\"position\":2,\"name\":\"Vijesti\",\"item\":\"https:\\\/\\\/www.predsjednik.hr\\\/en\\\/news\\\/\"},{\"@type\":\"ListItem\",\"position\":3,\"name\":\"President Republic on International Workers\u2019 Day: I Invite Those Responsible to Accept the Advice of Those Who Know and Can Create New Values and Jobs for People\"}]},{\"@type\":\"WebSite\",\"@id\":\"https:\\\/\\\/www.predsjednik.hr\\\/en\\\/#website\",\"url\":\"https:\\\/\\\/www.predsjednik.hr\\\/en\\\/\",\"name\":\"President of the Republic of Croatia - Zoran Milanovi\u0107\",\"description\":\"Just another WordPress site\",\"potentialAction\":[{\"@type\":\"SearchAction\",\"target\":{\"@type\":\"EntryPoint\",\"urlTemplate\":\"https:\\\/\\\/www.predsjednik.hr\\\/en\\\/?s={search_term_string}\"},\"query-input\":{\"@type\":\"PropertyValueSpecification\",\"valueRequired\":true,\"valueName\":\"search_term_string\"}}],\"inLanguage\":\"en-US\"}]}<\/script>\n<!-- \/ Yoast SEO plugin. -->","yoast_head_json":{"title":"President Republic on International Workers\u2019 Day: I Invite Those Responsible to Accept the Advice of Those Who Know and Can Create New Values and Jobs for People - President of the Republic of Croatia - Zoran Milanovi\u0107","robots":{"index":"index","follow":"follow","max-snippet":"max-snippet:-1","max-image-preview":"max-image-preview:large","max-video-preview":"max-video-preview:-1"},"canonical":"https:\/\/www.predsjednik.hr\/en\/news\/president-republic-on-international-workers-day-i-invite-those-responsible-to-accept-the-advice-of-those-who-know-and-can-create-new-values-and-jobs-for-people\/","og_locale":"en_US","og_type":"article","og_title":"President Republic on International Workers\u2019 Day: I Invite Those Responsible to Accept the Advice of Those Who Know and Can Create New Values and Jobs for People - President of the Republic of Croatia - Zoran Milanovi\u0107","og_description":"The President of the Republic Zoran Milanovi\u0107 sent a congratulatory message on the occasion of 1 May International Workers\u2019 Day to all the citizens of the Republic of Croatia.","og_url":"https:\/\/www.predsjednik.hr\/en\/news\/president-republic-on-international-workers-day-i-invite-those-responsible-to-accept-the-advice-of-those-who-know-and-can-create-new-values-and-jobs-for-people\/","og_site_name":"President of the Republic of Croatia - Zoran Milanovi\u0107","article_modified_time":"2021-05-03T07:47:37+00:00","og_image":[{"width":4081,"height":2915,"url":"https:\/\/www.predsjednik.hr\/wp-content\/uploads\/2021\/04\/DSC_7366.jpg","type":"image\/jpeg"}],"twitter_card":"summary_large_image","twitter_misc":{"Est. reading time":"2 minutes"},"schema":{"@context":"https:\/\/schema.org","@graph":[{"@type":"WebPage","@id":"https:\/\/www.predsjednik.hr\/en\/news\/president-republic-on-international-workers-day-i-invite-those-responsible-to-accept-the-advice-of-those-who-know-and-can-create-new-values-and-jobs-for-people\/","url":"https:\/\/www.predsjednik.hr\/en\/news\/president-republic-on-international-workers-day-i-invite-those-responsible-to-accept-the-advice-of-those-who-know-and-can-create-new-values-and-jobs-for-people\/","name":"President Republic on International Workers\u2019 Day: I Invite Those Responsible to Accept the Advice of Those Who Know and Can Create New Values and Jobs for People - President of the Republic of Croatia - Zoran Milanovi\u0107","isPartOf":{"@id":"https:\/\/www.predsjednik.hr\/en\/#website"},"primaryImageOfPage":{"@id":"https:\/\/www.predsjednik.hr\/en\/news\/president-republic-on-international-workers-day-i-invite-those-responsible-to-accept-the-advice-of-those-who-know-and-can-create-new-values-and-jobs-for-people\/#primaryimage"},"image":{"@id":"https:\/\/www.predsjednik.hr\/en\/news\/president-republic-on-international-workers-day-i-invite-those-responsible-to-accept-the-advice-of-those-who-know-and-can-create-new-values-and-jobs-for-people\/#primaryimage"},"thumbnailUrl":"https:\/\/www.predsjednik.hr\/wp-content\/uploads\/2021\/04\/DSC_7366.jpg","datePublished":"2021-04-30T15:42:00+00:00","dateModified":"2021-05-03T07:47:37+00:00","breadcrumb":{"@id":"https:\/\/www.predsjednik.hr\/en\/news\/president-republic-on-international-workers-day-i-invite-those-responsible-to-accept-the-advice-of-those-who-know-and-can-create-new-values-and-jobs-for-people\/#breadcrumb"},"inLanguage":"en-US","potentialAction":[{"@type":"ReadAction","target":["https:\/\/www.predsjednik.hr\/en\/news\/president-republic-on-international-workers-day-i-invite-those-responsible-to-accept-the-advice-of-those-who-know-and-can-create-new-values-and-jobs-for-people\/"]}]},{"@type":"ImageObject","inLanguage":"en-US","@id":"https:\/\/www.predsjednik.hr\/en\/news\/president-republic-on-international-workers-day-i-invite-those-responsible-to-accept-the-advice-of-those-who-know-and-can-create-new-values-and-jobs-for-people\/#primaryimage","url":"https:\/\/www.predsjednik.hr\/wp-content\/uploads\/2021\/04\/DSC_7366.jpg","contentUrl":"https:\/\/www.predsjednik.hr\/wp-content\/uploads\/2021\/04\/DSC_7366.jpg","width":4081,"height":2915,"caption":"Predsjednik Republike Zoran Milanovi\u0107 uputio je gra\u0111ankama i gra\u0111anima Republike Hrvatske \u010destitku povodom obilje\u017eavanja 1. svibnja, Me\u0111unarodnog praznika rada"},{"@type":"BreadcrumbList","@id":"https:\/\/www.predsjednik.hr\/en\/news\/president-republic-on-international-workers-day-i-invite-those-responsible-to-accept-the-advice-of-those-who-know-and-can-create-new-values-and-jobs-for-people\/#breadcrumb","itemListElement":[{"@type":"ListItem","position":1,"name":"Home","item":"https:\/\/www.predsjednik.hr\/en\/"},{"@type":"ListItem","position":2,"name":"Vijesti","item":"https:\/\/www.predsjednik.hr\/en\/news\/"},{"@type":"ListItem","position":3,"name":"President Republic on International Workers\u2019 Day: I Invite Those Responsible to Accept the Advice of Those Who Know and Can Create New Values and Jobs for People"}]},{"@type":"WebSite","@id":"https:\/\/www.predsjednik.hr\/en\/#website","url":"https:\/\/www.predsjednik.hr\/en\/","name":"President of the Republic of Croatia - Zoran Milanovi\u0107","description":"Just another WordPress site","potentialAction":[{"@type":"SearchAction","target":{"@type":"EntryPoint","urlTemplate":"https:\/\/www.predsjednik.hr\/en\/?s={search_term_string}"},"query-input":{"@type":"PropertyValueSpecification","valueRequired":true,"valueName":"search_term_string"}}],"inLanguage":"en-US"}]}},"_links":{"self":[{"href":"https:\/\/www.predsjednik.hr\/en\/wp-json\/wp\/v2\/news\/8987","targetHints":{"allow":["GET"]}}],"collection":[{"href":"https:\/\/www.predsjednik.hr\/en\/wp-json\/wp\/v2\/news"}],"about":[{"href":"https:\/\/www.predsjednik.hr\/en\/wp-json\/wp\/v2\/types\/news"}],"wp:featuredmedia":[{"embeddable":true,"href":"https:\/\/www.predsjednik.hr\/en\/wp-json\/wp\/v2\/media\/8955"}],"wp:attachment":[{"href":"https:\/\/www.predsjednik.hr\/en\/wp-json\/wp\/v2\/media?parent=8987"}],"wp:term":[{"taxonomy":"news-cat","embeddable":true,"href":"https:\/\/www.predsjednik.hr\/en\/wp-json\/wp\/v2\/news-cat?post=8987"}],"curies":[{"name":"wp","href":"https:\/\/api.w.org\/{rel}","templated":true}]}}